{"id":10110,"date":"2024-01-10T11:24:05","date_gmt":"2024-01-10T10:24:05","guid":{"rendered":"https:\/\/oikon.hr\/changes-in-the-scientific-management-of-oikon\/"},"modified":"2024-01-10T14:07:53","modified_gmt":"2024-01-10T13:07:53","slug":"promjene-u-znanstvenom-vodstvu-oikona","status":"publish","type":"post","link":"https:\/\/oikon.hr\/hr\/promjene-u-znanstvenom-vodstvu-oikona\/","title":{"rendered":"Promjene u znanstvenom vodstvu Oikona"},"content":{"rendered":"\n<p>10. sije\u010dnja 2024. \u2013 S velikim zadovoljstvom objavljujemo da smo u novu godinu u\u0161li s novim vode\u0107im ljudima na\u0161eg Instituta za primijenjenu ekologiju.<\/p>\n\n\n\n<p><strong>Novi ravnatelj<\/strong><\/p>\n\n\n\n<p><strong>Dr. sc. Vladimir Ku\u0161an<\/strong>, ili kako ga svi zovemo \u2013 Prof, vode\u0107i je Oikonov stru\u010dnjak u podru\u010dju upravljanja prirodnim resursima, voditelj i mentor generacijama stru\u010dnjaka, sada je svoje du\u017enosti i odgovornosti predao mla\u0111im snagama koje je godinama pripremao za preuzimanje ove zahtjevne du\u017enosti.<\/p>\n\n\n\n<p>Ravnateljstvo Instituta Oikon od njega preuzima <strong>dr. sc. Ivan Tomljenovi\u0107<\/strong>, jedan od vode\u0107ih stru\u010dnjaka za daljinska istra\u017eivanja i promatranje Zemlje s iskustvom u vo\u0111enju projekata, studijskih programa i laboratorija. Dr. Tomljenovi\u0107 svoje je zvanje stekao na Sveu\u010dili\u0161tu u Salzburgu.<\/p>\n\n\n\n<p>Prof. Ku\u0161an svoj \u0107e doprinos nastaviti kao savjetnik u Zavodu za upravljanje prirodnim resursima, kojeg je i uspostavio.<\/p>\n\n\n\n<figure class=\"wp-block-image size-wordpress-medium-gallery\"><img loading=\"lazy\" decoding=\"async\" width=\"500\" height=\"250\" src=\"https:\/\/oikon.hr\/cms\/wp-content\/uploads\/2024\/01\/Prof-i-Tomljenovic-1-500x250.jpg\" alt=\"\" class=\"wp-image-10100\" srcset=\"https:\/\/oikon.hr\/cms\/wp-content\/uploads\/2024\/01\/Prof-i-Tomljenovic-1-500x250.jpg 500w, https:\/\/oikon.hr\/cms\/wp-content\/uploads\/2024\/01\/Prof-i-Tomljenovic-1-2000x1000.jpg 2000w\" sizes=\"auto, (max-width: 500px) 100vw, 500px\" \/><\/figure>\n\n\n\n<p><strong>Novi voditelj Znanstvenog vije\u0107a<\/strong><\/p>\n\n\n\n<p>Mjesto voditelja Znanstvenog vije\u0107a Oikona od <strong>prof. Tarzana Legovi\u0107a<\/strong> preuzima <strong>dr. sc. Ivan Teki\u0107<\/strong>, geograf s iskustvom u prou\u010davanju promjena pokrova zemlji\u0161ta, daljinskih istra\u017eivanja i povijesti okoli\u0161a, koji je svoje zvanje i iskustvo stekao na Sveu\u010dili\u0161tu u Nottinghamu. U Oikonu je zaposlen od 2020. godine kao stru\u010dni i znanstveni suradnik u Zavodu za upravljanje prirodnim resursima gdje svoje ste\u010deno iskustvo zaokru\u017euje uspje\u0161nim vo\u0111enjem projekata vezanih uz daljinska istra\u017eivanja.<\/p>\n\n\n\n<p>Prof. Legovi\u0107 u Oikonu nastavlja svoj rad kao voditelj Oikonovog Laboratorija za znanost o podacima.<\/p>\n\n\n\n<p><strong>Nova voditeljica Laboratorija za daljinska istra\u017eivanja i GIS<\/strong><\/p>\n\n\n\n<p>Prelaskom Tomljenovi\u0107a na mjesto ravnatelja Instituta, mjesto voditelja Laboratorija za daljinska istra\u017eivanja i GIS preuzima <strong>Ivona \u017di\u017ea<\/strong>, dosada\u0161nja zamjenica voditelja.<\/p>\n\n\n\n<p>Ivona \u017di\u017ea<strong> <\/strong>magistrica je agronomije i doktorandica Sveu\u010dili\u0161ta u Zagrebu, zaposlena u Oikonovom Zavodu za upravljanje prirodnim resursima na poslovima vo\u0111enja projekata specifi\u010dnih za daljinska istra\u017eivanja, obrade i analize satelitskih snimaka, a vezanima za tlo i poljoprivredu. Osim toga, Ivona raspola\u017ee znanjem i iskustvom u vo\u0111enju projekata iz podru\u010dja GIS-a i analiza prostornih podataka.<\/p>\n\n\n\n<p>\u201d<em>Ovim promjenama u vo\u0111enju Instituta omogu\u0107ujemo novim voditeljima da iska\u017eu i realiziraju svoje vi\u0111enje i ideje o daljnjem razvoju znanstveno-istra\u017eiva\u010dkog rada, ali i primjene znanstvene metodologije u koncipiranju i provedbi projekata na kojima radimo i koje planiramo raditi, \u010dime nedvojbeno ostajemo posve\u0107eni pobolj\u0161anju opsega i kvalitete istra\u017eivanja, savjetovanja i odr\u017eivih praksi pod vodstvom iskusnog i vizionarskog tima,\u201d <\/em>pojasnio je <strong>Dalibor Hati\u0107<\/strong>, direktor Oikona.<\/p>\n\n\n\n<figure class=\"wp-block-image size-large\"><img loading=\"lazy\" decoding=\"async\" width=\"1024\" height=\"576\" src=\"https:\/\/oikon.hr\/cms\/wp-content\/uploads\/2024\/01\/Tekic_Ziza_Tomljenovic-1-1024x576.jpg\" alt=\"\" class=\"wp-image-10105\" srcset=\"https:\/\/oikon.hr\/cms\/wp-content\/uploads\/2024\/01\/Tekic_Ziza_Tomljenovic-1-1024x576.jpg 1024w, https:\/\/oikon.hr\/cms\/wp-content\/uploads\/2024\/01\/Tekic_Ziza_Tomljenovic-1-300x169.jpg 300w, https:\/\/oikon.hr\/cms\/wp-content\/uploads\/2024\/01\/Tekic_Ziza_Tomljenovic-1-150x84.jpg 150w, https:\/\/oikon.hr\/cms\/wp-content\/uploads\/2024\/01\/Tekic_Ziza_Tomljenovic-1-768x432.jpg 768w, https:\/\/oikon.hr\/cms\/wp-content\/uploads\/2024\/01\/Tekic_Ziza_Tomljenovic-1-1536x864.jpg 1536w, https:\/\/oikon.hr\/cms\/wp-content\/uploads\/2024\/01\/Tekic_Ziza_Tomljenovic-1.jpg 2000w\" sizes=\"auto, (max-width: 1024px) 100vw, 1024px\" \/><\/figure>\n","protected":false},"excerpt":{"rendered":"<p>10. sije\u010dnja 2024. \u2013 S velikim zadovoljstvom objavljujemo da smo u novu godinu u\u0161li s novim vode\u0107im ljudima na\u0161eg Instituta za primijenjenu ekologiju. Novi ravnatelj Dr. sc. Vladimir Ku\u0161an, ili kako ga svi zovemo \u2013 Prof, vode\u0107i je Oikonov stru\u010dnjak u podru\u010dju upravljanja prirodnim resursima, voditelj i mentor generacijama stru\u010dnjaka, sada je svoje du\u017enosti i &hellip; <a href=\"https:\/\/oikon.hr\/hr\/promjene-u-znanstvenom-vodstvu-oikona\/\">Saznajte vi\u0161e<\/a><\/p>\n","protected":false},"author":2,"featured_media":10106,"comment_status":"open","ping_status":"open","sticky":false,"template":"","format":"standard","meta":{"_acf_changed":false,"footnotes":""},"categories":[798],"tags":[2293,831,903,835,2298,2294,2295,2296,2297],"class_list":["post-10110","post","type-post","status-publish","format-standard","has-post-thumbnail","hentry","category-vijesti","tag-head-of-the-oikon-institute-hr","tag-institute-hr","tag-laboratorij-za-daljinska-istrazivanja","tag-oikon-hr","tag-ravnatelj-instituta","tag-remte-sensing-and-gis-hr","tag-scientific-committee-hr","tag-scientific-management-hr","tag-znanstveni-odbor"],"acf":[],"yoast_head":"<!-- This site is optimized with the Yoast SEO plugin v27.0 - https:\/\/yoast.com\/product\/yoast-seo-wordpress\/ -->\n<title>Promjene u znanstvenom vodstvu Oikona &#8211; Oikon d.o.o.<\/title>\n<meta name=\"description\" content=\"10. sije\u010dnja 2024. \u2013 S velikim zadovoljstvom objavljujemo da smo u novu godinu u\u0161li s novim vode\u0107im ljudima na\u0161eg Instituta za primijenjenu ekologiju.\" \/>\n<meta name=\"robots\" content=\"index, follow, max-snippet:-1, max-image-preview:large, max-video-preview:-1\" \/>\n<link rel=\"canonical\" href=\"https:\/\/oikon.hr\/hr\/promjene-u-znanstvenom-vodstvu-oikona\/\" \/>\n<meta property=\"og:locale\" content=\"hr_HR\" \/>\n<meta property=\"og:type\" content=\"article\" \/>\n<meta property=\"og:title\" content=\"Promjene u znanstvenom vodstvu Oikona &#8211; Oikon d.o.o.\" \/>\n<meta property=\"og:description\" content=\"10. sije\u010dnja 2024. \u2013 S velikim zadovoljstvom objavljujemo da smo u novu godinu u\u0161li s novim vode\u0107im ljudima na\u0161eg Instituta za primijenjenu ekologiju.\" \/>\n<meta property=\"og:url\" content=\"https:\/\/oikon.hr\/hr\/promjene-u-znanstvenom-vodstvu-oikona\/\" \/>\n<meta property=\"og:site_name\" content=\"Oikon d.o.o.\" \/>\n<meta property=\"article:publisher\" content=\"http:\/\/www.facebook.com\/OikonLtd\/\" \/>\n<meta property=\"article:published_time\" content=\"2024-01-10T10:24:05+00:00\" \/>\n<meta property=\"article:modified_time\" content=\"2024-01-10T13:07:53+00:00\" \/>\n<meta property=\"og:image\" content=\"https:\/\/oikon.hr\/cms\/wp-content\/uploads\/2024\/01\/Tekic_Ziza_Tomljenovic-1.jpg\" \/>\n\t<meta property=\"og:image:width\" content=\"2000\" \/>\n\t<meta property=\"og:image:height\" content=\"1125\" \/>\n\t<meta property=\"og:image:type\" content=\"image\/jpeg\" \/>\n<meta name=\"author\" content=\"oikonadministracija\" \/>\n<meta name=\"twitter:card\" content=\"summary_large_image\" \/>\n<meta name=\"twitter:creator\" content=\"@OikonLtd\" \/>\n<meta name=\"twitter:site\" content=\"@OikonLtd\" \/>\n<meta name=\"twitter:label1\" content=\"Written by\" \/>\n\t<meta name=\"twitter:data1\" content=\"oikonadministracija\" \/>\n\t<meta name=\"twitter:label2\" content=\"Est. reading time\" \/>\n\t<meta name=\"twitter:data2\" content=\"2 minutes\" \/>\n<script type=\"application\/ld+json\" class=\"yoast-schema-graph\">{\"@context\":\"https:\/\/schema.org\",\"@graph\":[{\"@type\":\"Article\",\"@id\":\"https:\/\/oikon.hr\/hr\/promjene-u-znanstvenom-vodstvu-oikona\/#article\",\"isPartOf\":{\"@id\":\"https:\/\/oikon.hr\/hr\/promjene-u-znanstvenom-vodstvu-oikona\/\"},\"author\":{\"name\":\"oikonadministracija\",\"@id\":\"https:\/\/oikon.hr\/#\/schema\/person\/4fb14a46c1071083d5de459c14a82f7c\"},\"headline\":\"Promjene u znanstvenom vodstvu Oikona\",\"datePublished\":\"2024-01-10T10:24:05+00:00\",\"dateModified\":\"2024-01-10T13:07:53+00:00\",\"mainEntityOfPage\":{\"@id\":\"https:\/\/oikon.hr\/hr\/promjene-u-znanstvenom-vodstvu-oikona\/\"},\"wordCount\":415,\"commentCount\":0,\"publisher\":{\"@id\":\"https:\/\/oikon.hr\/#organization\"},\"image\":{\"@id\":\"https:\/\/oikon.hr\/hr\/promjene-u-znanstvenom-vodstvu-oikona\/#primaryimage\"},\"thumbnailUrl\":\"https:\/\/oikon.hr\/cms\/wp-content\/uploads\/2024\/01\/Tekic_Ziza_Tomljenovic-1.jpg\",\"keywords\":[\"head of the Oikon Institute\",\"institute\",\"Laboratorij za daljinska istra\u017eivanja\",\"oikon\",\"ravnatelj instituta\",\"Remte Sensing and GIS\",\"Scientific Committee\",\"scientific management\",\"znanstveni odbor\"],\"articleSection\":[\"VIJESTI\"],\"inLanguage\":\"hr-HR\",\"potentialAction\":[{\"@type\":\"CommentAction\",\"name\":\"Comment\",\"target\":[\"https:\/\/oikon.hr\/hr\/promjene-u-znanstvenom-vodstvu-oikona\/#respond\"]}]},{\"@type\":\"WebPage\",\"@id\":\"https:\/\/oikon.hr\/hr\/promjene-u-znanstvenom-vodstvu-oikona\/\",\"url\":\"https:\/\/oikon.hr\/hr\/promjene-u-znanstvenom-vodstvu-oikona\/\",\"name\":\"Promjene u znanstvenom vodstvu Oikona &#8211; Oikon d.o.o.\",\"isPartOf\":{\"@id\":\"https:\/\/oikon.hr\/#website\"},\"primaryImageOfPage\":{\"@id\":\"https:\/\/oikon.hr\/hr\/promjene-u-znanstvenom-vodstvu-oikona\/#primaryimage\"},\"image\":{\"@id\":\"https:\/\/oikon.hr\/hr\/promjene-u-znanstvenom-vodstvu-oikona\/#primaryimage\"},\"thumbnailUrl\":\"https:\/\/oikon.hr\/cms\/wp-content\/uploads\/2024\/01\/Tekic_Ziza_Tomljenovic-1.jpg\",\"datePublished\":\"2024-01-10T10:24:05+00:00\",\"dateModified\":\"2024-01-10T13:07:53+00:00\",\"description\":\"10. sije\u010dnja 2024. \u2013 S velikim zadovoljstvom objavljujemo da smo u novu godinu u\u0161li s novim vode\u0107im ljudima na\u0161eg Instituta za primijenjenu ekologiju.\",\"breadcrumb\":{\"@id\":\"https:\/\/oikon.hr\/hr\/promjene-u-znanstvenom-vodstvu-oikona\/#breadcrumb\"},\"inLanguage\":\"hr-HR\",\"potentialAction\":[{\"@type\":\"ReadAction\",\"target\":[\"https:\/\/oikon.hr\/hr\/promjene-u-znanstvenom-vodstvu-oikona\/\"]}]},{\"@type\":\"ImageObject\",\"inLanguage\":\"hr-HR\",\"@id\":\"https:\/\/oikon.hr\/hr\/promjene-u-znanstvenom-vodstvu-oikona\/#primaryimage\",\"url\":\"https:\/\/oikon.hr\/cms\/wp-content\/uploads\/2024\/01\/Tekic_Ziza_Tomljenovic-1.jpg\",\"contentUrl\":\"https:\/\/oikon.hr\/cms\/wp-content\/uploads\/2024\/01\/Tekic_Ziza_Tomljenovic-1.jpg\",\"width\":2000,\"height\":1125},{\"@type\":\"BreadcrumbList\",\"@id\":\"https:\/\/oikon.hr\/hr\/promjene-u-znanstvenom-vodstvu-oikona\/#breadcrumb\",\"itemListElement\":[{\"@type\":\"ListItem\",\"position\":1,\"name\":\"\",\"item\":\"https:\/\/oikon.hr\/hr\/\"},{\"@type\":\"ListItem\",\"position\":2,\"name\":\"VIJESTI\",\"item\":\"https:\/\/oikon.hr\/hr\/topic\/vijesti\/\"},{\"@type\":\"ListItem\",\"position\":3,\"name\":\"Promjene u znanstvenom vodstvu Oikona\"}]},{\"@type\":\"WebSite\",\"@id\":\"https:\/\/oikon.hr\/#website\",\"url\":\"https:\/\/oikon.hr\/\",\"name\":\"Oikon d.o.o.\",\"description\":\"Institut za primijenjenu ekologiju\",\"publisher\":{\"@id\":\"https:\/\/oikon.hr\/#organization\"},\"alternateName\":\"OIKON\",\"potentialAction\":[{\"@type\":\"SearchAction\",\"target\":{\"@type\":\"EntryPoint\",\"urlTemplate\":\"https:\/\/oikon.hr\/?s={search_term_string}\"},\"query-input\":{\"@type\":\"PropertyValueSpecification\",\"valueRequired\":true,\"valueName\":\"search_term_string\"}}],\"inLanguage\":\"hr-HR\"},{\"@type\":\"Organization\",\"@id\":\"https:\/\/oikon.hr\/#organization\",\"name\":\"Oikon d.o.o. - Institut za primijenjenu ekologiju\",\"alternateName\":\"OIKON\",\"url\":\"https:\/\/oikon.hr\/\",\"logo\":{\"@type\":\"ImageObject\",\"inLanguage\":\"hr-HR\",\"@id\":\"https:\/\/oikon.hr\/#\/schema\/logo\/image\/\",\"url\":\"https:\/\/oikon.hr\/cms\/wp-content\/uploads\/2021\/01\/OIKON_R_logo_transparent.png\",\"contentUrl\":\"https:\/\/oikon.hr\/cms\/wp-content\/uploads\/2021\/01\/OIKON_R_logo_transparent.png\",\"width\":1660,\"height\":541,\"caption\":\"Oikon d.o.o. - Institut za primijenjenu ekologiju\"},\"image\":{\"@id\":\"https:\/\/oikon.hr\/#\/schema\/logo\/image\/\"},\"sameAs\":[\"http:\/\/www.facebook.com\/OikonLtd\/\",\"https:\/\/x.com\/OikonLtd\",\"https:\/\/www.instagram.com\/oikon_ltd\/\",\"https:\/\/www.linkedin.com\/company\/oikon---institute-for-applied-technology\/\",\"https:\/\/www.youtube.com\/channel\/UCu_eJ0ct90AEN8D85KWcRHQ\"]},{\"@type\":\"Person\",\"@id\":\"https:\/\/oikon.hr\/#\/schema\/person\/4fb14a46c1071083d5de459c14a82f7c\",\"name\":\"oikonadministracija\",\"image\":{\"@type\":\"ImageObject\",\"inLanguage\":\"hr-HR\",\"@id\":\"https:\/\/oikon.hr\/#\/schema\/person\/image\/\",\"url\":\"https:\/\/secure.gravatar.com\/avatar\/e247aba33e5428fc6a24bbca24b92af36ceafa9a824508df7d1d40391c5f0748?s=96&d=mm&r=g\",\"contentUrl\":\"https:\/\/secure.gravatar.com\/avatar\/e247aba33e5428fc6a24bbca24b92af36ceafa9a824508df7d1d40391c5f0748?s=96&d=mm&r=g\",\"caption\":\"oikonadministracija\"},\"url\":\"https:\/\/oikon.hr\/hr\/author\/oikonadministracija\/\"}]}<\/script>\n<!-- \/ Yoast SEO plugin. -->","yoast_head_json":{"title":"Promjene u znanstvenom vodstvu Oikona &#8211; Oikon d.o.o.","description":"10. sije\u010dnja 2024. \u2013 S velikim zadovoljstvom objavljujemo da smo u novu godinu u\u0161li s novim vode\u0107im ljudima na\u0161eg Instituta za primijenjenu ekologiju.","robots":{"index":"index","follow":"follow","max-snippet":"max-snippet:-1","max-image-preview":"max-image-preview:large","max-video-preview":"max-video-preview:-1"},"canonical":"https:\/\/oikon.hr\/hr\/promjene-u-znanstvenom-vodstvu-oikona\/","og_locale":"hr_HR","og_type":"article","og_title":"Promjene u znanstvenom vodstvu Oikona &#8211; Oikon d.o.o.","og_description":"10. sije\u010dnja 2024. \u2013 S velikim zadovoljstvom objavljujemo da smo u novu godinu u\u0161li s novim vode\u0107im ljudima na\u0161eg Instituta za primijenjenu ekologiju.","og_url":"https:\/\/oikon.hr\/hr\/promjene-u-znanstvenom-vodstvu-oikona\/","og_site_name":"Oikon d.o.o.","article_publisher":"http:\/\/www.facebook.com\/OikonLtd\/","article_published_time":"2024-01-10T10:24:05+00:00","article_modified_time":"2024-01-10T13:07:53+00:00","og_image":[{"width":2000,"height":1125,"url":"https:\/\/oikon.hr\/cms\/wp-content\/uploads\/2024\/01\/Tekic_Ziza_Tomljenovic-1.jpg","type":"image\/jpeg"}],"author":"oikonadministracija","twitter_card":"summary_large_image","twitter_creator":"@OikonLtd","twitter_site":"@OikonLtd","twitter_misc":{"Written by":"oikonadministracija","Est. reading time":"2 minutes"},"schema":{"@context":"https:\/\/schema.org","@graph":[{"@type":"Article","@id":"https:\/\/oikon.hr\/hr\/promjene-u-znanstvenom-vodstvu-oikona\/#article","isPartOf":{"@id":"https:\/\/oikon.hr\/hr\/promjene-u-znanstvenom-vodstvu-oikona\/"},"author":{"name":"oikonadministracija","@id":"https:\/\/oikon.hr\/#\/schema\/person\/4fb14a46c1071083d5de459c14a82f7c"},"headline":"Promjene u znanstvenom vodstvu Oikona","datePublished":"2024-01-10T10:24:05+00:00","dateModified":"2024-01-10T13:07:53+00:00","mainEntityOfPage":{"@id":"https:\/\/oikon.hr\/hr\/promjene-u-znanstvenom-vodstvu-oikona\/"},"wordCount":415,"commentCount":0,"publisher":{"@id":"https:\/\/oikon.hr\/#organization"},"image":{"@id":"https:\/\/oikon.hr\/hr\/promjene-u-znanstvenom-vodstvu-oikona\/#primaryimage"},"thumbnailUrl":"https:\/\/oikon.hr\/cms\/wp-content\/uploads\/2024\/01\/Tekic_Ziza_Tomljenovic-1.jpg","keywords":["head of the Oikon Institute","institute","Laboratorij za daljinska istra\u017eivanja","oikon","ravnatelj instituta","Remte Sensing and GIS","Scientific Committee","scientific management","znanstveni odbor"],"articleSection":["VIJESTI"],"inLanguage":"hr-HR","potentialAction":[{"@type":"CommentAction","name":"Comment","target":["https:\/\/oikon.hr\/hr\/promjene-u-znanstvenom-vodstvu-oikona\/#respond"]}]},{"@type":"WebPage","@id":"https:\/\/oikon.hr\/hr\/promjene-u-znanstvenom-vodstvu-oikona\/","url":"https:\/\/oikon.hr\/hr\/promjene-u-znanstvenom-vodstvu-oikona\/","name":"Promjene u znanstvenom vodstvu Oikona &#8211; Oikon d.o.o.","isPartOf":{"@id":"https:\/\/oikon.hr\/#website"},"primaryImageOfPage":{"@id":"https:\/\/oikon.hr\/hr\/promjene-u-znanstvenom-vodstvu-oikona\/#primaryimage"},"image":{"@id":"https:\/\/oikon.hr\/hr\/promjene-u-znanstvenom-vodstvu-oikona\/#primaryimage"},"thumbnailUrl":"https:\/\/oikon.hr\/cms\/wp-content\/uploads\/2024\/01\/Tekic_Ziza_Tomljenovic-1.jpg","datePublished":"2024-01-10T10:24:05+00:00","dateModified":"2024-01-10T13:07:53+00:00","description":"10. sije\u010dnja 2024. \u2013 S velikim zadovoljstvom objavljujemo da smo u novu godinu u\u0161li s novim vode\u0107im ljudima na\u0161eg Instituta za primijenjenu ekologiju.","breadcrumb":{"@id":"https:\/\/oikon.hr\/hr\/promjene-u-znanstvenom-vodstvu-oikona\/#breadcrumb"},"inLanguage":"hr-HR","potentialAction":[{"@type":"ReadAction","target":["https:\/\/oikon.hr\/hr\/promjene-u-znanstvenom-vodstvu-oikona\/"]}]},{"@type":"ImageObject","inLanguage":"hr-HR","@id":"https:\/\/oikon.hr\/hr\/promjene-u-znanstvenom-vodstvu-oikona\/#primaryimage","url":"https:\/\/oikon.hr\/cms\/wp-content\/uploads\/2024\/01\/Tekic_Ziza_Tomljenovic-1.jpg","contentUrl":"https:\/\/oikon.hr\/cms\/wp-content\/uploads\/2024\/01\/Tekic_Ziza_Tomljenovic-1.jpg","width":2000,"height":1125},{"@type":"BreadcrumbList","@id":"https:\/\/oikon.hr\/hr\/promjene-u-znanstvenom-vodstvu-oikona\/#breadcrumb","itemListElement":[{"@type":"ListItem","position":1,"name":"","item":"https:\/\/oikon.hr\/hr\/"},{"@type":"ListItem","position":2,"name":"VIJESTI","item":"https:\/\/oikon.hr\/hr\/topic\/vijesti\/"},{"@type":"ListItem","position":3,"name":"Promjene u znanstvenom vodstvu Oikona"}]},{"@type":"WebSite","@id":"https:\/\/oikon.hr\/#website","url":"https:\/\/oikon.hr\/","name":"Oikon d.o.o.","description":"Institut za primijenjenu ekologiju","publisher":{"@id":"https:\/\/oikon.hr\/#organization"},"alternateName":"OIKON","potentialAction":[{"@type":"SearchAction","target":{"@type":"EntryPoint","urlTemplate":"https:\/\/oikon.hr\/?s={search_term_string}"},"query-input":{"@type":"PropertyValueSpecification","valueRequired":true,"valueName":"search_term_string"}}],"inLanguage":"hr-HR"},{"@type":"Organization","@id":"https:\/\/oikon.hr\/#organization","name":"Oikon d.o.o. - Institut za primijenjenu ekologiju","alternateName":"OIKON","url":"https:\/\/oikon.hr\/","logo":{"@type":"ImageObject","inLanguage":"hr-HR","@id":"https:\/\/oikon.hr\/#\/schema\/logo\/image\/","url":"https:\/\/oikon.hr\/cms\/wp-content\/uploads\/2021\/01\/OIKON_R_logo_transparent.png","contentUrl":"https:\/\/oikon.hr\/cms\/wp-content\/uploads\/2021\/01\/OIKON_R_logo_transparent.png","width":1660,"height":541,"caption":"Oikon d.o.o. - Institut za primijenjenu ekologiju"},"image":{"@id":"https:\/\/oikon.hr\/#\/schema\/logo\/image\/"},"sameAs":["http:\/\/www.facebook.com\/OikonLtd\/","https:\/\/x.com\/OikonLtd","https:\/\/www.instagram.com\/oikon_ltd\/","https:\/\/www.linkedin.com\/company\/oikon---institute-for-applied-technology\/","https:\/\/www.youtube.com\/channel\/UCu_eJ0ct90AEN8D85KWcRHQ"]},{"@type":"Person","@id":"https:\/\/oikon.hr\/#\/schema\/person\/4fb14a46c1071083d5de459c14a82f7c","name":"oikonadministracija","image":{"@type":"ImageObject","inLanguage":"hr-HR","@id":"https:\/\/oikon.hr\/#\/schema\/person\/image\/","url":"https:\/\/secure.gravatar.com\/avatar\/e247aba33e5428fc6a24bbca24b92af36ceafa9a824508df7d1d40391c5f0748?s=96&d=mm&r=g","contentUrl":"https:\/\/secure.gravatar.com\/avatar\/e247aba33e5428fc6a24bbca24b92af36ceafa9a824508df7d1d40391c5f0748?s=96&d=mm&r=g","caption":"oikonadministracija"},"url":"https:\/\/oikon.hr\/hr\/author\/oikonadministracija\/"}]}},"_links":{"self":[{"href":"https:\/\/oikon.hr\/hr\/wp-json\/wp\/v2\/posts\/10110","targetHints":{"allow":["GET"]}}],"collection":[{"href":"https:\/\/oikon.hr\/hr\/wp-json\/wp\/v2\/posts"}],"about":[{"href":"https:\/\/oikon.hr\/hr\/wp-json\/wp\/v2\/types\/post"}],"author":[{"embeddable":true,"href":"https:\/\/oikon.hr\/hr\/wp-json\/wp\/v2\/users\/2"}],"replies":[{"embeddable":true,"href":"https:\/\/oikon.hr\/hr\/wp-json\/wp\/v2\/comments?post=10110"}],"version-history":[{"count":10,"href":"https:\/\/oikon.hr\/hr\/wp-json\/wp\/v2\/posts\/10110\/revisions"}],"predecessor-version":[{"id":10128,"href":"https:\/\/oikon.hr\/hr\/wp-json\/wp\/v2\/posts\/10110\/revisions\/10128"}],"wp:featuredmedia":[{"embeddable":true,"href":"https:\/\/oikon.hr\/hr\/wp-json\/wp\/v2\/media\/10106"}],"wp:attachment":[{"href":"https:\/\/oikon.hr\/hr\/wp-json\/wp\/v2\/media?parent=10110"}],"wp:term":[{"taxonomy":"category","embeddable":true,"href":"https:\/\/oikon.hr\/hr\/wp-json\/wp\/v2\/categories?post=10110"},{"taxonomy":"post_tag","embeddable":true,"href":"https:\/\/oikon.hr\/hr\/wp-json\/wp\/v2\/tags?post=10110"}],"curies":[{"name":"wp","href":"https:\/\/api.w.org\/{rel}","templated":true}]}}