{"id":10239,"date":"2024-01-11T14:23:55","date_gmt":"2024-01-11T13:23:55","guid":{"rendered":"https:\/\/oikon.hr\/changes-in-the-organizational-structure-of-oikon-and-stronger-focus-on-sustainability\/"},"modified":"2024-01-11T16:11:03","modified_gmt":"2024-01-11T15:11:03","slug":"promjene-u-organizacijskoj-strukturi-oikona-i-jaci-fokus-na-odrzivost","status":"publish","type":"post","link":"https:\/\/oikon.hr\/hr\/promjene-u-organizacijskoj-strukturi-oikona-i-jaci-fokus-na-odrzivost\/","title":{"rendered":"Promjene u organizacijskoj strukturi Oikona i ja\u010di fokus na odr\u017eivost"},"content":{"rendered":"\n<p>11. sije\u010dnja 2024. \u2013 Nova godina donijela je niz promjena u Oikonu. Uz novo znanstveno vodstvo, uveli smo nekoliko promjena u organizacijskoj strukturi tvrtke, ja\u010daju\u0107i na\u0161u predanost odr\u017eivosti i operativnoj u\u010dinkovitosti.<\/p>\n\n\n\n<p><strong>Novi zavod usmjeren na odr\u017eivost<\/strong><\/p>\n\n\n\n<p>Jedna od najuzbudljivijih novosti je osnivanje na\u0161eg <strong>Zavoda za odr\u017eivost i klimatsku otpornost<\/strong>. Na \u010delu s iskusnom stru\u010dnjakinjom za odr\u017eivost, <strong>Andrejom Pavlovi\u0107<\/strong>, ovaj zavod va\u017ean je korak naprijed u na\u0161oj posve\u0107enosti odr\u017eivom razvoju. Andreja, koja je dio Oikona od 2020. godine kao voditeljica Zavoda za za\u0161titu prirode i krajobraz, predvodnica je pokretanja odr\u017eivih praksi unutar Oikona.<\/p>\n\n\n\n<p>\u201d<em>S obzirom na regulatorni tsunami EU-a, shvatili smo da je otvaranje novog zavoda nu\u017eno kako bi se uspje\u0161no zadovoljili zahtjevi poduze\u0107a koja te\u017ee odr\u017eivosti. Ovaj strate\u0161ki potez uskla\u0111en je s na\u0161om predano\u0161\u0107u pru\u017eanju vrhunskih usluga kojima poma\u017eemo tvrtkama da postanu lideri odr\u017eivosti u svojim industrijama<\/em>,\u201d objasnio je <strong>Dalibor Hati\u0107<\/strong>, direktor Oikona.<\/p>\n\n\n\n<p>Vi\u0161e informacija o ciljevima i uslugama novog zavoda prona\u0107i \u0107ete <a href=\"https:\/\/oikon.hr\/our-departments\/department-of-sustainability-and-climate-resiliency\/\" target=\"_blank\" rel=\"noreferrer noopener\"><span style=\"text-decoration: underline;\">o<\/span><\/a><a href=\"https:\/\/oikon.hr\/our-departments\/department-of-sustainability-and-climate-resiliency\/\"><span style=\"text-decoration: underline;\">vdje<\/span><\/a>.<\/p>\n\n\n\n<p><strong>Restrukturiranje za pove\u0107anu u\u010dinkovitost<\/strong><\/p>\n\n\n\n<p>Osim uspostave novog zavoda, proveli smo i prilagodbe postoje\u0107ih zavoda kako bismo osigurali ravnomjerno radno optere\u0107enje i operativnu u\u010dinkovitost. Naime, segment krajobrazne arhitekture premje\u0161ten je iz dosada\u0161njeg Zavoda za za\u0161titu prirode i krajobraz&nbsp; u Zavod za okoli\u0161no in\u017eenjerstvo.<\/p>\n\n\n\n<p>Vodstvo oba zavoda ostaje nepromijenjeno.<\/p>\n\n\n\n<p>U novu godinu ulazimo s uvjerenjem da \u0107e ove izmjene i prilagodbe ne samo pobolj\u0161ati na\u0161e interne procese, ve\u0107 \u0107e postaviti Oikon kao lidera u promicanju odr\u017eivog razvoja u na\u0161oj industriji.<\/p>\n\n\n\n<figure class=\"wp-block-image size-wordpress-medium-gallery\"><img loading=\"lazy\" decoding=\"async\" width=\"500\" height=\"250\" src=\"https:\/\/oikon.hr\/cms\/wp-content\/uploads\/2024\/01\/Polona_Andreja_Martina_Oikon-500x250.jpg\" alt=\"\" class=\"wp-image-10236\" srcset=\"https:\/\/oikon.hr\/cms\/wp-content\/uploads\/2024\/01\/Polona_Andreja_Martina_Oikon-500x250.jpg 500w, https:\/\/oikon.hr\/cms\/wp-content\/uploads\/2024\/01\/Polona_Andreja_Martina_Oikon-2000x1000.jpg 2000w\" sizes=\"auto, (max-width: 500px) 100vw, 500px\" \/><\/figure>\n","protected":false},"excerpt":{"rendered":"<p>11. sije\u010dnja 2024. \u2013 Nova godina donijela je niz promjena u Oikonu. Uz novo znanstveno vodstvo, uveli smo nekoliko promjena u organizacijskoj strukturi tvrtke, ja\u010daju\u0107i na\u0161u predanost odr\u017eivosti i operativnoj u\u010dinkovitosti. Novi zavod usmjeren na odr\u017eivost Jedna od najuzbudljivijih novosti je osnivanje na\u0161eg Zavoda za odr\u017eivost i klimatsku otpornost. Na \u010delu s iskusnom stru\u010dnjakinjom za &hellip; <a href=\"https:\/\/oikon.hr\/hr\/promjene-u-organizacijskoj-strukturi-oikona-i-jaci-fokus-na-odrzivost\/\">Saznajte vi\u0161e<\/a><\/p>\n","protected":false},"author":2,"featured_media":10237,"comment_status":"open","ping_status":"open","sticky":false,"template":"","format":"standard","meta":{"_acf_changed":false,"footnotes":""},"categories":[798],"tags":[1802,1735,2301,2303,2302,1791,835,2251,2304],"class_list":["post-10239","post","type-post","status-publish","format-standard","has-post-thumbnail","hentry","category-vijesti","tag-andreja-pavlovic-hr-2","tag-dalibor-hatic-2-hr","tag-department-of-sustainability-and-climate-resiliency-hr","tag-klimatska-otpornost","tag-martina-kolovrat-hr","tag-odrzivost","tag-oikon-hr","tag-sustainability-hr","tag-zavod-za-odrzivost-i-klimatsku-otpornost"],"acf":[],"yoast_head":"<!-- This site is optimized with the Yoast SEO plugin v27.0 - https:\/\/yoast.com\/product\/yoast-seo-wordpress\/ -->\n<title>Promjene u organizacijskoj strukturi Oikona i ja\u010di fokus na odr\u017eivost &#8211; Oikon d.o.o.<\/title>\n<meta name=\"description\" content=\"11. sije\u010dnja 2024. \u2013 Nova godina donijela je niz promjena u Oikonu. Uz novo znanstveno vodstvo, uveli smo nekoliko promjena u organizacijskoj strukturi\" \/>\n<meta name=\"robots\" content=\"index, follow, max-snippet:-1, max-image-preview:large, max-video-preview:-1\" \/>\n<link rel=\"canonical\" href=\"https:\/\/oikon.hr\/hr\/promjene-u-organizacijskoj-strukturi-oikona-i-jaci-fokus-na-odrzivost\/\" \/>\n<meta property=\"og:locale\" content=\"hr_HR\" \/>\n<meta property=\"og:type\" content=\"article\" \/>\n<meta property=\"og:title\" content=\"Promjene u organizacijskoj strukturi Oikona i ja\u010di fokus na odr\u017eivost &#8211; Oikon d.o.o.\" \/>\n<meta property=\"og:description\" content=\"11. sije\u010dnja 2024. \u2013 Nova godina donijela je niz promjena u Oikonu. Uz novo znanstveno vodstvo, uveli smo nekoliko promjena u organizacijskoj strukturi\" \/>\n<meta property=\"og:url\" content=\"https:\/\/oikon.hr\/hr\/promjene-u-organizacijskoj-strukturi-oikona-i-jaci-fokus-na-odrzivost\/\" \/>\n<meta property=\"og:site_name\" content=\"Oikon d.o.o.\" \/>\n<meta property=\"article:publisher\" content=\"http:\/\/www.facebook.com\/OikonLtd\/\" \/>\n<meta property=\"article:published_time\" content=\"2024-01-11T13:23:55+00:00\" \/>\n<meta property=\"article:modified_time\" content=\"2024-01-11T15:11:03+00:00\" \/>\n<meta property=\"og:image\" content=\"https:\/\/oikon.hr\/cms\/wp-content\/uploads\/2024\/01\/Polona_Andreja_Martina_Oikon.jpg\" \/>\n\t<meta property=\"og:image:width\" content=\"2000\" \/>\n\t<meta property=\"og:image:height\" content=\"1500\" \/>\n\t<meta property=\"og:image:type\" content=\"image\/jpeg\" \/>\n<meta name=\"author\" content=\"oikonadministracija\" \/>\n<meta name=\"twitter:card\" content=\"summary_large_image\" \/>\n<meta name=\"twitter:creator\" content=\"@OikonLtd\" \/>\n<meta name=\"twitter:site\" content=\"@OikonLtd\" \/>\n<meta name=\"twitter:label1\" content=\"Written by\" \/>\n\t<meta name=\"twitter:data1\" content=\"oikonadministracija\" \/>\n\t<meta name=\"twitter:label2\" content=\"Est. reading time\" \/>\n\t<meta name=\"twitter:data2\" content=\"2 minutes\" \/>\n<script type=\"application\/ld+json\" class=\"yoast-schema-graph\">{\"@context\":\"https:\/\/schema.org\",\"@graph\":[{\"@type\":\"Article\",\"@id\":\"https:\/\/oikon.hr\/hr\/promjene-u-organizacijskoj-strukturi-oikona-i-jaci-fokus-na-odrzivost\/#article\",\"isPartOf\":{\"@id\":\"https:\/\/oikon.hr\/hr\/promjene-u-organizacijskoj-strukturi-oikona-i-jaci-fokus-na-odrzivost\/\"},\"author\":{\"name\":\"oikonadministracija\",\"@id\":\"https:\/\/oikon.hr\/#\/schema\/person\/4fb14a46c1071083d5de459c14a82f7c\"},\"headline\":\"Promjene u organizacijskoj strukturi Oikona i ja\u010di fokus na odr\u017eivost\",\"datePublished\":\"2024-01-11T13:23:55+00:00\",\"dateModified\":\"2024-01-11T15:11:03+00:00\",\"mainEntityOfPage\":{\"@id\":\"https:\/\/oikon.hr\/hr\/promjene-u-organizacijskoj-strukturi-oikona-i-jaci-fokus-na-odrzivost\/\"},\"wordCount\":287,\"commentCount\":0,\"publisher\":{\"@id\":\"https:\/\/oikon.hr\/#organization\"},\"image\":{\"@id\":\"https:\/\/oikon.hr\/hr\/promjene-u-organizacijskoj-strukturi-oikona-i-jaci-fokus-na-odrzivost\/#primaryimage\"},\"thumbnailUrl\":\"https:\/\/oikon.hr\/cms\/wp-content\/uploads\/2024\/01\/Polona_Andreja_Martina_Oikon.jpg\",\"keywords\":[\"Andreja Pavlovi\u0107\",\"Dalibor Hati\u0107\",\"Department of Sustainability and Climate Resiliency\",\"klimatska otpornost\",\"Martina Kolovrat\",\"odr\u017eivost\",\"oikon\",\"Sustainability\",\"Zavod za odr\u017eivost i klimatsku otpornost\"],\"articleSection\":[\"VIJESTI\"],\"inLanguage\":\"hr-HR\",\"potentialAction\":[{\"@type\":\"CommentAction\",\"name\":\"Comment\",\"target\":[\"https:\/\/oikon.hr\/hr\/promjene-u-organizacijskoj-strukturi-oikona-i-jaci-fokus-na-odrzivost\/#respond\"]}]},{\"@type\":\"WebPage\",\"@id\":\"https:\/\/oikon.hr\/hr\/promjene-u-organizacijskoj-strukturi-oikona-i-jaci-fokus-na-odrzivost\/\",\"url\":\"https:\/\/oikon.hr\/hr\/promjene-u-organizacijskoj-strukturi-oikona-i-jaci-fokus-na-odrzivost\/\",\"name\":\"Promjene u organizacijskoj strukturi Oikona i ja\u010di fokus na odr\u017eivost &#8211; Oikon d.o.o.\",\"isPartOf\":{\"@id\":\"https:\/\/oikon.hr\/#website\"},\"primaryImageOfPage\":{\"@id\":\"https:\/\/oikon.hr\/hr\/promjene-u-organizacijskoj-strukturi-oikona-i-jaci-fokus-na-odrzivost\/#primaryimage\"},\"image\":{\"@id\":\"https:\/\/oikon.hr\/hr\/promjene-u-organizacijskoj-strukturi-oikona-i-jaci-fokus-na-odrzivost\/#primaryimage\"},\"thumbnailUrl\":\"https:\/\/oikon.hr\/cms\/wp-content\/uploads\/2024\/01\/Polona_Andreja_Martina_Oikon.jpg\",\"datePublished\":\"2024-01-11T13:23:55+00:00\",\"dateModified\":\"2024-01-11T15:11:03+00:00\",\"description\":\"11. sije\u010dnja 2024. \u2013 Nova godina donijela je niz promjena u Oikonu. Uz novo znanstveno vodstvo, uveli smo nekoliko promjena u organizacijskoj strukturi\",\"breadcrumb\":{\"@id\":\"https:\/\/oikon.hr\/hr\/promjene-u-organizacijskoj-strukturi-oikona-i-jaci-fokus-na-odrzivost\/#breadcrumb\"},\"inLanguage\":\"hr-HR\",\"potentialAction\":[{\"@type\":\"ReadAction\",\"target\":[\"https:\/\/oikon.hr\/hr\/promjene-u-organizacijskoj-strukturi-oikona-i-jaci-fokus-na-odrzivost\/\"]}]},{\"@type\":\"ImageObject\",\"inLanguage\":\"hr-HR\",\"@id\":\"https:\/\/oikon.hr\/hr\/promjene-u-organizacijskoj-strukturi-oikona-i-jaci-fokus-na-odrzivost\/#primaryimage\",\"url\":\"https:\/\/oikon.hr\/cms\/wp-content\/uploads\/2024\/01\/Polona_Andreja_Martina_Oikon.jpg\",\"contentUrl\":\"https:\/\/oikon.hr\/cms\/wp-content\/uploads\/2024\/01\/Polona_Andreja_Martina_Oikon.jpg\",\"width\":2000,\"height\":1500},{\"@type\":\"BreadcrumbList\",\"@id\":\"https:\/\/oikon.hr\/hr\/promjene-u-organizacijskoj-strukturi-oikona-i-jaci-fokus-na-odrzivost\/#breadcrumb\",\"itemListElement\":[{\"@type\":\"ListItem\",\"position\":1,\"name\":\"\",\"item\":\"https:\/\/oikon.hr\/hr\/\"},{\"@type\":\"ListItem\",\"position\":2,\"name\":\"VIJESTI\",\"item\":\"https:\/\/oikon.hr\/hr\/topic\/vijesti\/\"},{\"@type\":\"ListItem\",\"position\":3,\"name\":\"Promjene u organizacijskoj strukturi Oikona i ja\u010di fokus na odr\u017eivost\"}]},{\"@type\":\"WebSite\",\"@id\":\"https:\/\/oikon.hr\/#website\",\"url\":\"https:\/\/oikon.hr\/\",\"name\":\"Oikon d.o.o.\",\"description\":\"Institut za primijenjenu ekologiju\",\"publisher\":{\"@id\":\"https:\/\/oikon.hr\/#organization\"},\"alternateName\":\"OIKON\",\"potentialAction\":[{\"@type\":\"SearchAction\",\"target\":{\"@type\":\"EntryPoint\",\"urlTemplate\":\"https:\/\/oikon.hr\/?s={search_term_string}\"},\"query-input\":{\"@type\":\"PropertyValueSpecification\",\"valueRequired\":true,\"valueName\":\"search_term_string\"}}],\"inLanguage\":\"hr-HR\"},{\"@type\":\"Organization\",\"@id\":\"https:\/\/oikon.hr\/#organization\",\"name\":\"Oikon d.o.o. - Institut za primijenjenu ekologiju\",\"alternateName\":\"OIKON\",\"url\":\"https:\/\/oikon.hr\/\",\"logo\":{\"@type\":\"ImageObject\",\"inLanguage\":\"hr-HR\",\"@id\":\"https:\/\/oikon.hr\/#\/schema\/logo\/image\/\",\"url\":\"https:\/\/oikon.hr\/cms\/wp-content\/uploads\/2021\/01\/OIKON_R_logo_transparent.png\",\"contentUrl\":\"https:\/\/oikon.hr\/cms\/wp-content\/uploads\/2021\/01\/OIKON_R_logo_transparent.png\",\"width\":1660,\"height\":541,\"caption\":\"Oikon d.o.o. - Institut za primijenjenu ekologiju\"},\"image\":{\"@id\":\"https:\/\/oikon.hr\/#\/schema\/logo\/image\/\"},\"sameAs\":[\"http:\/\/www.facebook.com\/OikonLtd\/\",\"https:\/\/x.com\/OikonLtd\",\"https:\/\/www.instagram.com\/oikon_ltd\/\",\"https:\/\/www.linkedin.com\/company\/oikon---institute-for-applied-technology\/\",\"https:\/\/www.youtube.com\/channel\/UCu_eJ0ct90AEN8D85KWcRHQ\"]},{\"@type\":\"Person\",\"@id\":\"https:\/\/oikon.hr\/#\/schema\/person\/4fb14a46c1071083d5de459c14a82f7c\",\"name\":\"oikonadministracija\",\"image\":{\"@type\":\"ImageObject\",\"inLanguage\":\"hr-HR\",\"@id\":\"https:\/\/oikon.hr\/#\/schema\/person\/image\/\",\"url\":\"https:\/\/secure.gravatar.com\/avatar\/e247aba33e5428fc6a24bbca24b92af36ceafa9a824508df7d1d40391c5f0748?s=96&d=mm&r=g\",\"contentUrl\":\"https:\/\/secure.gravatar.com\/avatar\/e247aba33e5428fc6a24bbca24b92af36ceafa9a824508df7d1d40391c5f0748?s=96&d=mm&r=g\",\"caption\":\"oikonadministracija\"},\"url\":\"https:\/\/oikon.hr\/hr\/author\/oikonadministracija\/\"}]}<\/script>\n<!-- \/ Yoast SEO plugin. -->","yoast_head_json":{"title":"Promjene u organizacijskoj strukturi Oikona i ja\u010di fokus na odr\u017eivost &#8211; Oikon d.o.o.","description":"11. sije\u010dnja 2024. \u2013 Nova godina donijela je niz promjena u Oikonu. Uz novo znanstveno vodstvo, uveli smo nekoliko promjena u organizacijskoj strukturi","robots":{"index":"index","follow":"follow","max-snippet":"max-snippet:-1","max-image-preview":"max-image-preview:large","max-video-preview":"max-video-preview:-1"},"canonical":"https:\/\/oikon.hr\/hr\/promjene-u-organizacijskoj-strukturi-oikona-i-jaci-fokus-na-odrzivost\/","og_locale":"hr_HR","og_type":"article","og_title":"Promjene u organizacijskoj strukturi Oikona i ja\u010di fokus na odr\u017eivost &#8211; Oikon d.o.o.","og_description":"11. sije\u010dnja 2024. \u2013 Nova godina donijela je niz promjena u Oikonu. Uz novo znanstveno vodstvo, uveli smo nekoliko promjena u organizacijskoj strukturi","og_url":"https:\/\/oikon.hr\/hr\/promjene-u-organizacijskoj-strukturi-oikona-i-jaci-fokus-na-odrzivost\/","og_site_name":"Oikon d.o.o.","article_publisher":"http:\/\/www.facebook.com\/OikonLtd\/","article_published_time":"2024-01-11T13:23:55+00:00","article_modified_time":"2024-01-11T15:11:03+00:00","og_image":[{"width":2000,"height":1500,"url":"https:\/\/oikon.hr\/cms\/wp-content\/uploads\/2024\/01\/Polona_Andreja_Martina_Oikon.jpg","type":"image\/jpeg"}],"author":"oikonadministracija","twitter_card":"summary_large_image","twitter_creator":"@OikonLtd","twitter_site":"@OikonLtd","twitter_misc":{"Written by":"oikonadministracija","Est. reading time":"2 minutes"},"schema":{"@context":"https:\/\/schema.org","@graph":[{"@type":"Article","@id":"https:\/\/oikon.hr\/hr\/promjene-u-organizacijskoj-strukturi-oikona-i-jaci-fokus-na-odrzivost\/#article","isPartOf":{"@id":"https:\/\/oikon.hr\/hr\/promjene-u-organizacijskoj-strukturi-oikona-i-jaci-fokus-na-odrzivost\/"},"author":{"name":"oikonadministracija","@id":"https:\/\/oikon.hr\/#\/schema\/person\/4fb14a46c1071083d5de459c14a82f7c"},"headline":"Promjene u organizacijskoj strukturi Oikona i ja\u010di fokus na odr\u017eivost","datePublished":"2024-01-11T13:23:55+00:00","dateModified":"2024-01-11T15:11:03+00:00","mainEntityOfPage":{"@id":"https:\/\/oikon.hr\/hr\/promjene-u-organizacijskoj-strukturi-oikona-i-jaci-fokus-na-odrzivost\/"},"wordCount":287,"commentCount":0,"publisher":{"@id":"https:\/\/oikon.hr\/#organization"},"image":{"@id":"https:\/\/oikon.hr\/hr\/promjene-u-organizacijskoj-strukturi-oikona-i-jaci-fokus-na-odrzivost\/#primaryimage"},"thumbnailUrl":"https:\/\/oikon.hr\/cms\/wp-content\/uploads\/2024\/01\/Polona_Andreja_Martina_Oikon.jpg","keywords":["Andreja Pavlovi\u0107","Dalibor Hati\u0107","Department of Sustainability and Climate Resiliency","klimatska otpornost","Martina Kolovrat","odr\u017eivost","oikon","Sustainability","Zavod za odr\u017eivost i klimatsku otpornost"],"articleSection":["VIJESTI"],"inLanguage":"hr-HR","potentialAction":[{"@type":"CommentAction","name":"Comment","target":["https:\/\/oikon.hr\/hr\/promjene-u-organizacijskoj-strukturi-oikona-i-jaci-fokus-na-odrzivost\/#respond"]}]},{"@type":"WebPage","@id":"https:\/\/oikon.hr\/hr\/promjene-u-organizacijskoj-strukturi-oikona-i-jaci-fokus-na-odrzivost\/","url":"https:\/\/oikon.hr\/hr\/promjene-u-organizacijskoj-strukturi-oikona-i-jaci-fokus-na-odrzivost\/","name":"Promjene u organizacijskoj strukturi Oikona i ja\u010di fokus na odr\u017eivost &#8211; Oikon d.o.o.","isPartOf":{"@id":"https:\/\/oikon.hr\/#website"},"primaryImageOfPage":{"@id":"https:\/\/oikon.hr\/hr\/promjene-u-organizacijskoj-strukturi-oikona-i-jaci-fokus-na-odrzivost\/#primaryimage"},"image":{"@id":"https:\/\/oikon.hr\/hr\/promjene-u-organizacijskoj-strukturi-oikona-i-jaci-fokus-na-odrzivost\/#primaryimage"},"thumbnailUrl":"https:\/\/oikon.hr\/cms\/wp-content\/uploads\/2024\/01\/Polona_Andreja_Martina_Oikon.jpg","datePublished":"2024-01-11T13:23:55+00:00","dateModified":"2024-01-11T15:11:03+00:00","description":"11. sije\u010dnja 2024. \u2013 Nova godina donijela je niz promjena u Oikonu. Uz novo znanstveno vodstvo, uveli smo nekoliko promjena u organizacijskoj strukturi","breadcrumb":{"@id":"https:\/\/oikon.hr\/hr\/promjene-u-organizacijskoj-strukturi-oikona-i-jaci-fokus-na-odrzivost\/#breadcrumb"},"inLanguage":"hr-HR","potentialAction":[{"@type":"ReadAction","target":["https:\/\/oikon.hr\/hr\/promjene-u-organizacijskoj-strukturi-oikona-i-jaci-fokus-na-odrzivost\/"]}]},{"@type":"ImageObject","inLanguage":"hr-HR","@id":"https:\/\/oikon.hr\/hr\/promjene-u-organizacijskoj-strukturi-oikona-i-jaci-fokus-na-odrzivost\/#primaryimage","url":"https:\/\/oikon.hr\/cms\/wp-content\/uploads\/2024\/01\/Polona_Andreja_Martina_Oikon.jpg","contentUrl":"https:\/\/oikon.hr\/cms\/wp-content\/uploads\/2024\/01\/Polona_Andreja_Martina_Oikon.jpg","width":2000,"height":1500},{"@type":"BreadcrumbList","@id":"https:\/\/oikon.hr\/hr\/promjene-u-organizacijskoj-strukturi-oikona-i-jaci-fokus-na-odrzivost\/#breadcrumb","itemListElement":[{"@type":"ListItem","position":1,"name":"","item":"https:\/\/oikon.hr\/hr\/"},{"@type":"ListItem","position":2,"name":"VIJESTI","item":"https:\/\/oikon.hr\/hr\/topic\/vijesti\/"},{"@type":"ListItem","position":3,"name":"Promjene u organizacijskoj strukturi Oikona i ja\u010di fokus na odr\u017eivost"}]},{"@type":"WebSite","@id":"https:\/\/oikon.hr\/#website","url":"https:\/\/oikon.hr\/","name":"Oikon d.o.o.","description":"Institut za primijenjenu ekologiju","publisher":{"@id":"https:\/\/oikon.hr\/#organization"},"alternateName":"OIKON","potentialAction":[{"@type":"SearchAction","target":{"@type":"EntryPoint","urlTemplate":"https:\/\/oikon.hr\/?s={search_term_string}"},"query-input":{"@type":"PropertyValueSpecification","valueRequired":true,"valueName":"search_term_string"}}],"inLanguage":"hr-HR"},{"@type":"Organization","@id":"https:\/\/oikon.hr\/#organization","name":"Oikon d.o.o. - Institut za primijenjenu ekologiju","alternateName":"OIKON","url":"https:\/\/oikon.hr\/","logo":{"@type":"ImageObject","inLanguage":"hr-HR","@id":"https:\/\/oikon.hr\/#\/schema\/logo\/image\/","url":"https:\/\/oikon.hr\/cms\/wp-content\/uploads\/2021\/01\/OIKON_R_logo_transparent.png","contentUrl":"https:\/\/oikon.hr\/cms\/wp-content\/uploads\/2021\/01\/OIKON_R_logo_transparent.png","width":1660,"height":541,"caption":"Oikon d.o.o. - Institut za primijenjenu ekologiju"},"image":{"@id":"https:\/\/oikon.hr\/#\/schema\/logo\/image\/"},"sameAs":["http:\/\/www.facebook.com\/OikonLtd\/","https:\/\/x.com\/OikonLtd","https:\/\/www.instagram.com\/oikon_ltd\/","https:\/\/www.linkedin.com\/company\/oikon---institute-for-applied-technology\/","https:\/\/www.youtube.com\/channel\/UCu_eJ0ct90AEN8D85KWcRHQ"]},{"@type":"Person","@id":"https:\/\/oikon.hr\/#\/schema\/person\/4fb14a46c1071083d5de459c14a82f7c","name":"oikonadministracija","image":{"@type":"ImageObject","inLanguage":"hr-HR","@id":"https:\/\/oikon.hr\/#\/schema\/person\/image\/","url":"https:\/\/secure.gravatar.com\/avatar\/e247aba33e5428fc6a24bbca24b92af36ceafa9a824508df7d1d40391c5f0748?s=96&d=mm&r=g","contentUrl":"https:\/\/secure.gravatar.com\/avatar\/e247aba33e5428fc6a24bbca24b92af36ceafa9a824508df7d1d40391c5f0748?s=96&d=mm&r=g","caption":"oikonadministracija"},"url":"https:\/\/oikon.hr\/hr\/author\/oikonadministracija\/"}]}},"_links":{"self":[{"href":"https:\/\/oikon.hr\/hr\/wp-json\/wp\/v2\/posts\/10239","targetHints":{"allow":["GET"]}}],"collection":[{"href":"https:\/\/oikon.hr\/hr\/wp-json\/wp\/v2\/posts"}],"about":[{"href":"https:\/\/oikon.hr\/hr\/wp-json\/wp\/v2\/types\/post"}],"author":[{"embeddable":true,"href":"https:\/\/oikon.hr\/hr\/wp-json\/wp\/v2\/users\/2"}],"replies":[{"embeddable":true,"href":"https:\/\/oikon.hr\/hr\/wp-json\/wp\/v2\/comments?post=10239"}],"version-history":[{"count":3,"href":"https:\/\/oikon.hr\/hr\/wp-json\/wp\/v2\/posts\/10239\/revisions"}],"predecessor-version":[{"id":10267,"href":"https:\/\/oikon.hr\/hr\/wp-json\/wp\/v2\/posts\/10239\/revisions\/10267"}],"wp:featuredmedia":[{"embeddable":true,"href":"https:\/\/oikon.hr\/hr\/wp-json\/wp\/v2\/media\/10237"}],"wp:attachment":[{"href":"https:\/\/oikon.hr\/hr\/wp-json\/wp\/v2\/media?parent=10239"}],"wp:term":[{"taxonomy":"category","embeddable":true,"href":"https:\/\/oikon.hr\/hr\/wp-json\/wp\/v2\/categories?post=10239"},{"taxonomy":"post_tag","embeddable":true,"href":"https:\/\/oikon.hr\/hr\/wp-json\/wp\/v2\/tags?post=10239"}],"curies":[{"name":"wp","href":"https:\/\/api.w.org\/{rel}","templated":true}]}}