{"id":10308,"date":"2023-08-16T13:11:59","date_gmt":"2023-08-16T11:11:59","guid":{"rendered":"https:\/\/oikon.hr\/smart-project-defining-objectives-and-conservation-measures-for-insufficiently-known-species-of-flora-and-habitat-types\/"},"modified":"2024-01-16T13:30:26","modified_gmt":"2024-01-16T12:30:26","slug":"projekt-smart","status":"publish","type":"post","link":"https:\/\/oikon.hr\/hr\/projekt-smart\/","title":{"rendered":"Projekt SMART: Definiranje ciljeva i mjera o\u010duvanja za nedovoljno poznate vrste flore i stani\u0161te tipove"},"content":{"rendered":"\n<p><strong>Naziv projekta:\u00a0<\/strong>Usluge definiranja SMART ciljeva o\u010duvanja i osnovnih mjera o\u010duvanja ciljnih vrsta i stani\u0161nih tipova &#8211; Grupa 7: \u201eDefiniranje ciljeva i mjera o\u010duvanja za nedovoljno poznate vrste flore i stani\u0161te tipove\u201c<\/p>\n\n\n\n<p><strong>Klijent:<\/strong>\u00a0Ministarstvo gospodarstva i odr\u017eivog razvoja<br><strong>Trajanje:\u00a0<\/strong>06\/2021 \u2013 04\/2023<br><strong>Lokacija:<\/strong>\u00a0Hrvatska<\/p>\n\n\n\n<hr class=\"wp-block-separator has-alpha-channel-opacity\"\/>\n\n\n\n<p>Projekt je bio podijeljen u tri radna paketa, Radni paket 1: izradu Plana rada na izvr\u0161enju ugovora, Radni paket 2: prikupljanje i analiza poznatih podataka i pisanje preliminarnih izvje\u0161\u0107a te Radni paket 3: terenska istra\u017eivanja i pisanje zavr\u0161nih izvje\u0161\u0107a.<\/p>\n\n\n\n<p>Plan rada uklju\u010duje projektni zadatak kroz radne pakete te sadr\u017ei detaljne upute za izradu Preliminarnih i Zavr\u0161nih izvje\u0161\u0107a.<\/p>\n\n\n\n<p>U sklopu radnog paketa 2: Prikupljanje i analiza postoje\u0107ih podataka o odabranim ciljnim vrstama flore i ciljnim stani\u0161nim tipovima prikupljeni su i analizirani do sad svi objavljeni i dostupni neobjavljeni podaci o odabranim ciljnim vrstama flore i stani\u0161nim tipovima na odabranim podru\u010djima ekolo\u0161ke mre\u017ee Natura 2000 u Hrvatskoj. Preliminarnim izvje\u0161\u0107ima su definirana potencijalna stani\u0161ta i podru\u010dja rasprostranjenosti pojedine ciljne vrste i potencijalna podru\u010dja rasprostranjenosti pojedinog ciljnog stani\u0161nog tipa unutar svakog odabranog podru\u010dja ekolo\u0161ke mre\u017ee Natura 2000. Na temelju postoje\u0107ih podataka o nalazi\u0161tima i definiranih potencijalnih stani\u0161ta\/podru\u010dja izra\u0111en je detaljan plan terenskog istra\u017eivanja (kartiranja) pojedine odabrane ciljne vrste ili stani\u0161nog tipa koja \u0107e se terenski istra\u017eiti u radnom paketu 3. Preliminarnim izvje\u0161\u0107em obrazlo\u017een je na\u010din planiranja terenskog istra\u017eivanja te je definirana metodologija kojom su dobiveni terenski podaci analizirani u sklopu Zavr\u0161nog izvje\u0161\u0107a.<\/p>\n\n\n\n<p>Radni paket 3 uklju\u010divao je organizaciju i provo\u0111enje terenskog istra\u017eivanja (kartiranja) odabranih ciljnih vrsta flore i stani\u0161nih tipova, te obradu i analizu sakupljenih podataka. Terenskim istra\u017eivanjem obi\u0161lo se 140 podru\u010dja ekolo\u0161ke mre\u017ee Natura 2000 te je istra\u017eeno 17 biljnih vrsta i 15 stani\u0161nih tipova na podru\u010dju Republike Hrvatske. Rezultati terenskog istra\u017eivanja, prikupljanja i analize podataka su 32 Zavr\u0161na izvje\u0161\u0107a za svaku ciljnu vrstu flore i ciljni stani\u0161ni tip posebno. <\/p>\n\n\n\n<p>Izvje\u0161\u0107a su uklju\u010divala podatke o rasprostranjenosti, brojnosti ciljnih vrsta flore i povr\u0161ini stani\u0161nog tipa, stupnju o\u010duvanosti stani\u0161ta za ciljnu vrstu flore i stani\u0161nog tipa, zabilje\u017eene ugroze te potrebne mjere kako bi se ciljne vrste i stani\u0161ta dugoro\u010dno o\u010duvali.<\/p>\n\n\n\n<figure class=\"wp-block-gallery has-nested-images columns-default is-cropped wp-block-gallery-1 is-layout-flex wp-block-gallery-is-layout-flex\">\n<figure class=\"wp-block-image size-large\"><img loading=\"lazy\" decoding=\"async\" width=\"1024\" height=\"682\" data-id=\"10301\" src=\"https:\/\/oikon.hr\/cms\/wp-content\/uploads\/2024\/01\/Palagruza_5330_6387_3-1024x682.jpg\" alt=\"\" class=\"wp-image-10301\" srcset=\"https:\/\/oikon.hr\/cms\/wp-content\/uploads\/2024\/01\/Palagruza_5330_6387_3-1024x682.jpg 1024w, https:\/\/oikon.hr\/cms\/wp-content\/uploads\/2024\/01\/Palagruza_5330_6387_3-300x200.jpg 300w, https:\/\/oikon.hr\/cms\/wp-content\/uploads\/2024\/01\/Palagruza_5330_6387_3-150x100.jpg 150w, https:\/\/oikon.hr\/cms\/wp-content\/uploads\/2024\/01\/Palagruza_5330_6387_3-768x512.jpg 768w, https:\/\/oikon.hr\/cms\/wp-content\/uploads\/2024\/01\/Palagruza_5330_6387_3-1536x1024.jpg 1536w, https:\/\/oikon.hr\/cms\/wp-content\/uploads\/2024\/01\/Palagruza_5330_6387_3-272x182.jpg 272w, https:\/\/oikon.hr\/cms\/wp-content\/uploads\/2024\/01\/Palagruza_5330_6387_3.jpg 2000w\" sizes=\"auto, (max-width: 1024px) 100vw, 1024px\" \/><\/figure>\n\n\n\n<figure class=\"wp-block-image size-large\"><img loading=\"lazy\" decoding=\"async\" width=\"1024\" height=\"682\" data-id=\"10303\" src=\"https:\/\/oikon.hr\/cms\/wp-content\/uploads\/2024\/01\/Nacionalni_park_Kornati_5330_5524_3-1024x682.jpg\" alt=\"\" class=\"wp-image-10303\" srcset=\"https:\/\/oikon.hr\/cms\/wp-content\/uploads\/2024\/01\/Nacionalni_park_Kornati_5330_5524_3-1024x682.jpg 1024w, https:\/\/oikon.hr\/cms\/wp-content\/uploads\/2024\/01\/Nacionalni_park_Kornati_5330_5524_3-300x200.jpg 300w, https:\/\/oikon.hr\/cms\/wp-content\/uploads\/2024\/01\/Nacionalni_park_Kornati_5330_5524_3-150x100.jpg 150w, https:\/\/oikon.hr\/cms\/wp-content\/uploads\/2024\/01\/Nacionalni_park_Kornati_5330_5524_3-768x512.jpg 768w, https:\/\/oikon.hr\/cms\/wp-content\/uploads\/2024\/01\/Nacionalni_park_Kornati_5330_5524_3-1536x1024.jpg 1536w, https:\/\/oikon.hr\/cms\/wp-content\/uploads\/2024\/01\/Nacionalni_park_Kornati_5330_5524_3-272x182.jpg 272w, https:\/\/oikon.hr\/cms\/wp-content\/uploads\/2024\/01\/Nacionalni_park_Kornati_5330_5524_3.jpg 2000w\" sizes=\"auto, (max-width: 1024px) 100vw, 1024px\" \/><\/figure>\n\n\n\n<figure class=\"wp-block-image size-large\"><img loading=\"lazy\" decoding=\"async\" width=\"1024\" height=\"768\" data-id=\"10305\" src=\"https:\/\/oikon.hr\/cms\/wp-content\/uploads\/2024\/01\/P8100115-1024x768.jpg\" alt=\"\" class=\"wp-image-10305\" srcset=\"https:\/\/oikon.hr\/cms\/wp-content\/uploads\/2024\/01\/P8100115-1024x768.jpg 1024w, https:\/\/oikon.hr\/cms\/wp-content\/uploads\/2024\/01\/P8100115-300x225.jpg 300w, https:\/\/oikon.hr\/cms\/wp-content\/uploads\/2024\/01\/P8100115-150x113.jpg 150w, https:\/\/oikon.hr\/cms\/wp-content\/uploads\/2024\/01\/P8100115-768x576.jpg 768w, https:\/\/oikon.hr\/cms\/wp-content\/uploads\/2024\/01\/P8100115-1536x1152.jpg 1536w, https:\/\/oikon.hr\/cms\/wp-content\/uploads\/2024\/01\/P8100115.jpg 2000w\" sizes=\"auto, (max-width: 1024px) 100vw, 1024px\" \/><\/figure>\n<\/figure>\n","protected":false},"excerpt":{"rendered":"<p>Ministarstvo gospodarstva i odr\u017eivog razvoja<\/p>\n","protected":false},"author":2,"featured_media":10304,"comment_status":"open","ping_status":"open","sticky":false,"template":"","format":"standard","meta":{"_acf_changed":false,"footnotes":""},"categories":[799,810],"tags":[2333,2224,835,2330],"class_list":["post-10308","post","type-post","status-publish","format-standard","has-post-thumbnail","hentry","category-projekti","category-zastita-prirode","tag-definiranje-ciljeva-i-mjera-ocuvanja-za-nedovoljno-poznate-vrste-flore-i-staniste-tipove","tag-flora-and-habitat-types-hr","tag-oikon-hr","tag-smart-project-hr"],"acf":[],"yoast_head":"<!-- This site is optimized with the Yoast SEO plugin v27.0 - https:\/\/yoast.com\/product\/yoast-seo-wordpress\/ -->\n<title>Projekt SMART: Definiranje ciljeva i mjera o\u010duvanja za nedovoljno poznate vrste flore i stani\u0161te tipove &#8211; Oikon d.o.o.<\/title>\n<meta name=\"description\" content=\"Ministarstvo gospodarstva i odr\u017eivog razvoja\" \/>\n<meta name=\"robots\" content=\"index, follow, max-snippet:-1, max-image-preview:large, max-video-preview:-1\" \/>\n<link rel=\"canonical\" href=\"https:\/\/oikon.hr\/hr\/projekt-smart\/\" \/>\n<meta property=\"og:locale\" content=\"hr_HR\" \/>\n<meta property=\"og:type\" content=\"article\" \/>\n<meta property=\"og:title\" content=\"Projekt SMART: Definiranje ciljeva i mjera o\u010duvanja za nedovoljno poznate vrste flore i stani\u0161te tipove &#8211; Oikon d.o.o.\" \/>\n<meta property=\"og:description\" content=\"Ministarstvo gospodarstva i odr\u017eivog razvoja\" \/>\n<meta property=\"og:url\" content=\"https:\/\/oikon.hr\/hr\/projekt-smart\/\" \/>\n<meta property=\"og:site_name\" content=\"Oikon d.o.o.\" \/>\n<meta property=\"article:publisher\" content=\"http:\/\/www.facebook.com\/OikonLtd\/\" \/>\n<meta property=\"article:published_time\" content=\"2023-08-16T11:11:59+00:00\" \/>\n<meta property=\"article:modified_time\" content=\"2024-01-16T12:30:26+00:00\" \/>\n<meta property=\"og:image\" content=\"https:\/\/oikon.hr\/cms\/wp-content\/uploads\/2024\/01\/Nacionalni_park_Kornati_5330_5524_3.jpg\" \/>\n\t<meta property=\"og:image:width\" content=\"2000\" \/>\n\t<meta property=\"og:image:height\" content=\"1333\" \/>\n\t<meta property=\"og:image:type\" content=\"image\/jpeg\" \/>\n<meta name=\"author\" content=\"oikonadministracija\" \/>\n<meta name=\"twitter:card\" content=\"summary_large_image\" \/>\n<meta name=\"twitter:creator\" content=\"@OikonLtd\" \/>\n<meta name=\"twitter:site\" content=\"@OikonLtd\" \/>\n<meta name=\"twitter:label1\" content=\"Written by\" \/>\n\t<meta name=\"twitter:data1\" content=\"oikonadministracija\" \/>\n\t<meta name=\"twitter:label2\" content=\"Est. reading time\" \/>\n\t<meta name=\"twitter:data2\" content=\"3 minutes\" \/>\n<script type=\"application\/ld+json\" class=\"yoast-schema-graph\">{\"@context\":\"https:\/\/schema.org\",\"@graph\":[{\"@type\":\"Article\",\"@id\":\"https:\/\/oikon.hr\/hr\/projekt-smart\/#article\",\"isPartOf\":{\"@id\":\"https:\/\/oikon.hr\/hr\/projekt-smart\/\"},\"author\":{\"name\":\"oikonadministracija\",\"@id\":\"https:\/\/oikon.hr\/#\/schema\/person\/4fb14a46c1071083d5de459c14a82f7c\"},\"headline\":\"Projekt SMART: Definiranje ciljeva i mjera o\u010duvanja za nedovoljno poznate vrste flore i stani\u0161te tipove\",\"datePublished\":\"2023-08-16T11:11:59+00:00\",\"dateModified\":\"2024-01-16T12:30:26+00:00\",\"mainEntityOfPage\":{\"@id\":\"https:\/\/oikon.hr\/hr\/projekt-smart\/\"},\"wordCount\":410,\"commentCount\":0,\"publisher\":{\"@id\":\"https:\/\/oikon.hr\/#organization\"},\"image\":{\"@id\":\"https:\/\/oikon.hr\/hr\/projekt-smart\/#primaryimage\"},\"thumbnailUrl\":\"https:\/\/oikon.hr\/cms\/wp-content\/uploads\/2024\/01\/Nacionalni_park_Kornati_5330_5524_3.jpg\",\"keywords\":[\"Definiranje ciljeva i mjera o\u010duvanja za nedovoljno poznate vrste flore i stani\u0161te tipove\",\"flora and habitat types\",\"oikon\",\"SMART project\"],\"articleSection\":[\"PROJEKTI\",\"Za\u0161tita prirode\"],\"inLanguage\":\"hr-HR\",\"potentialAction\":[{\"@type\":\"CommentAction\",\"name\":\"Comment\",\"target\":[\"https:\/\/oikon.hr\/hr\/projekt-smart\/#respond\"]}]},{\"@type\":\"WebPage\",\"@id\":\"https:\/\/oikon.hr\/hr\/projekt-smart\/\",\"url\":\"https:\/\/oikon.hr\/hr\/projekt-smart\/\",\"name\":\"Projekt SMART: Definiranje ciljeva i mjera o\u010duvanja za nedovoljno poznate vrste flore i stani\u0161te tipove &#8211; Oikon d.o.o.\",\"isPartOf\":{\"@id\":\"https:\/\/oikon.hr\/#website\"},\"primaryImageOfPage\":{\"@id\":\"https:\/\/oikon.hr\/hr\/projekt-smart\/#primaryimage\"},\"image\":{\"@id\":\"https:\/\/oikon.hr\/hr\/projekt-smart\/#primaryimage\"},\"thumbnailUrl\":\"https:\/\/oikon.hr\/cms\/wp-content\/uploads\/2024\/01\/Nacionalni_park_Kornati_5330_5524_3.jpg\",\"datePublished\":\"2023-08-16T11:11:59+00:00\",\"dateModified\":\"2024-01-16T12:30:26+00:00\",\"description\":\"Ministarstvo gospodarstva i odr\u017eivog razvoja\",\"breadcrumb\":{\"@id\":\"https:\/\/oikon.hr\/hr\/projekt-smart\/#breadcrumb\"},\"inLanguage\":\"hr-HR\",\"potentialAction\":[{\"@type\":\"ReadAction\",\"target\":[\"https:\/\/oikon.hr\/hr\/projekt-smart\/\"]}]},{\"@type\":\"ImageObject\",\"inLanguage\":\"hr-HR\",\"@id\":\"https:\/\/oikon.hr\/hr\/projekt-smart\/#primaryimage\",\"url\":\"https:\/\/oikon.hr\/cms\/wp-content\/uploads\/2024\/01\/Nacionalni_park_Kornati_5330_5524_3.jpg\",\"contentUrl\":\"https:\/\/oikon.hr\/cms\/wp-content\/uploads\/2024\/01\/Nacionalni_park_Kornati_5330_5524_3.jpg\",\"width\":2000,\"height\":1333},{\"@type\":\"BreadcrumbList\",\"@id\":\"https:\/\/oikon.hr\/hr\/projekt-smart\/#breadcrumb\",\"itemListElement\":[{\"@type\":\"ListItem\",\"position\":1,\"name\":\"\",\"item\":\"https:\/\/oikon.hr\/hr\/\"},{\"@type\":\"ListItem\",\"position\":2,\"name\":\"Projects\",\"item\":\"https:\/\/oikon.hr\/topic\/projects\/\"},{\"@type\":\"ListItem\",\"position\":3,\"name\":\"Projekt SMART: Definiranje ciljeva i mjera o\u010duvanja za nedovoljno poznate vrste flore i stani\u0161te tipove\"}]},{\"@type\":\"WebSite\",\"@id\":\"https:\/\/oikon.hr\/#website\",\"url\":\"https:\/\/oikon.hr\/\",\"name\":\"Oikon d.o.o.\",\"description\":\"Institut za primijenjenu ekologiju\",\"publisher\":{\"@id\":\"https:\/\/oikon.hr\/#organization\"},\"alternateName\":\"OIKON\",\"potentialAction\":[{\"@type\":\"SearchAction\",\"target\":{\"@type\":\"EntryPoint\",\"urlTemplate\":\"https:\/\/oikon.hr\/?s={search_term_string}\"},\"query-input\":{\"@type\":\"PropertyValueSpecification\",\"valueRequired\":true,\"valueName\":\"search_term_string\"}}],\"inLanguage\":\"hr-HR\"},{\"@type\":\"Organization\",\"@id\":\"https:\/\/oikon.hr\/#organization\",\"name\":\"Oikon d.o.o. - Institut za primijenjenu ekologiju\",\"alternateName\":\"OIKON\",\"url\":\"https:\/\/oikon.hr\/\",\"logo\":{\"@type\":\"ImageObject\",\"inLanguage\":\"hr-HR\",\"@id\":\"https:\/\/oikon.hr\/#\/schema\/logo\/image\/\",\"url\":\"https:\/\/oikon.hr\/cms\/wp-content\/uploads\/2021\/01\/OIKON_R_logo_transparent.png\",\"contentUrl\":\"https:\/\/oikon.hr\/cms\/wp-content\/uploads\/2021\/01\/OIKON_R_logo_transparent.png\",\"width\":1660,\"height\":541,\"caption\":\"Oikon d.o.o. - Institut za primijenjenu ekologiju\"},\"image\":{\"@id\":\"https:\/\/oikon.hr\/#\/schema\/logo\/image\/\"},\"sameAs\":[\"http:\/\/www.facebook.com\/OikonLtd\/\",\"https:\/\/x.com\/OikonLtd\",\"https:\/\/www.instagram.com\/oikon_ltd\/\",\"https:\/\/www.linkedin.com\/company\/oikon---institute-for-applied-technology\/\",\"https:\/\/www.youtube.com\/channel\/UCu_eJ0ct90AEN8D85KWcRHQ\"]},{\"@type\":\"Person\",\"@id\":\"https:\/\/oikon.hr\/#\/schema\/person\/4fb14a46c1071083d5de459c14a82f7c\",\"name\":\"oikonadministracija\",\"image\":{\"@type\":\"ImageObject\",\"inLanguage\":\"hr-HR\",\"@id\":\"https:\/\/oikon.hr\/#\/schema\/person\/image\/\",\"url\":\"https:\/\/secure.gravatar.com\/avatar\/e247aba33e5428fc6a24bbca24b92af36ceafa9a824508df7d1d40391c5f0748?s=96&d=mm&r=g\",\"contentUrl\":\"https:\/\/secure.gravatar.com\/avatar\/e247aba33e5428fc6a24bbca24b92af36ceafa9a824508df7d1d40391c5f0748?s=96&d=mm&r=g\",\"caption\":\"oikonadministracija\"},\"url\":\"https:\/\/oikon.hr\/hr\/author\/oikonadministracija\/\"}]}<\/script>\n<!-- \/ Yoast SEO plugin. -->","yoast_head_json":{"title":"Projekt SMART: Definiranje ciljeva i mjera o\u010duvanja za nedovoljno poznate vrste flore i stani\u0161te tipove &#8211; Oikon d.o.o.","description":"Ministarstvo gospodarstva i odr\u017eivog razvoja","robots":{"index":"index","follow":"follow","max-snippet":"max-snippet:-1","max-image-preview":"max-image-preview:large","max-video-preview":"max-video-preview:-1"},"canonical":"https:\/\/oikon.hr\/hr\/projekt-smart\/","og_locale":"hr_HR","og_type":"article","og_title":"Projekt SMART: Definiranje ciljeva i mjera o\u010duvanja za nedovoljno poznate vrste flore i stani\u0161te tipove &#8211; Oikon d.o.o.","og_description":"Ministarstvo gospodarstva i odr\u017eivog razvoja","og_url":"https:\/\/oikon.hr\/hr\/projekt-smart\/","og_site_name":"Oikon d.o.o.","article_publisher":"http:\/\/www.facebook.com\/OikonLtd\/","article_published_time":"2023-08-16T11:11:59+00:00","article_modified_time":"2024-01-16T12:30:26+00:00","og_image":[{"width":2000,"height":1333,"url":"https:\/\/oikon.hr\/cms\/wp-content\/uploads\/2024\/01\/Nacionalni_park_Kornati_5330_5524_3.jpg","type":"image\/jpeg"}],"author":"oikonadministracija","twitter_card":"summary_large_image","twitter_creator":"@OikonLtd","twitter_site":"@OikonLtd","twitter_misc":{"Written by":"oikonadministracija","Est. reading time":"3 minutes"},"schema":{"@context":"https:\/\/schema.org","@graph":[{"@type":"Article","@id":"https:\/\/oikon.hr\/hr\/projekt-smart\/#article","isPartOf":{"@id":"https:\/\/oikon.hr\/hr\/projekt-smart\/"},"author":{"name":"oikonadministracija","@id":"https:\/\/oikon.hr\/#\/schema\/person\/4fb14a46c1071083d5de459c14a82f7c"},"headline":"Projekt SMART: Definiranje ciljeva i mjera o\u010duvanja za nedovoljno poznate vrste flore i stani\u0161te tipove","datePublished":"2023-08-16T11:11:59+00:00","dateModified":"2024-01-16T12:30:26+00:00","mainEntityOfPage":{"@id":"https:\/\/oikon.hr\/hr\/projekt-smart\/"},"wordCount":410,"commentCount":0,"publisher":{"@id":"https:\/\/oikon.hr\/#organization"},"image":{"@id":"https:\/\/oikon.hr\/hr\/projekt-smart\/#primaryimage"},"thumbnailUrl":"https:\/\/oikon.hr\/cms\/wp-content\/uploads\/2024\/01\/Nacionalni_park_Kornati_5330_5524_3.jpg","keywords":["Definiranje ciljeva i mjera o\u010duvanja za nedovoljno poznate vrste flore i stani\u0161te tipove","flora and habitat types","oikon","SMART project"],"articleSection":["PROJEKTI","Za\u0161tita prirode"],"inLanguage":"hr-HR","potentialAction":[{"@type":"CommentAction","name":"Comment","target":["https:\/\/oikon.hr\/hr\/projekt-smart\/#respond"]}]},{"@type":"WebPage","@id":"https:\/\/oikon.hr\/hr\/projekt-smart\/","url":"https:\/\/oikon.hr\/hr\/projekt-smart\/","name":"Projekt SMART: Definiranje ciljeva i mjera o\u010duvanja za nedovoljno poznate vrste flore i stani\u0161te tipove &#8211; Oikon d.o.o.","isPartOf":{"@id":"https:\/\/oikon.hr\/#website"},"primaryImageOfPage":{"@id":"https:\/\/oikon.hr\/hr\/projekt-smart\/#primaryimage"},"image":{"@id":"https:\/\/oikon.hr\/hr\/projekt-smart\/#primaryimage"},"thumbnailUrl":"https:\/\/oikon.hr\/cms\/wp-content\/uploads\/2024\/01\/Nacionalni_park_Kornati_5330_5524_3.jpg","datePublished":"2023-08-16T11:11:59+00:00","dateModified":"2024-01-16T12:30:26+00:00","description":"Ministarstvo gospodarstva i odr\u017eivog razvoja","breadcrumb":{"@id":"https:\/\/oikon.hr\/hr\/projekt-smart\/#breadcrumb"},"inLanguage":"hr-HR","potentialAction":[{"@type":"ReadAction","target":["https:\/\/oikon.hr\/hr\/projekt-smart\/"]}]},{"@type":"ImageObject","inLanguage":"hr-HR","@id":"https:\/\/oikon.hr\/hr\/projekt-smart\/#primaryimage","url":"https:\/\/oikon.hr\/cms\/wp-content\/uploads\/2024\/01\/Nacionalni_park_Kornati_5330_5524_3.jpg","contentUrl":"https:\/\/oikon.hr\/cms\/wp-content\/uploads\/2024\/01\/Nacionalni_park_Kornati_5330_5524_3.jpg","width":2000,"height":1333},{"@type":"BreadcrumbList","@id":"https:\/\/oikon.hr\/hr\/projekt-smart\/#breadcrumb","itemListElement":[{"@type":"ListItem","position":1,"name":"","item":"https:\/\/oikon.hr\/hr\/"},{"@type":"ListItem","position":2,"name":"Projects","item":"https:\/\/oikon.hr\/topic\/projects\/"},{"@type":"ListItem","position":3,"name":"Projekt SMART: Definiranje ciljeva i mjera o\u010duvanja za nedovoljno poznate vrste flore i stani\u0161te tipove"}]},{"@type":"WebSite","@id":"https:\/\/oikon.hr\/#website","url":"https:\/\/oikon.hr\/","name":"Oikon d.o.o.","description":"Institut za primijenjenu ekologiju","publisher":{"@id":"https:\/\/oikon.hr\/#organization"},"alternateName":"OIKON","potentialAction":[{"@type":"SearchAction","target":{"@type":"EntryPoint","urlTemplate":"https:\/\/oikon.hr\/?s={search_term_string}"},"query-input":{"@type":"PropertyValueSpecification","valueRequired":true,"valueName":"search_term_string"}}],"inLanguage":"hr-HR"},{"@type":"Organization","@id":"https:\/\/oikon.hr\/#organization","name":"Oikon d.o.o. - Institut za primijenjenu ekologiju","alternateName":"OIKON","url":"https:\/\/oikon.hr\/","logo":{"@type":"ImageObject","inLanguage":"hr-HR","@id":"https:\/\/oikon.hr\/#\/schema\/logo\/image\/","url":"https:\/\/oikon.hr\/cms\/wp-content\/uploads\/2021\/01\/OIKON_R_logo_transparent.png","contentUrl":"https:\/\/oikon.hr\/cms\/wp-content\/uploads\/2021\/01\/OIKON_R_logo_transparent.png","width":1660,"height":541,"caption":"Oikon d.o.o. - Institut za primijenjenu ekologiju"},"image":{"@id":"https:\/\/oikon.hr\/#\/schema\/logo\/image\/"},"sameAs":["http:\/\/www.facebook.com\/OikonLtd\/","https:\/\/x.com\/OikonLtd","https:\/\/www.instagram.com\/oikon_ltd\/","https:\/\/www.linkedin.com\/company\/oikon---institute-for-applied-technology\/","https:\/\/www.youtube.com\/channel\/UCu_eJ0ct90AEN8D85KWcRHQ"]},{"@type":"Person","@id":"https:\/\/oikon.hr\/#\/schema\/person\/4fb14a46c1071083d5de459c14a82f7c","name":"oikonadministracija","image":{"@type":"ImageObject","inLanguage":"hr-HR","@id":"https:\/\/oikon.hr\/#\/schema\/person\/image\/","url":"https:\/\/secure.gravatar.com\/avatar\/e247aba33e5428fc6a24bbca24b92af36ceafa9a824508df7d1d40391c5f0748?s=96&d=mm&r=g","contentUrl":"https:\/\/secure.gravatar.com\/avatar\/e247aba33e5428fc6a24bbca24b92af36ceafa9a824508df7d1d40391c5f0748?s=96&d=mm&r=g","caption":"oikonadministracija"},"url":"https:\/\/oikon.hr\/hr\/author\/oikonadministracija\/"}]}},"_links":{"self":[{"href":"https:\/\/oikon.hr\/hr\/wp-json\/wp\/v2\/posts\/10308","targetHints":{"allow":["GET"]}}],"collection":[{"href":"https:\/\/oikon.hr\/hr\/wp-json\/wp\/v2\/posts"}],"about":[{"href":"https:\/\/oikon.hr\/hr\/wp-json\/wp\/v2\/types\/post"}],"author":[{"embeddable":true,"href":"https:\/\/oikon.hr\/hr\/wp-json\/wp\/v2\/users\/2"}],"replies":[{"embeddable":true,"href":"https:\/\/oikon.hr\/hr\/wp-json\/wp\/v2\/comments?post=10308"}],"version-history":[{"count":1,"href":"https:\/\/oikon.hr\/hr\/wp-json\/wp\/v2\/posts\/10308\/revisions"}],"predecessor-version":[{"id":10310,"href":"https:\/\/oikon.hr\/hr\/wp-json\/wp\/v2\/posts\/10308\/revisions\/10310"}],"wp:featuredmedia":[{"embeddable":true,"href":"https:\/\/oikon.hr\/hr\/wp-json\/wp\/v2\/media\/10304"}],"wp:attachment":[{"href":"https:\/\/oikon.hr\/hr\/wp-json\/wp\/v2\/media?parent=10308"}],"wp:term":[{"taxonomy":"category","embeddable":true,"href":"https:\/\/oikon.hr\/hr\/wp-json\/wp\/v2\/categories?post=10308"},{"taxonomy":"post_tag","embeddable":true,"href":"https:\/\/oikon.hr\/hr\/wp-json\/wp\/v2\/tags?post=10308"}],"curies":[{"name":"wp","href":"https:\/\/api.w.org\/{rel}","templated":true}]}}