{"id":10629,"date":"2023-04-22T15:30:00","date_gmt":"2023-04-22T13:30:00","guid":{"rendered":"https:\/\/oikon.hr\/?p=10629"},"modified":"2024-04-22T15:38:14","modified_gmt":"2024-04-22T13:38:14","slug":"strateska-studija-za-provedbu-strateske-procjene-utjecaja-na-okolis-operativnog-programa-konkurentnost-i-kohezija-2021-2027-i-integrirani-teritorijalni-program-2021-2027","status":"publish","type":"post","link":"https:\/\/oikon.hr\/hr\/strateska-studija-za-provedbu-strateske-procjene-utjecaja-na-okolis-operativnog-programa-konkurentnost-i-kohezija-2021-2027-i-integrirani-teritorijalni-program-2021-2027\/","title":{"rendered":"Strate\u0161ka studija za provedbu strate\u0161ke procjene utjecaja na okoli\u0161 Operativnog programa Konkurentnost i kohezija 2021.-2027. i Integrirani teritorijalni program 2021.-2027."},"content":{"rendered":"\n<p><strong>Naziv projekta:\u00a0<\/strong>Izrada Strate\u0161ke studije za provedbu strate\u0161ke procjene utjecaja na okoli\u0161 Operativnog programa Konkurentnost i kohezija 2021.-2027. i Integriranog teritorijalnog programa 2021.-2027.<\/p>\n\n\n\n<p><strong>Klijent:<\/strong>\u00a0Ministarstvo regionalnog razvoja i fondova Europske unije<br><strong>Trajanje:\u00a0<\/strong>09\/2021 \u2013 12\/2022<br><strong>Lokacija:<\/strong>\u00a0Hrvatska<\/p>\n\n\n\n<hr class=\"wp-block-separator has-alpha-channel-opacity\"\/>\n\n\n\n<p>Ovaj projekt uklju\u010divao je izradu Strate\u0161ke studije utjecaja na okoli\u0161\u00a0 za Operativni program Konkurentnost i kohezija 2021.-2027. i Integrirani teritorijalni program 2021.-2027. Primarni cilj bio je osigurati praksu odr\u017eivog razvoja koja je uskla\u0111ena s propisima i standardima za\u0161tite okoli\u0161a. Studija je uklju\u010divala i Glavnu ocjenu prihvatljivosti za ekolo\u0161ku mre\u017eu. <\/p>\n\n\n\n<p>Strate\u0161ka procjena utjecaja na okoli\u0161 uklju\u010dila je izradu Strate\u0161ke studije koja sadr\u017ei:<\/p>\n\n\n\n<ul class=\"wp-block-list\">\n<li>kratak pregled sadr\u017eaja i glavnih ciljeva i mjera Operativnog programa Konkurentnost i kohezija 2021.-2027. i Integrirani teritorijalni program 2021.-2027. (PKK i ITP 2021. \u2013 2027.);<\/li>\n\n\n\n<li>podatke o postoje\u0107em stanju okoli\u0161a i mogu\u0107i razvoj okoli\u0161a bez provedbe ciljeva i mjera PKK i ITP 2021. \u2013 2027.;<\/li>\n\n\n\n<li>okoli\u0161ne zna\u010dajke podru\u010dja, postoje\u0107e okoli\u0161ne probleme koji su va\u017eni za PKK i ITP 2021. \u2013 2027.;<\/li>\n\n\n\n<li>ciljeve za\u0161tite okoli\u0161a uspostavljene po zaklju\u010divanju me\u0111unarodnih ugovora i sporazuma, koji se odnose na PKK i ITP 2021. \u2013 2027.;<\/li>\n\n\n\n<li>vjerojatno zna\u010dajne utjecaje na okoli\u0161 ciljeva i mjera predlo\u017eenih programima PKK i ITP 2021. \u2013 2027.<\/li>\n\n\n\n<li>mjere za\u0161tite okoli\u0161a; <\/li>\n\n\n\n<li>opis predvi\u0111enog programa pra\u0107enja.<\/li>\n<\/ul>\n\n\n\n<p>Strate\u0161ka studija sadr\u017eavala je i Glavnu ocjenu prihvatljivosti za ekolo\u0161ku mre\u017eu koja sadr\u017ei: <\/p>\n\n\n\n<ul class=\"wp-block-list\">\n<li>opis ekolo\u0161ke mre\u017ee na koje provedba PKK i ITP 2021. \u2013 2027. mo\u017ee utjecati i kartografski prikaz podru\u010dja ekolo\u0161ke mre\u017ee; <\/li>\n\n\n\n<li>opis mogu\u0107ih zna\u010dajnih utjecaja provedbe PKK i ITP 2021. \u2013 2027. na ekolo\u0161ku mre\u017eu;<\/li>\n\n\n\n<li>prijedlog mjera ubla\u017eavanja negativnih utjecaja provedbe na ekolo\u0161ku mre\u017eu;<\/li>\n\n\n\n<li>kona\u010dna ocjena prihvatljivosti PKK i ITP 2021. \u2013 2027. za ekolo\u0161ku mre\u017eu uz primjenu predlo\u017eenih mjera ubla\u017eavanja. <\/li>\n<\/ul>\n\n\n\n<p>Strate\u0161ka studija slu\u017ei kao osnova za postupak strate\u0161ke procjene utjecaja na okoli\u0161 koja uklju\u010duje izmjene i dopune studije prema mi\u0161ljenju Stru\u010dnog savjetodavnog povjerenstva, ocjenu cjelovitosti i stru\u010dne utemeljenosti od strane Povjerenstva, javni uvid s javnim izlaganjem i sastanke sa svim sudionicima u procesu.<\/p>\n\n\n\n<figure class=\"wp-block-image size-large\"><img loading=\"lazy\" decoding=\"async\" width=\"1024\" height=\"576\" src=\"https:\/\/oikon.hr\/cms\/wp-content\/uploads\/2024\/04\/Hrvatska_karta-1024x576.png\" alt=\"\" class=\"wp-image-10630\" srcset=\"https:\/\/oikon.hr\/cms\/wp-content\/uploads\/2024\/04\/Hrvatska_karta-1024x576.png 1024w, https:\/\/oikon.hr\/cms\/wp-content\/uploads\/2024\/04\/Hrvatska_karta-300x169.png 300w, https:\/\/oikon.hr\/cms\/wp-content\/uploads\/2024\/04\/Hrvatska_karta-150x84.png 150w, https:\/\/oikon.hr\/cms\/wp-content\/uploads\/2024\/04\/Hrvatska_karta-768x432.png 768w, https:\/\/oikon.hr\/cms\/wp-content\/uploads\/2024\/04\/Hrvatska_karta-1536x864.png 1536w, https:\/\/oikon.hr\/cms\/wp-content\/uploads\/2024\/04\/Hrvatska_karta.png 1550w\" sizes=\"auto, (max-width: 1024px) 100vw, 1024px\" \/><\/figure>\n","protected":false},"excerpt":{"rendered":"<p>Ministarstvo regionalnog razvoja i fondova Europske unije<\/p>\n","protected":false},"author":2,"featured_media":10630,"comment_status":"open","ping_status":"open","sticky":false,"template":"","format":"standard","meta":{"_acf_changed":false,"footnotes":""},"categories":[799,802],"tags":[2408,835,2310,1326,812],"class_list":["post-10629","post","type-post","status-publish","format-standard","has-post-thumbnail","hentry","category-projekti","category-zastita-okolisa","tag-integrirani-teritorijalni-program","tag-oikon-hr","tag-opkk","tag-strateska-procjena-utjecaja-na-okolis-2","tag-strateska-studija"],"acf":[],"yoast_head":"<!-- This site is optimized with the Yoast SEO plugin v27.0 - https:\/\/yoast.com\/product\/yoast-seo-wordpress\/ -->\n<title>Strate\u0161ka studija za provedbu strate\u0161ke procjene utjecaja na okoli\u0161 Operativnog programa Konkurentnost i kohezija 2021.-2027. i Integrirani teritorijalni program 2021.-2027. &#8211; Oikon d.o.o.<\/title>\n<meta name=\"description\" content=\"Ministarstvo regionalnog razvoja i fondova Europske unije\" \/>\n<meta name=\"robots\" content=\"index, follow, max-snippet:-1, max-image-preview:large, max-video-preview:-1\" \/>\n<link rel=\"canonical\" href=\"https:\/\/oikon.hr\/hr\/strateska-studija-za-provedbu-strateske-procjene-utjecaja-na-okolis-operativnog-programa-konkurentnost-i-kohezija-2021-2027-i-integrirani-teritorijalni-program-2021-2027\/\" \/>\n<meta property=\"og:locale\" content=\"hr_HR\" \/>\n<meta property=\"og:type\" content=\"article\" \/>\n<meta property=\"og:title\" content=\"Strate\u0161ka studija za provedbu strate\u0161ke procjene utjecaja na okoli\u0161 Operativnog programa Konkurentnost i kohezija 2021.-2027. i Integrirani teritorijalni program 2021.-2027. &#8211; Oikon d.o.o.\" \/>\n<meta property=\"og:description\" content=\"Ministarstvo regionalnog razvoja i fondova Europske unije\" \/>\n<meta property=\"og:url\" content=\"https:\/\/oikon.hr\/hr\/strateska-studija-za-provedbu-strateske-procjene-utjecaja-na-okolis-operativnog-programa-konkurentnost-i-kohezija-2021-2027-i-integrirani-teritorijalni-program-2021-2027\/\" \/>\n<meta property=\"og:site_name\" content=\"Oikon d.o.o.\" \/>\n<meta property=\"article:publisher\" content=\"http:\/\/www.facebook.com\/OikonLtd\/\" \/>\n<meta property=\"article:published_time\" content=\"2023-04-22T13:30:00+00:00\" \/>\n<meta property=\"article:modified_time\" content=\"2024-04-22T13:38:14+00:00\" \/>\n<meta property=\"og:image\" content=\"https:\/\/oikon.hr\/cms\/wp-content\/uploads\/2024\/04\/Hrvatska_karta.png\" \/>\n\t<meta property=\"og:image:width\" content=\"1550\" \/>\n\t<meta property=\"og:image:height\" content=\"872\" \/>\n\t<meta property=\"og:image:type\" content=\"image\/png\" \/>\n<meta name=\"author\" content=\"oikonadministracija\" \/>\n<meta name=\"twitter:card\" content=\"summary_large_image\" \/>\n<meta name=\"twitter:creator\" content=\"@OikonLtd\" \/>\n<meta name=\"twitter:site\" content=\"@OikonLtd\" \/>\n<meta name=\"twitter:label1\" content=\"Written by\" \/>\n\t<meta name=\"twitter:data1\" content=\"oikonadministracija\" \/>\n\t<meta name=\"twitter:label2\" content=\"Est. reading time\" \/>\n\t<meta name=\"twitter:data2\" content=\"2 minutes\" \/>\n<script type=\"application\/ld+json\" class=\"yoast-schema-graph\">{\"@context\":\"https:\/\/schema.org\",\"@graph\":[{\"@type\":\"Article\",\"@id\":\"https:\/\/oikon.hr\/hr\/strateska-studija-za-provedbu-strateske-procjene-utjecaja-na-okolis-operativnog-programa-konkurentnost-i-kohezija-2021-2027-i-integrirani-teritorijalni-program-2021-2027\/#article\",\"isPartOf\":{\"@id\":\"https:\/\/oikon.hr\/hr\/strateska-studija-za-provedbu-strateske-procjene-utjecaja-na-okolis-operativnog-programa-konkurentnost-i-kohezija-2021-2027-i-integrirani-teritorijalni-program-2021-2027\/\"},\"author\":{\"name\":\"oikonadministracija\",\"@id\":\"https:\/\/oikon.hr\/#\/schema\/person\/4fb14a46c1071083d5de459c14a82f7c\"},\"headline\":\"Strate\u0161ka studija za provedbu strate\u0161ke procjene utjecaja na okoli\u0161 Operativnog programa Konkurentnost i kohezija 2021.-2027. i Integrirani teritorijalni program 2021.-2027.\",\"datePublished\":\"2023-04-22T13:30:00+00:00\",\"dateModified\":\"2024-04-22T13:38:14+00:00\",\"mainEntityOfPage\":{\"@id\":\"https:\/\/oikon.hr\/hr\/strateska-studija-za-provedbu-strateske-procjene-utjecaja-na-okolis-operativnog-programa-konkurentnost-i-kohezija-2021-2027-i-integrirani-teritorijalni-program-2021-2027\/\"},\"wordCount\":379,\"commentCount\":0,\"publisher\":{\"@id\":\"https:\/\/oikon.hr\/#organization\"},\"image\":{\"@id\":\"https:\/\/oikon.hr\/hr\/strateska-studija-za-provedbu-strateske-procjene-utjecaja-na-okolis-operativnog-programa-konkurentnost-i-kohezija-2021-2027-i-integrirani-teritorijalni-program-2021-2027\/#primaryimage\"},\"thumbnailUrl\":\"https:\/\/oikon.hr\/cms\/wp-content\/uploads\/2024\/04\/Hrvatska_karta.png\",\"keywords\":[\"Integrirani teritorijalni program\",\"oikon\",\"OPKK\",\"strate\u0161ka procjena utjecaja na okoli\u0161\",\"strate\u0161ka studija\"],\"articleSection\":[\"PROJEKTI\",\"Za\u0161tita okoli\u0161a\"],\"inLanguage\":\"hr-HR\",\"potentialAction\":[{\"@type\":\"CommentAction\",\"name\":\"Comment\",\"target\":[\"https:\/\/oikon.hr\/hr\/strateska-studija-za-provedbu-strateske-procjene-utjecaja-na-okolis-operativnog-programa-konkurentnost-i-kohezija-2021-2027-i-integrirani-teritorijalni-program-2021-2027\/#respond\"]}]},{\"@type\":\"WebPage\",\"@id\":\"https:\/\/oikon.hr\/hr\/strateska-studija-za-provedbu-strateske-procjene-utjecaja-na-okolis-operativnog-programa-konkurentnost-i-kohezija-2021-2027-i-integrirani-teritorijalni-program-2021-2027\/\",\"url\":\"https:\/\/oikon.hr\/hr\/strateska-studija-za-provedbu-strateske-procjene-utjecaja-na-okolis-operativnog-programa-konkurentnost-i-kohezija-2021-2027-i-integrirani-teritorijalni-program-2021-2027\/\",\"name\":\"Strate\u0161ka studija za provedbu strate\u0161ke procjene utjecaja na okoli\u0161 Operativnog programa Konkurentnost i kohezija 2021.-2027. i Integrirani teritorijalni program 2021.-2027. &#8211; Oikon d.o.o.\",\"isPartOf\":{\"@id\":\"https:\/\/oikon.hr\/#website\"},\"primaryImageOfPage\":{\"@id\":\"https:\/\/oikon.hr\/hr\/strateska-studija-za-provedbu-strateske-procjene-utjecaja-na-okolis-operativnog-programa-konkurentnost-i-kohezija-2021-2027-i-integrirani-teritorijalni-program-2021-2027\/#primaryimage\"},\"image\":{\"@id\":\"https:\/\/oikon.hr\/hr\/strateska-studija-za-provedbu-strateske-procjene-utjecaja-na-okolis-operativnog-programa-konkurentnost-i-kohezija-2021-2027-i-integrirani-teritorijalni-program-2021-2027\/#primaryimage\"},\"thumbnailUrl\":\"https:\/\/oikon.hr\/cms\/wp-content\/uploads\/2024\/04\/Hrvatska_karta.png\",\"datePublished\":\"2023-04-22T13:30:00+00:00\",\"dateModified\":\"2024-04-22T13:38:14+00:00\",\"description\":\"Ministarstvo regionalnog razvoja i fondova Europske unije\",\"breadcrumb\":{\"@id\":\"https:\/\/oikon.hr\/hr\/strateska-studija-za-provedbu-strateske-procjene-utjecaja-na-okolis-operativnog-programa-konkurentnost-i-kohezija-2021-2027-i-integrirani-teritorijalni-program-2021-2027\/#breadcrumb\"},\"inLanguage\":\"hr-HR\",\"potentialAction\":[{\"@type\":\"ReadAction\",\"target\":[\"https:\/\/oikon.hr\/hr\/strateska-studija-za-provedbu-strateske-procjene-utjecaja-na-okolis-operativnog-programa-konkurentnost-i-kohezija-2021-2027-i-integrirani-teritorijalni-program-2021-2027\/\"]}]},{\"@type\":\"ImageObject\",\"inLanguage\":\"hr-HR\",\"@id\":\"https:\/\/oikon.hr\/hr\/strateska-studija-za-provedbu-strateske-procjene-utjecaja-na-okolis-operativnog-programa-konkurentnost-i-kohezija-2021-2027-i-integrirani-teritorijalni-program-2021-2027\/#primaryimage\",\"url\":\"https:\/\/oikon.hr\/cms\/wp-content\/uploads\/2024\/04\/Hrvatska_karta.png\",\"contentUrl\":\"https:\/\/oikon.hr\/cms\/wp-content\/uploads\/2024\/04\/Hrvatska_karta.png\",\"width\":1550,\"height\":872},{\"@type\":\"BreadcrumbList\",\"@id\":\"https:\/\/oikon.hr\/hr\/strateska-studija-za-provedbu-strateske-procjene-utjecaja-na-okolis-operativnog-programa-konkurentnost-i-kohezija-2021-2027-i-integrirani-teritorijalni-program-2021-2027\/#breadcrumb\",\"itemListElement\":[{\"@type\":\"ListItem\",\"position\":1,\"name\":\"\",\"item\":\"https:\/\/oikon.hr\/hr\/\"},{\"@type\":\"ListItem\",\"position\":2,\"name\":\"PROJEKTI\",\"item\":\"https:\/\/oikon.hr\/hr\/topic\/projekti\/\"},{\"@type\":\"ListItem\",\"position\":3,\"name\":\"Strate\u0161ka studija za provedbu strate\u0161ke procjene utjecaja na okoli\u0161 Operativnog programa Konkurentnost i kohezija 2021.-2027. i Integrirani teritorijalni program 2021.-2027.\"}]},{\"@type\":\"WebSite\",\"@id\":\"https:\/\/oikon.hr\/#website\",\"url\":\"https:\/\/oikon.hr\/\",\"name\":\"Oikon d.o.o.\",\"description\":\"Institut za primijenjenu ekologiju\",\"publisher\":{\"@id\":\"https:\/\/oikon.hr\/#organization\"},\"alternateName\":\"OIKON\",\"potentialAction\":[{\"@type\":\"SearchAction\",\"target\":{\"@type\":\"EntryPoint\",\"urlTemplate\":\"https:\/\/oikon.hr\/?s={search_term_string}\"},\"query-input\":{\"@type\":\"PropertyValueSpecification\",\"valueRequired\":true,\"valueName\":\"search_term_string\"}}],\"inLanguage\":\"hr-HR\"},{\"@type\":\"Organization\",\"@id\":\"https:\/\/oikon.hr\/#organization\",\"name\":\"Oikon d.o.o. - Institut za primijenjenu ekologiju\",\"alternateName\":\"OIKON\",\"url\":\"https:\/\/oikon.hr\/\",\"logo\":{\"@type\":\"ImageObject\",\"inLanguage\":\"hr-HR\",\"@id\":\"https:\/\/oikon.hr\/#\/schema\/logo\/image\/\",\"url\":\"https:\/\/oikon.hr\/cms\/wp-content\/uploads\/2021\/01\/OIKON_R_logo_transparent.png\",\"contentUrl\":\"https:\/\/oikon.hr\/cms\/wp-content\/uploads\/2021\/01\/OIKON_R_logo_transparent.png\",\"width\":1660,\"height\":541,\"caption\":\"Oikon d.o.o. - Institut za primijenjenu ekologiju\"},\"image\":{\"@id\":\"https:\/\/oikon.hr\/#\/schema\/logo\/image\/\"},\"sameAs\":[\"http:\/\/www.facebook.com\/OikonLtd\/\",\"https:\/\/x.com\/OikonLtd\",\"https:\/\/www.instagram.com\/oikon_ltd\/\",\"https:\/\/www.linkedin.com\/company\/oikon---institute-for-applied-technology\/\",\"https:\/\/www.youtube.com\/channel\/UCu_eJ0ct90AEN8D85KWcRHQ\"]},{\"@type\":\"Person\",\"@id\":\"https:\/\/oikon.hr\/#\/schema\/person\/4fb14a46c1071083d5de459c14a82f7c\",\"name\":\"oikonadministracija\",\"image\":{\"@type\":\"ImageObject\",\"inLanguage\":\"hr-HR\",\"@id\":\"https:\/\/oikon.hr\/#\/schema\/person\/image\/\",\"url\":\"https:\/\/secure.gravatar.com\/avatar\/e247aba33e5428fc6a24bbca24b92af36ceafa9a824508df7d1d40391c5f0748?s=96&d=mm&r=g\",\"contentUrl\":\"https:\/\/secure.gravatar.com\/avatar\/e247aba33e5428fc6a24bbca24b92af36ceafa9a824508df7d1d40391c5f0748?s=96&d=mm&r=g\",\"caption\":\"oikonadministracija\"},\"url\":\"https:\/\/oikon.hr\/hr\/author\/oikonadministracija\/\"}]}<\/script>\n<!-- \/ Yoast SEO plugin. -->","yoast_head_json":{"title":"Strate\u0161ka studija za provedbu strate\u0161ke procjene utjecaja na okoli\u0161 Operativnog programa Konkurentnost i kohezija 2021.-2027. i Integrirani teritorijalni program 2021.-2027. &#8211; Oikon d.o.o.","description":"Ministarstvo regionalnog razvoja i fondova Europske unije","robots":{"index":"index","follow":"follow","max-snippet":"max-snippet:-1","max-image-preview":"max-image-preview:large","max-video-preview":"max-video-preview:-1"},"canonical":"https:\/\/oikon.hr\/hr\/strateska-studija-za-provedbu-strateske-procjene-utjecaja-na-okolis-operativnog-programa-konkurentnost-i-kohezija-2021-2027-i-integrirani-teritorijalni-program-2021-2027\/","og_locale":"hr_HR","og_type":"article","og_title":"Strate\u0161ka studija za provedbu strate\u0161ke procjene utjecaja na okoli\u0161 Operativnog programa Konkurentnost i kohezija 2021.-2027. i Integrirani teritorijalni program 2021.-2027. &#8211; Oikon d.o.o.","og_description":"Ministarstvo regionalnog razvoja i fondova Europske unije","og_url":"https:\/\/oikon.hr\/hr\/strateska-studija-za-provedbu-strateske-procjene-utjecaja-na-okolis-operativnog-programa-konkurentnost-i-kohezija-2021-2027-i-integrirani-teritorijalni-program-2021-2027\/","og_site_name":"Oikon d.o.o.","article_publisher":"http:\/\/www.facebook.com\/OikonLtd\/","article_published_time":"2023-04-22T13:30:00+00:00","article_modified_time":"2024-04-22T13:38:14+00:00","og_image":[{"width":1550,"height":872,"url":"https:\/\/oikon.hr\/cms\/wp-content\/uploads\/2024\/04\/Hrvatska_karta.png","type":"image\/png"}],"author":"oikonadministracija","twitter_card":"summary_large_image","twitter_creator":"@OikonLtd","twitter_site":"@OikonLtd","twitter_misc":{"Written by":"oikonadministracija","Est. reading time":"2 minutes"},"schema":{"@context":"https:\/\/schema.org","@graph":[{"@type":"Article","@id":"https:\/\/oikon.hr\/hr\/strateska-studija-za-provedbu-strateske-procjene-utjecaja-na-okolis-operativnog-programa-konkurentnost-i-kohezija-2021-2027-i-integrirani-teritorijalni-program-2021-2027\/#article","isPartOf":{"@id":"https:\/\/oikon.hr\/hr\/strateska-studija-za-provedbu-strateske-procjene-utjecaja-na-okolis-operativnog-programa-konkurentnost-i-kohezija-2021-2027-i-integrirani-teritorijalni-program-2021-2027\/"},"author":{"name":"oikonadministracija","@id":"https:\/\/oikon.hr\/#\/schema\/person\/4fb14a46c1071083d5de459c14a82f7c"},"headline":"Strate\u0161ka studija za provedbu strate\u0161ke procjene utjecaja na okoli\u0161 Operativnog programa Konkurentnost i kohezija 2021.-2027. i Integrirani teritorijalni program 2021.-2027.","datePublished":"2023-04-22T13:30:00+00:00","dateModified":"2024-04-22T13:38:14+00:00","mainEntityOfPage":{"@id":"https:\/\/oikon.hr\/hr\/strateska-studija-za-provedbu-strateske-procjene-utjecaja-na-okolis-operativnog-programa-konkurentnost-i-kohezija-2021-2027-i-integrirani-teritorijalni-program-2021-2027\/"},"wordCount":379,"commentCount":0,"publisher":{"@id":"https:\/\/oikon.hr\/#organization"},"image":{"@id":"https:\/\/oikon.hr\/hr\/strateska-studija-za-provedbu-strateske-procjene-utjecaja-na-okolis-operativnog-programa-konkurentnost-i-kohezija-2021-2027-i-integrirani-teritorijalni-program-2021-2027\/#primaryimage"},"thumbnailUrl":"https:\/\/oikon.hr\/cms\/wp-content\/uploads\/2024\/04\/Hrvatska_karta.png","keywords":["Integrirani teritorijalni program","oikon","OPKK","strate\u0161ka procjena utjecaja na okoli\u0161","strate\u0161ka studija"],"articleSection":["PROJEKTI","Za\u0161tita okoli\u0161a"],"inLanguage":"hr-HR","potentialAction":[{"@type":"CommentAction","name":"Comment","target":["https:\/\/oikon.hr\/hr\/strateska-studija-za-provedbu-strateske-procjene-utjecaja-na-okolis-operativnog-programa-konkurentnost-i-kohezija-2021-2027-i-integrirani-teritorijalni-program-2021-2027\/#respond"]}]},{"@type":"WebPage","@id":"https:\/\/oikon.hr\/hr\/strateska-studija-za-provedbu-strateske-procjene-utjecaja-na-okolis-operativnog-programa-konkurentnost-i-kohezija-2021-2027-i-integrirani-teritorijalni-program-2021-2027\/","url":"https:\/\/oikon.hr\/hr\/strateska-studija-za-provedbu-strateske-procjene-utjecaja-na-okolis-operativnog-programa-konkurentnost-i-kohezija-2021-2027-i-integrirani-teritorijalni-program-2021-2027\/","name":"Strate\u0161ka studija za provedbu strate\u0161ke procjene utjecaja na okoli\u0161 Operativnog programa Konkurentnost i kohezija 2021.-2027. i Integrirani teritorijalni program 2021.-2027. &#8211; Oikon d.o.o.","isPartOf":{"@id":"https:\/\/oikon.hr\/#website"},"primaryImageOfPage":{"@id":"https:\/\/oikon.hr\/hr\/strateska-studija-za-provedbu-strateske-procjene-utjecaja-na-okolis-operativnog-programa-konkurentnost-i-kohezija-2021-2027-i-integrirani-teritorijalni-program-2021-2027\/#primaryimage"},"image":{"@id":"https:\/\/oikon.hr\/hr\/strateska-studija-za-provedbu-strateske-procjene-utjecaja-na-okolis-operativnog-programa-konkurentnost-i-kohezija-2021-2027-i-integrirani-teritorijalni-program-2021-2027\/#primaryimage"},"thumbnailUrl":"https:\/\/oikon.hr\/cms\/wp-content\/uploads\/2024\/04\/Hrvatska_karta.png","datePublished":"2023-04-22T13:30:00+00:00","dateModified":"2024-04-22T13:38:14+00:00","description":"Ministarstvo regionalnog razvoja i fondova Europske unije","breadcrumb":{"@id":"https:\/\/oikon.hr\/hr\/strateska-studija-za-provedbu-strateske-procjene-utjecaja-na-okolis-operativnog-programa-konkurentnost-i-kohezija-2021-2027-i-integrirani-teritorijalni-program-2021-2027\/#breadcrumb"},"inLanguage":"hr-HR","potentialAction":[{"@type":"ReadAction","target":["https:\/\/oikon.hr\/hr\/strateska-studija-za-provedbu-strateske-procjene-utjecaja-na-okolis-operativnog-programa-konkurentnost-i-kohezija-2021-2027-i-integrirani-teritorijalni-program-2021-2027\/"]}]},{"@type":"ImageObject","inLanguage":"hr-HR","@id":"https:\/\/oikon.hr\/hr\/strateska-studija-za-provedbu-strateske-procjene-utjecaja-na-okolis-operativnog-programa-konkurentnost-i-kohezija-2021-2027-i-integrirani-teritorijalni-program-2021-2027\/#primaryimage","url":"https:\/\/oikon.hr\/cms\/wp-content\/uploads\/2024\/04\/Hrvatska_karta.png","contentUrl":"https:\/\/oikon.hr\/cms\/wp-content\/uploads\/2024\/04\/Hrvatska_karta.png","width":1550,"height":872},{"@type":"BreadcrumbList","@id":"https:\/\/oikon.hr\/hr\/strateska-studija-za-provedbu-strateske-procjene-utjecaja-na-okolis-operativnog-programa-konkurentnost-i-kohezija-2021-2027-i-integrirani-teritorijalni-program-2021-2027\/#breadcrumb","itemListElement":[{"@type":"ListItem","position":1,"name":"","item":"https:\/\/oikon.hr\/hr\/"},{"@type":"ListItem","position":2,"name":"PROJEKTI","item":"https:\/\/oikon.hr\/hr\/topic\/projekti\/"},{"@type":"ListItem","position":3,"name":"Strate\u0161ka studija za provedbu strate\u0161ke procjene utjecaja na okoli\u0161 Operativnog programa Konkurentnost i kohezija 2021.-2027. i Integrirani teritorijalni program 2021.-2027."}]},{"@type":"WebSite","@id":"https:\/\/oikon.hr\/#website","url":"https:\/\/oikon.hr\/","name":"Oikon d.o.o.","description":"Institut za primijenjenu ekologiju","publisher":{"@id":"https:\/\/oikon.hr\/#organization"},"alternateName":"OIKON","potentialAction":[{"@type":"SearchAction","target":{"@type":"EntryPoint","urlTemplate":"https:\/\/oikon.hr\/?s={search_term_string}"},"query-input":{"@type":"PropertyValueSpecification","valueRequired":true,"valueName":"search_term_string"}}],"inLanguage":"hr-HR"},{"@type":"Organization","@id":"https:\/\/oikon.hr\/#organization","name":"Oikon d.o.o. - Institut za primijenjenu ekologiju","alternateName":"OIKON","url":"https:\/\/oikon.hr\/","logo":{"@type":"ImageObject","inLanguage":"hr-HR","@id":"https:\/\/oikon.hr\/#\/schema\/logo\/image\/","url":"https:\/\/oikon.hr\/cms\/wp-content\/uploads\/2021\/01\/OIKON_R_logo_transparent.png","contentUrl":"https:\/\/oikon.hr\/cms\/wp-content\/uploads\/2021\/01\/OIKON_R_logo_transparent.png","width":1660,"height":541,"caption":"Oikon d.o.o. - Institut za primijenjenu ekologiju"},"image":{"@id":"https:\/\/oikon.hr\/#\/schema\/logo\/image\/"},"sameAs":["http:\/\/www.facebook.com\/OikonLtd\/","https:\/\/x.com\/OikonLtd","https:\/\/www.instagram.com\/oikon_ltd\/","https:\/\/www.linkedin.com\/company\/oikon---institute-for-applied-technology\/","https:\/\/www.youtube.com\/channel\/UCu_eJ0ct90AEN8D85KWcRHQ"]},{"@type":"Person","@id":"https:\/\/oikon.hr\/#\/schema\/person\/4fb14a46c1071083d5de459c14a82f7c","name":"oikonadministracija","image":{"@type":"ImageObject","inLanguage":"hr-HR","@id":"https:\/\/oikon.hr\/#\/schema\/person\/image\/","url":"https:\/\/secure.gravatar.com\/avatar\/e247aba33e5428fc6a24bbca24b92af36ceafa9a824508df7d1d40391c5f0748?s=96&d=mm&r=g","contentUrl":"https:\/\/secure.gravatar.com\/avatar\/e247aba33e5428fc6a24bbca24b92af36ceafa9a824508df7d1d40391c5f0748?s=96&d=mm&r=g","caption":"oikonadministracija"},"url":"https:\/\/oikon.hr\/hr\/author\/oikonadministracija\/"}]}},"_links":{"self":[{"href":"https:\/\/oikon.hr\/hr\/wp-json\/wp\/v2\/posts\/10629","targetHints":{"allow":["GET"]}}],"collection":[{"href":"https:\/\/oikon.hr\/hr\/wp-json\/wp\/v2\/posts"}],"about":[{"href":"https:\/\/oikon.hr\/hr\/wp-json\/wp\/v2\/types\/post"}],"author":[{"embeddable":true,"href":"https:\/\/oikon.hr\/hr\/wp-json\/wp\/v2\/users\/2"}],"replies":[{"embeddable":true,"href":"https:\/\/oikon.hr\/hr\/wp-json\/wp\/v2\/comments?post=10629"}],"version-history":[{"count":1,"href":"https:\/\/oikon.hr\/hr\/wp-json\/wp\/v2\/posts\/10629\/revisions"}],"predecessor-version":[{"id":10632,"href":"https:\/\/oikon.hr\/hr\/wp-json\/wp\/v2\/posts\/10629\/revisions\/10632"}],"wp:featuredmedia":[{"embeddable":true,"href":"https:\/\/oikon.hr\/hr\/wp-json\/wp\/v2\/media\/10630"}],"wp:attachment":[{"href":"https:\/\/oikon.hr\/hr\/wp-json\/wp\/v2\/media?parent=10629"}],"wp:term":[{"taxonomy":"category","embeddable":true,"href":"https:\/\/oikon.hr\/hr\/wp-json\/wp\/v2\/categories?post=10629"},{"taxonomy":"post_tag","embeddable":true,"href":"https:\/\/oikon.hr\/hr\/wp-json\/wp\/v2\/tags?post=10629"}],"curies":[{"name":"wp","href":"https:\/\/api.w.org\/{rel}","templated":true}]}}