{"id":11401,"date":"2022-10-01T13:29:00","date_gmt":"2022-10-01T11:29:00","guid":{"rendered":"https:\/\/oikon.hr\/preparation-of-national-strategy-and-action-plan-for-transition-from-coal-of-slovenian-coal-regions\/"},"modified":"2024-10-01T13:38:28","modified_gmt":"2024-10-01T11:38:28","slug":"izrada-nacionalne-strategije-i-akcijskog-plana-za-prijelaz-s-ugljena-u-slovenskim-rudarskim-regijama","status":"publish","type":"post","link":"https:\/\/oikon.hr\/hr\/izrada-nacionalne-strategije-i-akcijskog-plana-za-prijelaz-s-ugljena-u-slovenskim-rudarskim-regijama\/","title":{"rendered":"Izrada Nacionalne strategije i akcijskog plana za prijelaz s ugljena u slovenskim rudarskim regijama"},"content":{"rendered":"\n<p><strong>Naziv projekta:\u00a0<\/strong>Izrada Nacionalne strategije i akcijskog plana za prijelaz s ugljena u slovenskim rudarskim regijama<\/p>\n\n\n\n<p><strong>Client:<\/strong>&nbsp;Deloitte svetovanje d.o.o.<\/p>\n\n\n\n<p><strong>Trajanje:\u00a0<\/strong>06\/2020 \u2013 02\/2021<br><strong>Lokacija:<\/strong>\u00a0Slovenija<\/p>\n\n\n\n<p><strong>Zahtjev za uslugom:\u00a0<\/strong>REFORM\/SC2020\/004<br><strong>Okvirni ugovor:<\/strong>\u00a0SRSS\/2018\/01\/FWC\/002<\/p>\n\n\n\n<hr class=\"wp-block-separator has-alpha-channel-opacity\"\/>\n\n\n\n<p>Pri pripremi nacionalnog energetskog i klimatskog plana za 2030. i dugoro\u010dne strategije za smanjenje emisija stakleni\u010dkih plinova do 2050., u skladu s Uredbom (EU) 2018\/1999, Slovenija je trebala razmotriti pristup postupnom ukidanju ugljena kako bi bio u skladu s op\u0107im klimatskim i energetskim ciljevima EU-a.<\/p>\n\n\n\n<p>Projektom je slovenskim vlastima pru\u017eeno potrebno stru\u010dno znanje za pravodobno dono\u0161enje odluke o postupnom ukidanju ugljena i restrukturiranju rudarskih regija: i. nacionalna strategija za postupno ukidanje ugljena do 2050. koja uklju\u010duje viziju za obje regije te ii. dva akcijska plana za 2030. s posebnim mjerama i instrumentima, uklju\u010duju\u0107i izglede za 2040.<\/p>\n\n\n\n<p>U tu je svrhu Glavna uprava za reformu pokrenula zahtjev za uslugu na temelju vi\u0161estrukog okvirnog ugovora za potporu strukturnim reformama u dr\u017eavama \u010dlanicama EU-a za pru\u017eanje nacionalnih strategija i akcijskih planova za postupno ukidanje i restrukturiranje slovenskih rudarskih regija (Savinjsko-\u0161ale\u0161ka i Zasavje), u skladu s na\u010delom pravedne tranzicije.<\/p>\n\n\n\n<p>Kao rezultat toga, pripremljeno je Izvje\u0161\u0107e o analizi klju\u010dnih prilika i izazova. U sklopu ugovora, Oikon je sudjelovao u sljede\u0107im rezultatima, usmjerenim na aspekte utjecaja na okoli\u0161:<\/p>\n\n\n\n<ul class=\"wp-block-list\">\n<li>Analiza klju\u010dnih prilika i izazova slovenskih rudarskih regija<\/li>\n\n\n\n<li>Nacrt nacionalne strategije za postupno ukidanje ugljena i restrukturiranje regija u skladu s na\u010delom pravedne tranzicije<\/li>\n\n\n\n<li>Kona\u010dna nacionalna strategija za postupno ukidanje ugljena i restrukturiranje regija u skladu s na\u010delom pravedne tranzicije<\/li>\n\n\n\n<li>Akcijski planovi tranzicije savinjsko-\u0161ale\u0161ke i zasavske regije s visokim emisijama ugljena do 2030. godine<\/li>\n<\/ul>\n\n\n\n<p>Te je obavljao sljede\u0107e aktivnosti:<\/p>\n\n\n\n<ul class=\"wp-block-list\">\n<li>Intervjui i fokus grupe s dionicima<\/li>\n\n\n\n<li>Analiza scenarija, uklju\u010duju\u0107i analizu tro\u0161kova i koristi, SWOT analizu, analizu ekonomskog i socijalnog restrukturiranja te pravnu reviziju (min 3 scenarija)<\/li>\n\n\n\n<li>Utvr\u0111ivanje klju\u010dnih prioriteta postupnog ukidanja i restrukturiranja ugljena<\/li>\n\n\n\n<li>Javno savjetovanje (organizacija najmanje jedne konferencije i zapisnik)<\/li>\n\n\n\n<li>Revizija strategije na temelju javnog savjetovanja i uskla\u0111ivanja s nalazima Strate\u0161ke procjene utjecaja na okoli\u0161<\/li>\n\n\n\n<li>Razvoj mjera (uklju\u010duju\u0107i vremenski okvir i financiranje)<\/li>\n\n\n\n<li>Priprema dugog popisa projekata<\/li>\n\n\n\n<li>U\u017ei izbor projekata na temelju kriterija odabira<\/li>\n\n\n\n<li>Preispitivanje i uskla\u0111ivanje kona\u010dnih akcijskih planova.<\/li>\n<\/ul>\n\n\n\n<figure class=\"wp-block-image size-large\"><img loading=\"lazy\" decoding=\"async\" width=\"1024\" height=\"768\" src=\"https:\/\/oikon.hr\/cms\/wp-content\/uploads\/2024\/10\/DJI_0325_lowRes_Photo_TES-1024x768.jpg\" alt=\"\" class=\"wp-image-11398\" srcset=\"https:\/\/oikon.hr\/cms\/wp-content\/uploads\/2024\/10\/DJI_0325_lowRes_Photo_TES-1024x768.jpg 1024w, https:\/\/oikon.hr\/cms\/wp-content\/uploads\/2024\/10\/DJI_0325_lowRes_Photo_TES-300x225.jpg 300w, https:\/\/oikon.hr\/cms\/wp-content\/uploads\/2024\/10\/DJI_0325_lowRes_Photo_TES-150x112.jpg 150w, https:\/\/oikon.hr\/cms\/wp-content\/uploads\/2024\/10\/DJI_0325_lowRes_Photo_TES-768x576.jpg 768w, https:\/\/oikon.hr\/cms\/wp-content\/uploads\/2024\/10\/DJI_0325_lowRes_Photo_TES-1536x1152.jpg 1536w, https:\/\/oikon.hr\/cms\/wp-content\/uploads\/2024\/10\/DJI_0325_lowRes_Photo_TES.jpg 1622w\" sizes=\"auto, (max-width: 1024px) 100vw, 1024px\" \/><figcaption class=\"wp-element-caption\">Photo: TE\u0160<\/figcaption><\/figure>\n","protected":false},"excerpt":{"rendered":"<p>Deloitte svetovanje d.o.o.<\/p>\n","protected":false},"author":2,"featured_media":11399,"comment_status":"open","ping_status":"open","sticky":false,"template":"","format":"standard","meta":{"_acf_changed":false,"footnotes":""},"categories":[799,802],"tags":[835,2527],"class_list":["post-11401","post","type-post","status-publish","format-standard","has-post-thumbnail","hentry","category-projekti","category-zastita-okolisa","tag-oikon-hr","tag-slovenian-coal-regions-hr"],"acf":[],"yoast_head":"<!-- This site is optimized with the Yoast SEO plugin v27.0 - https:\/\/yoast.com\/product\/yoast-seo-wordpress\/ -->\n<title>Izrada Nacionalne strategije i akcijskog plana za prijelaz s ugljena u slovenskim rudarskim regijama &#8211; Oikon d.o.o.<\/title>\n<meta name=\"description\" content=\"Deloitte svetovanje d.o.o.\" \/>\n<meta name=\"robots\" content=\"index, follow, max-snippet:-1, max-image-preview:large, max-video-preview:-1\" \/>\n<link rel=\"canonical\" href=\"https:\/\/oikon.hr\/hr\/izrada-nacionalne-strategije-i-akcijskog-plana-za-prijelaz-s-ugljena-u-slovenskim-rudarskim-regijama\/\" \/>\n<meta property=\"og:locale\" content=\"hr_HR\" \/>\n<meta property=\"og:type\" content=\"article\" \/>\n<meta property=\"og:title\" content=\"Izrada Nacionalne strategije i akcijskog plana za prijelaz s ugljena u slovenskim rudarskim regijama &#8211; Oikon d.o.o.\" \/>\n<meta property=\"og:description\" content=\"Deloitte svetovanje d.o.o.\" \/>\n<meta property=\"og:url\" content=\"https:\/\/oikon.hr\/hr\/izrada-nacionalne-strategije-i-akcijskog-plana-za-prijelaz-s-ugljena-u-slovenskim-rudarskim-regijama\/\" \/>\n<meta property=\"og:site_name\" content=\"Oikon d.o.o.\" \/>\n<meta property=\"article:publisher\" content=\"http:\/\/www.facebook.com\/OikonLtd\/\" \/>\n<meta property=\"article:published_time\" content=\"2022-10-01T11:29:00+00:00\" \/>\n<meta property=\"article:modified_time\" content=\"2024-10-01T11:38:28+00:00\" \/>\n<meta property=\"og:image\" content=\"https:\/\/oikon.hr\/cms\/wp-content\/uploads\/2024\/10\/DJI_0325_lowRes_Photo_TES.jpg\" \/>\n\t<meta property=\"og:image:width\" content=\"1622\" \/>\n\t<meta property=\"og:image:height\" content=\"1216\" \/>\n\t<meta property=\"og:image:type\" content=\"image\/jpeg\" \/>\n<meta name=\"author\" content=\"oikonadministracija\" \/>\n<meta name=\"twitter:card\" content=\"summary_large_image\" \/>\n<meta name=\"twitter:creator\" content=\"@OikonLtd\" \/>\n<meta name=\"twitter:site\" content=\"@OikonLtd\" \/>\n<meta name=\"twitter:label1\" content=\"Written by\" \/>\n\t<meta name=\"twitter:data1\" content=\"oikonadministracija\" \/>\n\t<meta name=\"twitter:label2\" content=\"Est. reading time\" \/>\n\t<meta name=\"twitter:data2\" content=\"2 minutes\" \/>\n<script type=\"application\/ld+json\" class=\"yoast-schema-graph\">{\"@context\":\"https:\/\/schema.org\",\"@graph\":[{\"@type\":\"Article\",\"@id\":\"https:\/\/oikon.hr\/hr\/izrada-nacionalne-strategije-i-akcijskog-plana-za-prijelaz-s-ugljena-u-slovenskim-rudarskim-regijama\/#article\",\"isPartOf\":{\"@id\":\"https:\/\/oikon.hr\/hr\/izrada-nacionalne-strategije-i-akcijskog-plana-za-prijelaz-s-ugljena-u-slovenskim-rudarskim-regijama\/\"},\"author\":{\"name\":\"oikonadministracija\",\"@id\":\"https:\/\/oikon.hr\/#\/schema\/person\/4fb14a46c1071083d5de459c14a82f7c\"},\"headline\":\"Izrada Nacionalne strategije i akcijskog plana za prijelaz s ugljena u slovenskim rudarskim regijama\",\"datePublished\":\"2022-10-01T11:29:00+00:00\",\"dateModified\":\"2024-10-01T11:38:28+00:00\",\"mainEntityOfPage\":{\"@id\":\"https:\/\/oikon.hr\/hr\/izrada-nacionalne-strategije-i-akcijskog-plana-za-prijelaz-s-ugljena-u-slovenskim-rudarskim-regijama\/\"},\"wordCount\":392,\"commentCount\":0,\"publisher\":{\"@id\":\"https:\/\/oikon.hr\/#organization\"},\"image\":{\"@id\":\"https:\/\/oikon.hr\/hr\/izrada-nacionalne-strategije-i-akcijskog-plana-za-prijelaz-s-ugljena-u-slovenskim-rudarskim-regijama\/#primaryimage\"},\"thumbnailUrl\":\"https:\/\/oikon.hr\/cms\/wp-content\/uploads\/2024\/10\/DJI_0325_lowRes_Photo_TES.jpg\",\"keywords\":[\"oikon\",\"Slovenian Coal Regions\"],\"articleSection\":[\"PROJEKTI\",\"Za\u0161tita okoli\u0161a\"],\"inLanguage\":\"hr-HR\",\"potentialAction\":[{\"@type\":\"CommentAction\",\"name\":\"Comment\",\"target\":[\"https:\/\/oikon.hr\/hr\/izrada-nacionalne-strategije-i-akcijskog-plana-za-prijelaz-s-ugljena-u-slovenskim-rudarskim-regijama\/#respond\"]}]},{\"@type\":\"WebPage\",\"@id\":\"https:\/\/oikon.hr\/hr\/izrada-nacionalne-strategije-i-akcijskog-plana-za-prijelaz-s-ugljena-u-slovenskim-rudarskim-regijama\/\",\"url\":\"https:\/\/oikon.hr\/hr\/izrada-nacionalne-strategije-i-akcijskog-plana-za-prijelaz-s-ugljena-u-slovenskim-rudarskim-regijama\/\",\"name\":\"Izrada Nacionalne strategije i akcijskog plana za prijelaz s ugljena u slovenskim rudarskim regijama &#8211; Oikon d.o.o.\",\"isPartOf\":{\"@id\":\"https:\/\/oikon.hr\/#website\"},\"primaryImageOfPage\":{\"@id\":\"https:\/\/oikon.hr\/hr\/izrada-nacionalne-strategije-i-akcijskog-plana-za-prijelaz-s-ugljena-u-slovenskim-rudarskim-regijama\/#primaryimage\"},\"image\":{\"@id\":\"https:\/\/oikon.hr\/hr\/izrada-nacionalne-strategije-i-akcijskog-plana-za-prijelaz-s-ugljena-u-slovenskim-rudarskim-regijama\/#primaryimage\"},\"thumbnailUrl\":\"https:\/\/oikon.hr\/cms\/wp-content\/uploads\/2024\/10\/DJI_0325_lowRes_Photo_TES.jpg\",\"datePublished\":\"2022-10-01T11:29:00+00:00\",\"dateModified\":\"2024-10-01T11:38:28+00:00\",\"description\":\"Deloitte svetovanje d.o.o.\",\"breadcrumb\":{\"@id\":\"https:\/\/oikon.hr\/hr\/izrada-nacionalne-strategije-i-akcijskog-plana-za-prijelaz-s-ugljena-u-slovenskim-rudarskim-regijama\/#breadcrumb\"},\"inLanguage\":\"hr-HR\",\"potentialAction\":[{\"@type\":\"ReadAction\",\"target\":[\"https:\/\/oikon.hr\/hr\/izrada-nacionalne-strategije-i-akcijskog-plana-za-prijelaz-s-ugljena-u-slovenskim-rudarskim-regijama\/\"]}]},{\"@type\":\"ImageObject\",\"inLanguage\":\"hr-HR\",\"@id\":\"https:\/\/oikon.hr\/hr\/izrada-nacionalne-strategije-i-akcijskog-plana-za-prijelaz-s-ugljena-u-slovenskim-rudarskim-regijama\/#primaryimage\",\"url\":\"https:\/\/oikon.hr\/cms\/wp-content\/uploads\/2024\/10\/DJI_0325_lowRes_Photo_TES.jpg\",\"contentUrl\":\"https:\/\/oikon.hr\/cms\/wp-content\/uploads\/2024\/10\/DJI_0325_lowRes_Photo_TES.jpg\",\"width\":1622,\"height\":1216},{\"@type\":\"BreadcrumbList\",\"@id\":\"https:\/\/oikon.hr\/hr\/izrada-nacionalne-strategije-i-akcijskog-plana-za-prijelaz-s-ugljena-u-slovenskim-rudarskim-regijama\/#breadcrumb\",\"itemListElement\":[{\"@type\":\"ListItem\",\"position\":1,\"name\":\"\",\"item\":\"https:\/\/oikon.hr\/hr\/\"},{\"@type\":\"ListItem\",\"position\":2,\"name\":\"PROJEKTI\",\"item\":\"https:\/\/oikon.hr\/hr\/topic\/projekti\/\"},{\"@type\":\"ListItem\",\"position\":3,\"name\":\"Izrada Nacionalne strategije i akcijskog plana za prijelaz s ugljena u slovenskim rudarskim regijama\"}]},{\"@type\":\"WebSite\",\"@id\":\"https:\/\/oikon.hr\/#website\",\"url\":\"https:\/\/oikon.hr\/\",\"name\":\"Oikon d.o.o.\",\"description\":\"Institut za primijenjenu ekologiju\",\"publisher\":{\"@id\":\"https:\/\/oikon.hr\/#organization\"},\"alternateName\":\"OIKON\",\"potentialAction\":[{\"@type\":\"SearchAction\",\"target\":{\"@type\":\"EntryPoint\",\"urlTemplate\":\"https:\/\/oikon.hr\/?s={search_term_string}\"},\"query-input\":{\"@type\":\"PropertyValueSpecification\",\"valueRequired\":true,\"valueName\":\"search_term_string\"}}],\"inLanguage\":\"hr-HR\"},{\"@type\":\"Organization\",\"@id\":\"https:\/\/oikon.hr\/#organization\",\"name\":\"Oikon d.o.o. - Institut za primijenjenu ekologiju\",\"alternateName\":\"OIKON\",\"url\":\"https:\/\/oikon.hr\/\",\"logo\":{\"@type\":\"ImageObject\",\"inLanguage\":\"hr-HR\",\"@id\":\"https:\/\/oikon.hr\/#\/schema\/logo\/image\/\",\"url\":\"https:\/\/oikon.hr\/cms\/wp-content\/uploads\/2021\/01\/OIKON_R_logo_transparent.png\",\"contentUrl\":\"https:\/\/oikon.hr\/cms\/wp-content\/uploads\/2021\/01\/OIKON_R_logo_transparent.png\",\"width\":1660,\"height\":541,\"caption\":\"Oikon d.o.o. - Institut za primijenjenu ekologiju\"},\"image\":{\"@id\":\"https:\/\/oikon.hr\/#\/schema\/logo\/image\/\"},\"sameAs\":[\"http:\/\/www.facebook.com\/OikonLtd\/\",\"https:\/\/x.com\/OikonLtd\",\"https:\/\/www.instagram.com\/oikon_ltd\/\",\"https:\/\/www.linkedin.com\/company\/oikon---institute-for-applied-technology\/\",\"https:\/\/www.youtube.com\/channel\/UCu_eJ0ct90AEN8D85KWcRHQ\"]},{\"@type\":\"Person\",\"@id\":\"https:\/\/oikon.hr\/#\/schema\/person\/4fb14a46c1071083d5de459c14a82f7c\",\"name\":\"oikonadministracija\",\"image\":{\"@type\":\"ImageObject\",\"inLanguage\":\"hr-HR\",\"@id\":\"https:\/\/oikon.hr\/#\/schema\/person\/image\/\",\"url\":\"https:\/\/secure.gravatar.com\/avatar\/e247aba33e5428fc6a24bbca24b92af36ceafa9a824508df7d1d40391c5f0748?s=96&d=mm&r=g\",\"contentUrl\":\"https:\/\/secure.gravatar.com\/avatar\/e247aba33e5428fc6a24bbca24b92af36ceafa9a824508df7d1d40391c5f0748?s=96&d=mm&r=g\",\"caption\":\"oikonadministracija\"},\"url\":\"https:\/\/oikon.hr\/hr\/author\/oikonadministracija\/\"}]}<\/script>\n<!-- \/ Yoast SEO plugin. -->","yoast_head_json":{"title":"Izrada Nacionalne strategije i akcijskog plana za prijelaz s ugljena u slovenskim rudarskim regijama &#8211; Oikon d.o.o.","description":"Deloitte svetovanje d.o.o.","robots":{"index":"index","follow":"follow","max-snippet":"max-snippet:-1","max-image-preview":"max-image-preview:large","max-video-preview":"max-video-preview:-1"},"canonical":"https:\/\/oikon.hr\/hr\/izrada-nacionalne-strategije-i-akcijskog-plana-za-prijelaz-s-ugljena-u-slovenskim-rudarskim-regijama\/","og_locale":"hr_HR","og_type":"article","og_title":"Izrada Nacionalne strategije i akcijskog plana za prijelaz s ugljena u slovenskim rudarskim regijama &#8211; Oikon d.o.o.","og_description":"Deloitte svetovanje d.o.o.","og_url":"https:\/\/oikon.hr\/hr\/izrada-nacionalne-strategije-i-akcijskog-plana-za-prijelaz-s-ugljena-u-slovenskim-rudarskim-regijama\/","og_site_name":"Oikon d.o.o.","article_publisher":"http:\/\/www.facebook.com\/OikonLtd\/","article_published_time":"2022-10-01T11:29:00+00:00","article_modified_time":"2024-10-01T11:38:28+00:00","og_image":[{"width":1622,"height":1216,"url":"https:\/\/oikon.hr\/cms\/wp-content\/uploads\/2024\/10\/DJI_0325_lowRes_Photo_TES.jpg","type":"image\/jpeg"}],"author":"oikonadministracija","twitter_card":"summary_large_image","twitter_creator":"@OikonLtd","twitter_site":"@OikonLtd","twitter_misc":{"Written by":"oikonadministracija","Est. reading time":"2 minutes"},"schema":{"@context":"https:\/\/schema.org","@graph":[{"@type":"Article","@id":"https:\/\/oikon.hr\/hr\/izrada-nacionalne-strategije-i-akcijskog-plana-za-prijelaz-s-ugljena-u-slovenskim-rudarskim-regijama\/#article","isPartOf":{"@id":"https:\/\/oikon.hr\/hr\/izrada-nacionalne-strategije-i-akcijskog-plana-za-prijelaz-s-ugljena-u-slovenskim-rudarskim-regijama\/"},"author":{"name":"oikonadministracija","@id":"https:\/\/oikon.hr\/#\/schema\/person\/4fb14a46c1071083d5de459c14a82f7c"},"headline":"Izrada Nacionalne strategije i akcijskog plana za prijelaz s ugljena u slovenskim rudarskim regijama","datePublished":"2022-10-01T11:29:00+00:00","dateModified":"2024-10-01T11:38:28+00:00","mainEntityOfPage":{"@id":"https:\/\/oikon.hr\/hr\/izrada-nacionalne-strategije-i-akcijskog-plana-za-prijelaz-s-ugljena-u-slovenskim-rudarskim-regijama\/"},"wordCount":392,"commentCount":0,"publisher":{"@id":"https:\/\/oikon.hr\/#organization"},"image":{"@id":"https:\/\/oikon.hr\/hr\/izrada-nacionalne-strategije-i-akcijskog-plana-za-prijelaz-s-ugljena-u-slovenskim-rudarskim-regijama\/#primaryimage"},"thumbnailUrl":"https:\/\/oikon.hr\/cms\/wp-content\/uploads\/2024\/10\/DJI_0325_lowRes_Photo_TES.jpg","keywords":["oikon","Slovenian Coal Regions"],"articleSection":["PROJEKTI","Za\u0161tita okoli\u0161a"],"inLanguage":"hr-HR","potentialAction":[{"@type":"CommentAction","name":"Comment","target":["https:\/\/oikon.hr\/hr\/izrada-nacionalne-strategije-i-akcijskog-plana-za-prijelaz-s-ugljena-u-slovenskim-rudarskim-regijama\/#respond"]}]},{"@type":"WebPage","@id":"https:\/\/oikon.hr\/hr\/izrada-nacionalne-strategije-i-akcijskog-plana-za-prijelaz-s-ugljena-u-slovenskim-rudarskim-regijama\/","url":"https:\/\/oikon.hr\/hr\/izrada-nacionalne-strategije-i-akcijskog-plana-za-prijelaz-s-ugljena-u-slovenskim-rudarskim-regijama\/","name":"Izrada Nacionalne strategije i akcijskog plana za prijelaz s ugljena u slovenskim rudarskim regijama &#8211; Oikon d.o.o.","isPartOf":{"@id":"https:\/\/oikon.hr\/#website"},"primaryImageOfPage":{"@id":"https:\/\/oikon.hr\/hr\/izrada-nacionalne-strategije-i-akcijskog-plana-za-prijelaz-s-ugljena-u-slovenskim-rudarskim-regijama\/#primaryimage"},"image":{"@id":"https:\/\/oikon.hr\/hr\/izrada-nacionalne-strategije-i-akcijskog-plana-za-prijelaz-s-ugljena-u-slovenskim-rudarskim-regijama\/#primaryimage"},"thumbnailUrl":"https:\/\/oikon.hr\/cms\/wp-content\/uploads\/2024\/10\/DJI_0325_lowRes_Photo_TES.jpg","datePublished":"2022-10-01T11:29:00+00:00","dateModified":"2024-10-01T11:38:28+00:00","description":"Deloitte svetovanje d.o.o.","breadcrumb":{"@id":"https:\/\/oikon.hr\/hr\/izrada-nacionalne-strategije-i-akcijskog-plana-za-prijelaz-s-ugljena-u-slovenskim-rudarskim-regijama\/#breadcrumb"},"inLanguage":"hr-HR","potentialAction":[{"@type":"ReadAction","target":["https:\/\/oikon.hr\/hr\/izrada-nacionalne-strategije-i-akcijskog-plana-za-prijelaz-s-ugljena-u-slovenskim-rudarskim-regijama\/"]}]},{"@type":"ImageObject","inLanguage":"hr-HR","@id":"https:\/\/oikon.hr\/hr\/izrada-nacionalne-strategije-i-akcijskog-plana-za-prijelaz-s-ugljena-u-slovenskim-rudarskim-regijama\/#primaryimage","url":"https:\/\/oikon.hr\/cms\/wp-content\/uploads\/2024\/10\/DJI_0325_lowRes_Photo_TES.jpg","contentUrl":"https:\/\/oikon.hr\/cms\/wp-content\/uploads\/2024\/10\/DJI_0325_lowRes_Photo_TES.jpg","width":1622,"height":1216},{"@type":"BreadcrumbList","@id":"https:\/\/oikon.hr\/hr\/izrada-nacionalne-strategije-i-akcijskog-plana-za-prijelaz-s-ugljena-u-slovenskim-rudarskim-regijama\/#breadcrumb","itemListElement":[{"@type":"ListItem","position":1,"name":"","item":"https:\/\/oikon.hr\/hr\/"},{"@type":"ListItem","position":2,"name":"PROJEKTI","item":"https:\/\/oikon.hr\/hr\/topic\/projekti\/"},{"@type":"ListItem","position":3,"name":"Izrada Nacionalne strategije i akcijskog plana za prijelaz s ugljena u slovenskim rudarskim regijama"}]},{"@type":"WebSite","@id":"https:\/\/oikon.hr\/#website","url":"https:\/\/oikon.hr\/","name":"Oikon d.o.o.","description":"Institut za primijenjenu ekologiju","publisher":{"@id":"https:\/\/oikon.hr\/#organization"},"alternateName":"OIKON","potentialAction":[{"@type":"SearchAction","target":{"@type":"EntryPoint","urlTemplate":"https:\/\/oikon.hr\/?s={search_term_string}"},"query-input":{"@type":"PropertyValueSpecification","valueRequired":true,"valueName":"search_term_string"}}],"inLanguage":"hr-HR"},{"@type":"Organization","@id":"https:\/\/oikon.hr\/#organization","name":"Oikon d.o.o. - Institut za primijenjenu ekologiju","alternateName":"OIKON","url":"https:\/\/oikon.hr\/","logo":{"@type":"ImageObject","inLanguage":"hr-HR","@id":"https:\/\/oikon.hr\/#\/schema\/logo\/image\/","url":"https:\/\/oikon.hr\/cms\/wp-content\/uploads\/2021\/01\/OIKON_R_logo_transparent.png","contentUrl":"https:\/\/oikon.hr\/cms\/wp-content\/uploads\/2021\/01\/OIKON_R_logo_transparent.png","width":1660,"height":541,"caption":"Oikon d.o.o. - Institut za primijenjenu ekologiju"},"image":{"@id":"https:\/\/oikon.hr\/#\/schema\/logo\/image\/"},"sameAs":["http:\/\/www.facebook.com\/OikonLtd\/","https:\/\/x.com\/OikonLtd","https:\/\/www.instagram.com\/oikon_ltd\/","https:\/\/www.linkedin.com\/company\/oikon---institute-for-applied-technology\/","https:\/\/www.youtube.com\/channel\/UCu_eJ0ct90AEN8D85KWcRHQ"]},{"@type":"Person","@id":"https:\/\/oikon.hr\/#\/schema\/person\/4fb14a46c1071083d5de459c14a82f7c","name":"oikonadministracija","image":{"@type":"ImageObject","inLanguage":"hr-HR","@id":"https:\/\/oikon.hr\/#\/schema\/person\/image\/","url":"https:\/\/secure.gravatar.com\/avatar\/e247aba33e5428fc6a24bbca24b92af36ceafa9a824508df7d1d40391c5f0748?s=96&d=mm&r=g","contentUrl":"https:\/\/secure.gravatar.com\/avatar\/e247aba33e5428fc6a24bbca24b92af36ceafa9a824508df7d1d40391c5f0748?s=96&d=mm&r=g","caption":"oikonadministracija"},"url":"https:\/\/oikon.hr\/hr\/author\/oikonadministracija\/"}]}},"_links":{"self":[{"href":"https:\/\/oikon.hr\/hr\/wp-json\/wp\/v2\/posts\/11401","targetHints":{"allow":["GET"]}}],"collection":[{"href":"https:\/\/oikon.hr\/hr\/wp-json\/wp\/v2\/posts"}],"about":[{"href":"https:\/\/oikon.hr\/hr\/wp-json\/wp\/v2\/types\/post"}],"author":[{"embeddable":true,"href":"https:\/\/oikon.hr\/hr\/wp-json\/wp\/v2\/users\/2"}],"replies":[{"embeddable":true,"href":"https:\/\/oikon.hr\/hr\/wp-json\/wp\/v2\/comments?post=11401"}],"version-history":[{"count":1,"href":"https:\/\/oikon.hr\/hr\/wp-json\/wp\/v2\/posts\/11401\/revisions"}],"predecessor-version":[{"id":11403,"href":"https:\/\/oikon.hr\/hr\/wp-json\/wp\/v2\/posts\/11401\/revisions\/11403"}],"wp:featuredmedia":[{"embeddable":true,"href":"https:\/\/oikon.hr\/hr\/wp-json\/wp\/v2\/media\/11399"}],"wp:attachment":[{"href":"https:\/\/oikon.hr\/hr\/wp-json\/wp\/v2\/media?parent=11401"}],"wp:term":[{"taxonomy":"category","embeddable":true,"href":"https:\/\/oikon.hr\/hr\/wp-json\/wp\/v2\/categories?post=11401"},{"taxonomy":"post_tag","embeddable":true,"href":"https:\/\/oikon.hr\/hr\/wp-json\/wp\/v2\/tags?post=11401"}],"curies":[{"name":"wp","href":"https:\/\/api.w.org\/{rel}","templated":true}]}}