{"id":13362,"date":"2025-11-17T15:12:00","date_gmt":"2025-11-17T14:12:00","guid":{"rendered":"https:\/\/oikon.hr\/?p=13362"},"modified":"2026-03-17T16:26:06","modified_gmt":"2026-03-17T15:26:06","slug":"projekt-restauracije-na-zasticenom-podrucju-odransko-polje","status":"publish","type":"post","link":"https:\/\/oikon.hr\/hr\/projekt-restauracije-na-zasticenom-podrucju-odransko-polje\/","title":{"rendered":"Projekt restauracije na za\u0161ti\u0107enom podru\u010dju Odransko polje"},"content":{"rendered":"\n<p><strong>Naziv projekta:\u00a0<\/strong>Projekt restauracije na za\u0161ti\u0107enom podru\u010dju Odransko polje<\/p>\n\n\n\n<p><strong>Klijent:<\/strong>\u00a0Javna ustanova za upravljanje za\u0161ti\u0107enim dijelovima prirode Sisa\u010dko-moslava\u010dke \u017eupanije<\/p>\n\n\n\n<p><strong>Trajanje:\u00a0<\/strong>01\/2025 \u2013 7\/2025<br><strong>Lokacija:<\/strong>\u00a0Hrvatska<\/p>\n\n\n\n<hr class=\"wp-block-separator has-alpha-channel-opacity\"\/>\n\n\n\n<p>U razdoblju od 10. sije\u010dnja 2025. do 31. srpnja 2025., na za\u0161ti\u0107enom podru\u010dju i podru\u010dju ekolo\u0161ke mre\u017ee Natura 2000 HR2000415 Odransko polje u Sisa\u010dko-moslava\u010dkoj \u017eupaniji, izra\u0111en je projekt restauracije za lokalitet mrtvaje Berek. Projekt je uklju\u010divao prikupljanje i analizu postoje\u0107ih podataka, terenske obilaske lokaliteta, definiranje zona za restauraciju, plan izmuljivanja i ure\u0111enja obale te plan uklanjanja invazivnih stranih vrsta i otpada. Rezultat projekta je dokument s planom restauracije mrtvaje Berek koji omogu\u0107uje o\u010duvanje ciljnih stani\u0161nih tipova (3150 i 3130) i pridru\u017eenih vrsta.<\/p>\n\n\n\n<h3 class=\"wp-block-heading\"><strong>Provedene aktivnosti<\/strong><\/h3>\n\n\n\n<p><strong>Planiranje, prikupljanje postoje\u0107ih podloga i analiza podataka<\/strong><\/p>\n\n\n\n<ul class=\"wp-block-list\">\n<li>Prikupljeni su i analizirani podaci o ciljnim stani\u0161nim tipovima, osobito prirodne eutrofne vode s vegetacijom <em>Hydrocharition<\/em> ili <em>Magnopotamion<\/em> (3150) i amfibijska stani\u0161ta <em>Iso\u00ebto<\/em>&#8211;<em>Nanojuncetea<\/em> (3130), podaci o drugim ciljnim vrstama ekolo\u0161ke mre\u017ee za koje je lokalitet mrtvaja Berek bitno stani\u0161te<\/li>\n\n\n\n<li>Prikupljeni i analizirani podaci o hidrologiji i hidromorfologiji<\/li>\n\n\n\n<li>Prikupljeni povijesni podaci (povijesne topografske karte)<\/li>\n\n\n\n<li>Sagledana iskustva i podaci o dobroj praksi vezano za rje\u0161avanje pitanja uklanjanja mulja i invazivnih stranih vrsta<\/li>\n\n\n\n<li>Analizirana geodetska podloga<\/li>\n\n\n\n<li>Organiziran sastanak s Naru\u010diteljem<\/li>\n\n\n\n<li>Terenski obi\u0111en lokalitet (utvr\u0111ivanje stanja)<\/li>\n<\/ul>\n\n\n\n<p><strong>Izrada dokumenta s projektom restauracije<\/strong><\/p>\n\n\n\n<ul class=\"wp-block-list\">\n<li>Analizirane su lokalne ciljne vrste i ciljni stani\u0161ni tipovi i definirani su ekolo\u0161ki uvjeti koje je potrebno odr\u017eati ili posti\u0107i <\/li>\n\n\n\n<li>Definirane lokacije u povoljnom stanju koje je bitno o\u010duvati<\/li>\n\n\n\n<li>Definirane lokacije u uznapredovalom stadiju \u0161ikare s velikim udijelim invazivnih vrsta te lokacije s ve\u0107im koli\u010dinama deponiranog sme\u0107a i gra\u0111evinskog otpada<\/li>\n\n\n\n<li>Provedena su dodatna dva obilaska terena s ciljem prikupljanja informacija o mogu\u0107nostima pristupa vodnom tijelu te potencijalnim lokacijama ostalih povr\u0161ina potrebnih za izvedbu restauracijskih aktivnosti (mjesta za odlaganje mulja, strojeva itd.), te s ciljem provjere prisutnosti ciljne vrste \u010detverolisne raznorotke i detaljnijeg utvr\u0111ivanja rasprostranjenosti stani\u0161nih tipova 3130 i 3150, kao i invazivnih stranih biljnih vrsta.<\/li>\n<\/ul>\n\n\n\n<h3 class=\"wp-block-heading\"><strong>Rezultati<\/strong><\/h3>\n\n\n\n<ul class=\"wp-block-list\">\n<li>Prijedlog plana ure\u0111enja obale, odnosno degradiranih zona za restauraciju te su odre\u0111ene zone pogodne za obnovu amfibijskih stani\u0161ta<\/li>\n\n\n\n<li>Plan ure\u0111enja korita, odnosno definirane zone za izmuljivanje kako bi se dobila optimalna dubina vodenog tijela i tijekom su\u0161nih mjeseci, s planom odlaganja mulja u podru\u010dju Bereka<\/li>\n\n\n\n<li>Plan strojnog uklanjanja invazivnih stranih vrsta te odre\u0111ene zone gdje \u0107e se provoditi njihovo uklanjanje te plan mjestimi\u010dnog uklanjanja odlo\u017eenog otpada u rubnim podru\u010djima oko mrtvaje.<\/li>\n<\/ul>\n\n\n\n<figure class=\"wp-block-image size-wordpress-medium-gallery\"><img loading=\"lazy\" decoding=\"async\" width=\"500\" height=\"250\" src=\"https:\/\/oikon.hr\/cms\/wp-content\/uploads\/2026\/03\/20250515_104254-500x250.jpg\" alt=\"\" class=\"wp-image-13363\"\/><\/figure>\n\n\n\n<p><strong>Provedba ovog projekta doprinosi sljede\u0107im Ciljevima odr\u017eivog razvoja<\/strong>:<\/p>\n\n\n\n<figure class=\"wp-block-image size-thumbnail\"><img loading=\"lazy\" decoding=\"async\" width=\"150\" height=\"70\" src=\"https:\/\/oikon.hr\/cms\/wp-content\/uploads\/2024\/09\/SDGs_14_15-150x70.png\" alt=\"\" class=\"wp-image-11300\" srcset=\"https:\/\/oikon.hr\/cms\/wp-content\/uploads\/2024\/09\/SDGs_14_15-150x70.png 150w, https:\/\/oikon.hr\/cms\/wp-content\/uploads\/2024\/09\/SDGs_14_15.png 220w\" sizes=\"auto, (max-width: 150px) 100vw, 150px\" \/><\/figure>\n","protected":false},"excerpt":{"rendered":"<p>Javna ustanova za upravljanje za\u0161ti\u0107enim dijelovima prirode Sisa\u010dko-moslava\u010dke \u017eupanije<\/p>\n","protected":false},"author":2,"featured_media":13363,"comment_status":"open","ping_status":"open","sticky":false,"template":"","format":"standard","meta":{"_acf_changed":false,"footnotes":""},"categories":[799,810],"tags":[834,2994,835,2995,1456],"class_list":["post-13362","post","type-post","status-publish","format-standard","has-post-thumbnail","hentry","category-projekti","category-zastita-prirode","tag-natura-2000-hr","tag-odransko-polje","tag-oikon-hr","tag-restauracija-na-zasticenom-podrucju","tag-sisacko-moslavacka-zupanija-2"],"acf":[],"yoast_head":"<!-- This site is optimized with the Yoast SEO plugin v27.0 - https:\/\/yoast.com\/product\/yoast-seo-wordpress\/ -->\n<title>Projekt restauracije na za\u0161ti\u0107enom podru\u010dju Odransko polje &#8211; Oikon d.o.o.<\/title>\n<meta name=\"description\" content=\"Javna ustanova za upravljanje za\u0161ti\u0107enim dijelovima prirode Sisa\u010dko-moslava\u010dke \u017eupanije\" \/>\n<meta name=\"robots\" content=\"index, follow, max-snippet:-1, max-image-preview:large, max-video-preview:-1\" \/>\n<link rel=\"canonical\" href=\"https:\/\/oikon.hr\/hr\/projekt-restauracije-na-zasticenom-podrucju-odransko-polje\/\" \/>\n<meta property=\"og:locale\" content=\"hr_HR\" \/>\n<meta property=\"og:type\" content=\"article\" \/>\n<meta property=\"og:title\" content=\"Projekt restauracije na za\u0161ti\u0107enom podru\u010dju Odransko polje &#8211; Oikon d.o.o.\" \/>\n<meta property=\"og:description\" content=\"Javna ustanova za upravljanje za\u0161ti\u0107enim dijelovima prirode Sisa\u010dko-moslava\u010dke \u017eupanije\" \/>\n<meta property=\"og:url\" content=\"https:\/\/oikon.hr\/hr\/projekt-restauracije-na-zasticenom-podrucju-odransko-polje\/\" \/>\n<meta property=\"og:site_name\" content=\"Oikon d.o.o.\" \/>\n<meta property=\"article:publisher\" content=\"http:\/\/www.facebook.com\/OikonLtd\/\" \/>\n<meta property=\"article:published_time\" content=\"2025-11-17T14:12:00+00:00\" \/>\n<meta property=\"article:modified_time\" content=\"2026-03-17T15:26:06+00:00\" \/>\n<meta property=\"og:image\" content=\"https:\/\/oikon.hr\/cms\/wp-content\/uploads\/2026\/03\/20250515_104254.jpg\" \/>\n\t<meta property=\"og:image:width\" content=\"1224\" \/>\n\t<meta property=\"og:image:height\" content=\"918\" \/>\n\t<meta property=\"og:image:type\" content=\"image\/jpeg\" \/>\n<meta name=\"author\" content=\"oikonadministracija\" \/>\n<meta name=\"twitter:card\" content=\"summary_large_image\" \/>\n<meta name=\"twitter:creator\" content=\"@OikonLtd\" \/>\n<meta name=\"twitter:site\" content=\"@OikonLtd\" \/>\n<meta name=\"twitter:label1\" content=\"Written by\" \/>\n\t<meta name=\"twitter:data1\" content=\"oikonadministracija\" \/>\n\t<meta name=\"twitter:label2\" content=\"Est. reading time\" \/>\n\t<meta name=\"twitter:data2\" content=\"3 minutes\" \/>\n<script type=\"application\/ld+json\" class=\"yoast-schema-graph\">{\"@context\":\"https:\/\/schema.org\",\"@graph\":[{\"@type\":\"Article\",\"@id\":\"https:\/\/oikon.hr\/hr\/projekt-restauracije-na-zasticenom-podrucju-odransko-polje\/#article\",\"isPartOf\":{\"@id\":\"https:\/\/oikon.hr\/hr\/projekt-restauracije-na-zasticenom-podrucju-odransko-polje\/\"},\"author\":{\"name\":\"oikonadministracija\",\"@id\":\"https:\/\/oikon.hr\/#\/schema\/person\/4fb14a46c1071083d5de459c14a82f7c\"},\"headline\":\"Projekt restauracije na za\u0161ti\u0107enom podru\u010dju Odransko polje\",\"datePublished\":\"2025-11-17T14:12:00+00:00\",\"dateModified\":\"2026-03-17T15:26:06+00:00\",\"mainEntityOfPage\":{\"@id\":\"https:\/\/oikon.hr\/hr\/projekt-restauracije-na-zasticenom-podrucju-odransko-polje\/\"},\"wordCount\":444,\"commentCount\":0,\"publisher\":{\"@id\":\"https:\/\/oikon.hr\/#organization\"},\"image\":{\"@id\":\"https:\/\/oikon.hr\/hr\/projekt-restauracije-na-zasticenom-podrucju-odransko-polje\/#primaryimage\"},\"thumbnailUrl\":\"https:\/\/oikon.hr\/cms\/wp-content\/uploads\/2026\/03\/20250515_104254.jpg\",\"keywords\":[\"Natura 2000\",\"Odransko polje\",\"oikon\",\"Restauracija na za\u0161ti\u0107enom podru\u010dju\",\"Sisa\u010dko-moslava\u010dka \u017eupanija\"],\"articleSection\":[\"PROJEKTI\",\"Za\u0161tita prirode\"],\"inLanguage\":\"hr-HR\",\"potentialAction\":[{\"@type\":\"CommentAction\",\"name\":\"Comment\",\"target\":[\"https:\/\/oikon.hr\/hr\/projekt-restauracije-na-zasticenom-podrucju-odransko-polje\/#respond\"]}]},{\"@type\":\"WebPage\",\"@id\":\"https:\/\/oikon.hr\/hr\/projekt-restauracije-na-zasticenom-podrucju-odransko-polje\/\",\"url\":\"https:\/\/oikon.hr\/hr\/projekt-restauracije-na-zasticenom-podrucju-odransko-polje\/\",\"name\":\"Projekt restauracije na za\u0161ti\u0107enom podru\u010dju Odransko polje &#8211; Oikon d.o.o.\",\"isPartOf\":{\"@id\":\"https:\/\/oikon.hr\/#website\"},\"primaryImageOfPage\":{\"@id\":\"https:\/\/oikon.hr\/hr\/projekt-restauracije-na-zasticenom-podrucju-odransko-polje\/#primaryimage\"},\"image\":{\"@id\":\"https:\/\/oikon.hr\/hr\/projekt-restauracije-na-zasticenom-podrucju-odransko-polje\/#primaryimage\"},\"thumbnailUrl\":\"https:\/\/oikon.hr\/cms\/wp-content\/uploads\/2026\/03\/20250515_104254.jpg\",\"datePublished\":\"2025-11-17T14:12:00+00:00\",\"dateModified\":\"2026-03-17T15:26:06+00:00\",\"description\":\"Javna ustanova za upravljanje za\u0161ti\u0107enim dijelovima prirode Sisa\u010dko-moslava\u010dke \u017eupanije\",\"breadcrumb\":{\"@id\":\"https:\/\/oikon.hr\/hr\/projekt-restauracije-na-zasticenom-podrucju-odransko-polje\/#breadcrumb\"},\"inLanguage\":\"hr-HR\",\"potentialAction\":[{\"@type\":\"ReadAction\",\"target\":[\"https:\/\/oikon.hr\/hr\/projekt-restauracije-na-zasticenom-podrucju-odransko-polje\/\"]}]},{\"@type\":\"ImageObject\",\"inLanguage\":\"hr-HR\",\"@id\":\"https:\/\/oikon.hr\/hr\/projekt-restauracije-na-zasticenom-podrucju-odransko-polje\/#primaryimage\",\"url\":\"https:\/\/oikon.hr\/cms\/wp-content\/uploads\/2026\/03\/20250515_104254.jpg\",\"contentUrl\":\"https:\/\/oikon.hr\/cms\/wp-content\/uploads\/2026\/03\/20250515_104254.jpg\",\"width\":1224,\"height\":918},{\"@type\":\"BreadcrumbList\",\"@id\":\"https:\/\/oikon.hr\/hr\/projekt-restauracije-na-zasticenom-podrucju-odransko-polje\/#breadcrumb\",\"itemListElement\":[{\"@type\":\"ListItem\",\"position\":1,\"name\":\"\",\"item\":\"https:\/\/oikon.hr\/hr\/\"},{\"@type\":\"ListItem\",\"position\":2,\"name\":\"PROJEKTI\",\"item\":\"https:\/\/oikon.hr\/hr\/topic\/projekti\/\"},{\"@type\":\"ListItem\",\"position\":3,\"name\":\"Za\u0161tita prirode\",\"item\":\"https:\/\/oikon.hr\/hr\/topic\/projekti\/zastita-prirode\/\"},{\"@type\":\"ListItem\",\"position\":4,\"name\":\"Projekt restauracije na za\u0161ti\u0107enom podru\u010dju Odransko polje\"}]},{\"@type\":\"WebSite\",\"@id\":\"https:\/\/oikon.hr\/#website\",\"url\":\"https:\/\/oikon.hr\/\",\"name\":\"Oikon d.o.o.\",\"description\":\"Institut za primijenjenu ekologiju\",\"publisher\":{\"@id\":\"https:\/\/oikon.hr\/#organization\"},\"alternateName\":\"OIKON\",\"potentialAction\":[{\"@type\":\"SearchAction\",\"target\":{\"@type\":\"EntryPoint\",\"urlTemplate\":\"https:\/\/oikon.hr\/?s={search_term_string}\"},\"query-input\":{\"@type\":\"PropertyValueSpecification\",\"valueRequired\":true,\"valueName\":\"search_term_string\"}}],\"inLanguage\":\"hr-HR\"},{\"@type\":\"Organization\",\"@id\":\"https:\/\/oikon.hr\/#organization\",\"name\":\"Oikon d.o.o. - Institut za primijenjenu ekologiju\",\"alternateName\":\"OIKON\",\"url\":\"https:\/\/oikon.hr\/\",\"logo\":{\"@type\":\"ImageObject\",\"inLanguage\":\"hr-HR\",\"@id\":\"https:\/\/oikon.hr\/#\/schema\/logo\/image\/\",\"url\":\"https:\/\/oikon.hr\/cms\/wp-content\/uploads\/2021\/01\/OIKON_R_logo_transparent.png\",\"contentUrl\":\"https:\/\/oikon.hr\/cms\/wp-content\/uploads\/2021\/01\/OIKON_R_logo_transparent.png\",\"width\":1660,\"height\":541,\"caption\":\"Oikon d.o.o. - Institut za primijenjenu ekologiju\"},\"image\":{\"@id\":\"https:\/\/oikon.hr\/#\/schema\/logo\/image\/\"},\"sameAs\":[\"http:\/\/www.facebook.com\/OikonLtd\/\",\"https:\/\/x.com\/OikonLtd\",\"https:\/\/www.instagram.com\/oikon_ltd\/\",\"https:\/\/www.linkedin.com\/company\/oikon---institute-for-applied-technology\/\",\"https:\/\/www.youtube.com\/channel\/UCu_eJ0ct90AEN8D85KWcRHQ\"]},{\"@type\":\"Person\",\"@id\":\"https:\/\/oikon.hr\/#\/schema\/person\/4fb14a46c1071083d5de459c14a82f7c\",\"name\":\"oikonadministracija\",\"image\":{\"@type\":\"ImageObject\",\"inLanguage\":\"hr-HR\",\"@id\":\"https:\/\/oikon.hr\/#\/schema\/person\/image\/\",\"url\":\"https:\/\/secure.gravatar.com\/avatar\/e247aba33e5428fc6a24bbca24b92af36ceafa9a824508df7d1d40391c5f0748?s=96&d=mm&r=g\",\"contentUrl\":\"https:\/\/secure.gravatar.com\/avatar\/e247aba33e5428fc6a24bbca24b92af36ceafa9a824508df7d1d40391c5f0748?s=96&d=mm&r=g\",\"caption\":\"oikonadministracija\"},\"url\":\"https:\/\/oikon.hr\/hr\/author\/oikonadministracija\/\"}]}<\/script>\n<!-- \/ Yoast SEO plugin. -->","yoast_head_json":{"title":"Projekt restauracije na za\u0161ti\u0107enom podru\u010dju Odransko polje &#8211; Oikon d.o.o.","description":"Javna ustanova za upravljanje za\u0161ti\u0107enim dijelovima prirode Sisa\u010dko-moslava\u010dke \u017eupanije","robots":{"index":"index","follow":"follow","max-snippet":"max-snippet:-1","max-image-preview":"max-image-preview:large","max-video-preview":"max-video-preview:-1"},"canonical":"https:\/\/oikon.hr\/hr\/projekt-restauracije-na-zasticenom-podrucju-odransko-polje\/","og_locale":"hr_HR","og_type":"article","og_title":"Projekt restauracije na za\u0161ti\u0107enom podru\u010dju Odransko polje &#8211; Oikon d.o.o.","og_description":"Javna ustanova za upravljanje za\u0161ti\u0107enim dijelovima prirode Sisa\u010dko-moslava\u010dke \u017eupanije","og_url":"https:\/\/oikon.hr\/hr\/projekt-restauracije-na-zasticenom-podrucju-odransko-polje\/","og_site_name":"Oikon d.o.o.","article_publisher":"http:\/\/www.facebook.com\/OikonLtd\/","article_published_time":"2025-11-17T14:12:00+00:00","article_modified_time":"2026-03-17T15:26:06+00:00","og_image":[{"width":1224,"height":918,"url":"https:\/\/oikon.hr\/cms\/wp-content\/uploads\/2026\/03\/20250515_104254.jpg","type":"image\/jpeg"}],"author":"oikonadministracija","twitter_card":"summary_large_image","twitter_creator":"@OikonLtd","twitter_site":"@OikonLtd","twitter_misc":{"Written by":"oikonadministracija","Est. reading time":"3 minutes"},"schema":{"@context":"https:\/\/schema.org","@graph":[{"@type":"Article","@id":"https:\/\/oikon.hr\/hr\/projekt-restauracije-na-zasticenom-podrucju-odransko-polje\/#article","isPartOf":{"@id":"https:\/\/oikon.hr\/hr\/projekt-restauracije-na-zasticenom-podrucju-odransko-polje\/"},"author":{"name":"oikonadministracija","@id":"https:\/\/oikon.hr\/#\/schema\/person\/4fb14a46c1071083d5de459c14a82f7c"},"headline":"Projekt restauracije na za\u0161ti\u0107enom podru\u010dju Odransko polje","datePublished":"2025-11-17T14:12:00+00:00","dateModified":"2026-03-17T15:26:06+00:00","mainEntityOfPage":{"@id":"https:\/\/oikon.hr\/hr\/projekt-restauracije-na-zasticenom-podrucju-odransko-polje\/"},"wordCount":444,"commentCount":0,"publisher":{"@id":"https:\/\/oikon.hr\/#organization"},"image":{"@id":"https:\/\/oikon.hr\/hr\/projekt-restauracije-na-zasticenom-podrucju-odransko-polje\/#primaryimage"},"thumbnailUrl":"https:\/\/oikon.hr\/cms\/wp-content\/uploads\/2026\/03\/20250515_104254.jpg","keywords":["Natura 2000","Odransko polje","oikon","Restauracija na za\u0161ti\u0107enom podru\u010dju","Sisa\u010dko-moslava\u010dka \u017eupanija"],"articleSection":["PROJEKTI","Za\u0161tita prirode"],"inLanguage":"hr-HR","potentialAction":[{"@type":"CommentAction","name":"Comment","target":["https:\/\/oikon.hr\/hr\/projekt-restauracije-na-zasticenom-podrucju-odransko-polje\/#respond"]}]},{"@type":"WebPage","@id":"https:\/\/oikon.hr\/hr\/projekt-restauracije-na-zasticenom-podrucju-odransko-polje\/","url":"https:\/\/oikon.hr\/hr\/projekt-restauracije-na-zasticenom-podrucju-odransko-polje\/","name":"Projekt restauracije na za\u0161ti\u0107enom podru\u010dju Odransko polje &#8211; Oikon d.o.o.","isPartOf":{"@id":"https:\/\/oikon.hr\/#website"},"primaryImageOfPage":{"@id":"https:\/\/oikon.hr\/hr\/projekt-restauracije-na-zasticenom-podrucju-odransko-polje\/#primaryimage"},"image":{"@id":"https:\/\/oikon.hr\/hr\/projekt-restauracije-na-zasticenom-podrucju-odransko-polje\/#primaryimage"},"thumbnailUrl":"https:\/\/oikon.hr\/cms\/wp-content\/uploads\/2026\/03\/20250515_104254.jpg","datePublished":"2025-11-17T14:12:00+00:00","dateModified":"2026-03-17T15:26:06+00:00","description":"Javna ustanova za upravljanje za\u0161ti\u0107enim dijelovima prirode Sisa\u010dko-moslava\u010dke \u017eupanije","breadcrumb":{"@id":"https:\/\/oikon.hr\/hr\/projekt-restauracije-na-zasticenom-podrucju-odransko-polje\/#breadcrumb"},"inLanguage":"hr-HR","potentialAction":[{"@type":"ReadAction","target":["https:\/\/oikon.hr\/hr\/projekt-restauracije-na-zasticenom-podrucju-odransko-polje\/"]}]},{"@type":"ImageObject","inLanguage":"hr-HR","@id":"https:\/\/oikon.hr\/hr\/projekt-restauracije-na-zasticenom-podrucju-odransko-polje\/#primaryimage","url":"https:\/\/oikon.hr\/cms\/wp-content\/uploads\/2026\/03\/20250515_104254.jpg","contentUrl":"https:\/\/oikon.hr\/cms\/wp-content\/uploads\/2026\/03\/20250515_104254.jpg","width":1224,"height":918},{"@type":"BreadcrumbList","@id":"https:\/\/oikon.hr\/hr\/projekt-restauracije-na-zasticenom-podrucju-odransko-polje\/#breadcrumb","itemListElement":[{"@type":"ListItem","position":1,"name":"","item":"https:\/\/oikon.hr\/hr\/"},{"@type":"ListItem","position":2,"name":"PROJEKTI","item":"https:\/\/oikon.hr\/hr\/topic\/projekti\/"},{"@type":"ListItem","position":3,"name":"Za\u0161tita prirode","item":"https:\/\/oikon.hr\/hr\/topic\/projekti\/zastita-prirode\/"},{"@type":"ListItem","position":4,"name":"Projekt restauracije na za\u0161ti\u0107enom podru\u010dju Odransko polje"}]},{"@type":"WebSite","@id":"https:\/\/oikon.hr\/#website","url":"https:\/\/oikon.hr\/","name":"Oikon d.o.o.","description":"Institut za primijenjenu ekologiju","publisher":{"@id":"https:\/\/oikon.hr\/#organization"},"alternateName":"OIKON","potentialAction":[{"@type":"SearchAction","target":{"@type":"EntryPoint","urlTemplate":"https:\/\/oikon.hr\/?s={search_term_string}"},"query-input":{"@type":"PropertyValueSpecification","valueRequired":true,"valueName":"search_term_string"}}],"inLanguage":"hr-HR"},{"@type":"Organization","@id":"https:\/\/oikon.hr\/#organization","name":"Oikon d.o.o. - Institut za primijenjenu ekologiju","alternateName":"OIKON","url":"https:\/\/oikon.hr\/","logo":{"@type":"ImageObject","inLanguage":"hr-HR","@id":"https:\/\/oikon.hr\/#\/schema\/logo\/image\/","url":"https:\/\/oikon.hr\/cms\/wp-content\/uploads\/2021\/01\/OIKON_R_logo_transparent.png","contentUrl":"https:\/\/oikon.hr\/cms\/wp-content\/uploads\/2021\/01\/OIKON_R_logo_transparent.png","width":1660,"height":541,"caption":"Oikon d.o.o. - Institut za primijenjenu ekologiju"},"image":{"@id":"https:\/\/oikon.hr\/#\/schema\/logo\/image\/"},"sameAs":["http:\/\/www.facebook.com\/OikonLtd\/","https:\/\/x.com\/OikonLtd","https:\/\/www.instagram.com\/oikon_ltd\/","https:\/\/www.linkedin.com\/company\/oikon---institute-for-applied-technology\/","https:\/\/www.youtube.com\/channel\/UCu_eJ0ct90AEN8D85KWcRHQ"]},{"@type":"Person","@id":"https:\/\/oikon.hr\/#\/schema\/person\/4fb14a46c1071083d5de459c14a82f7c","name":"oikonadministracija","image":{"@type":"ImageObject","inLanguage":"hr-HR","@id":"https:\/\/oikon.hr\/#\/schema\/person\/image\/","url":"https:\/\/secure.gravatar.com\/avatar\/e247aba33e5428fc6a24bbca24b92af36ceafa9a824508df7d1d40391c5f0748?s=96&d=mm&r=g","contentUrl":"https:\/\/secure.gravatar.com\/avatar\/e247aba33e5428fc6a24bbca24b92af36ceafa9a824508df7d1d40391c5f0748?s=96&d=mm&r=g","caption":"oikonadministracija"},"url":"https:\/\/oikon.hr\/hr\/author\/oikonadministracija\/"}]}},"_links":{"self":[{"href":"https:\/\/oikon.hr\/hr\/wp-json\/wp\/v2\/posts\/13362","targetHints":{"allow":["GET"]}}],"collection":[{"href":"https:\/\/oikon.hr\/hr\/wp-json\/wp\/v2\/posts"}],"about":[{"href":"https:\/\/oikon.hr\/hr\/wp-json\/wp\/v2\/types\/post"}],"author":[{"embeddable":true,"href":"https:\/\/oikon.hr\/hr\/wp-json\/wp\/v2\/users\/2"}],"replies":[{"embeddable":true,"href":"https:\/\/oikon.hr\/hr\/wp-json\/wp\/v2\/comments?post=13362"}],"version-history":[{"count":1,"href":"https:\/\/oikon.hr\/hr\/wp-json\/wp\/v2\/posts\/13362\/revisions"}],"predecessor-version":[{"id":13365,"href":"https:\/\/oikon.hr\/hr\/wp-json\/wp\/v2\/posts\/13362\/revisions\/13365"}],"wp:featuredmedia":[{"embeddable":true,"href":"https:\/\/oikon.hr\/hr\/wp-json\/wp\/v2\/media\/13363"}],"wp:attachment":[{"href":"https:\/\/oikon.hr\/hr\/wp-json\/wp\/v2\/media?parent=13362"}],"wp:term":[{"taxonomy":"category","embeddable":true,"href":"https:\/\/oikon.hr\/hr\/wp-json\/wp\/v2\/categories?post=13362"},{"taxonomy":"post_tag","embeddable":true,"href":"https:\/\/oikon.hr\/hr\/wp-json\/wp\/v2\/tags?post=13362"}],"curies":[{"name":"wp","href":"https:\/\/api.w.org\/{rel}","templated":true}]}}