{"id":13476,"date":"2026-04-27T17:00:25","date_gmt":"2026-04-27T15:00:25","guid":{"rendered":"https:\/\/oikon.hr\/oikon-experts-present-beaver-recovery-in-croatia-at-international-conference\/"},"modified":"2026-04-28T17:24:31","modified_gmt":"2026-04-28T15:24:31","slug":"oikonovi-strucnjaci-na-medunarodnoj-konferenciji-govorili-o-oporavku-dabra-u-hrvatskoj","status":"publish","type":"post","link":"https:\/\/oikon.hr\/hr\/oikonovi-strucnjaci-na-medunarodnoj-konferenciji-govorili-o-oporavku-dabra-u-hrvatskoj\/","title":{"rendered":"Oikonovi stru\u010dnjaci na me\u0111unarodnoj konferenciji govorili o oporavku dabra u Hrvatskoj"},"content":{"rendered":"\n<figure class=\"wp-block-image size-medium is-resized\"><img loading=\"lazy\" decoding=\"async\" width=\"300\" height=\"122\" src=\"https:\/\/oikon.hr\/cms\/wp-content\/uploads\/2026\/04\/EURASIAN-BEAVER-IN-THE-DANUBE-REGION-conference-300x122.jpg\" alt=\"\" class=\"wp-image-13473\" style=\"width:386px;height:auto\" srcset=\"https:\/\/oikon.hr\/cms\/wp-content\/uploads\/2026\/04\/EURASIAN-BEAVER-IN-THE-DANUBE-REGION-conference-300x122.jpg 300w, https:\/\/oikon.hr\/cms\/wp-content\/uploads\/2026\/04\/EURASIAN-BEAVER-IN-THE-DANUBE-REGION-conference-1024x417.jpg 1024w, https:\/\/oikon.hr\/cms\/wp-content\/uploads\/2026\/04\/EURASIAN-BEAVER-IN-THE-DANUBE-REGION-conference-150x61.jpg 150w, https:\/\/oikon.hr\/cms\/wp-content\/uploads\/2026\/04\/EURASIAN-BEAVER-IN-THE-DANUBE-REGION-conference-768x313.jpg 768w, https:\/\/oikon.hr\/cms\/wp-content\/uploads\/2026\/04\/EURASIAN-BEAVER-IN-THE-DANUBE-REGION-conference.jpg 1197w\" sizes=\"auto, (max-width: 300px) 100vw, 300px\" \/><\/figure>\n\n\n\n<p>27. travnja 2026. \u2013 Oikonovi stru\u010dnjaci, Monika Petkovi\u0107 i Marko Augustinovi\u0107, sudjelovali su na me\u0111unarodnoj konferenciji \u201c<strong><span style=\"text-decoration: underline;\"><a href=\"https:\/\/www.sumfak.unizg.hr\/hr\/znanstveni-rad-i-medjunarodna-suradnja\/konferencije-i-strucni-skupovi\/eurasian-beaver-in-the-danube-region\/\" target=\"_blank\" rel=\"noreferrer noopener\">Eurasian beaver in the Danube region<\/a><\/span><\/strong>\u201c, u organizaciji Fakulteta \u0161umarstva i drvne tehnologije Sveu\u010dili\u0161ta u Zagrebu.<\/p>\n\n\n\n<p>Konferencija je okupila istra\u017eiva\u010de i stru\u010dnjake usmjerene na o\u010duvanje i upravljanje Eurasian beaver u dunavskoj regiji, s naglaskom na pra\u0107enje rasprostranjenosti i gusto\u0107e populacije i su\u017eivot s ljudima.<\/p>\n\n\n\n<p><strong>Monika Petkovi\u0107 <\/strong>predstavila je rad Oikona u izlaganju pod nazivom \u201e<strong>Mapping the success: The reintroduction and spread of beavers in the Republic of Croatia<\/strong>\u201c na temu uspje\u0161ne reintrodukcije i \u0161irenja dabra u Hrvatskoj. Objasnila je kako je dabar, koji je u Hrvatskoj izumro u 19. stolje\u0107u zbog prekomjernog iskori\u0161tavanja, uspje\u0161no ponovno uveden u razdoblju 1996. \u2013 1998. kroz projekt Dabar u Hrvatskoj. Jedinke iz Bavarske pu\u0161tene su na podru\u010dju \u017dutice u slivu rijeke Save i kod Legrada u slivu rijeke Drave. \u0160irenje populacije je tada pra\u0107eno u sklopu projekta reintrodukcije, a Od 2019. godine dodatni projekti usmjereni na semiakvati\u010dne sisavce pro\u0161irili su skup podataka, koji je sada objedinjeni i analiziran kroz vremenska razdoblja, pru\u017eaju\u0107i jasnu sliku rasprostranjenosti dabra u Hrvatskoj.<\/p>\n\n\n\n<p>Danas dabar nastanjuje ve\u0107inu crnomorskog sliva u Hrvatskoj, a njegova najju\u017enija granica dose\u017ee izvor rijeke Une kod Suvaje. Rasprostranjen je u kontinentalnoj i alpskoj biogeografskoj regiji, dok u mediteranskoj regiji jo\u0161 nije zabilje\u017een. Prema najnovijim podacima, vrsta je prisutna u 322 kvadrata (10 \u00d7 10 km) nacionalne HTRS mre\u017ee, \u0161to obuhva\u0107a povr\u0161inu od 27.152 km\u00b2. Od toga se 26.085 km\u00b2 nalazi u kontinentalnoj, a 1.067 km\u00b2 u alpskoj regiji.<\/p>\n\n\n\n<p>Oporavak dabra u Hrvatskoj jasan je primjer uspje\u0161ne reintrodukcije vrste, dugoro\u010dnog pra\u0107enja i objedinjavanja podataka. Ujedno pokazuje vrijednost kombiniranja stru\u010dnog rada, anga\u017eiranosti dionika i opa\u017eanja gra\u0111ana.<\/p>\n\n\n\n<p>Oikon nastavlja podupirati istra\u017eivanja bioraznolikosti i pru\u017eati stru\u010dnu podr\u0161ku odr\u017eivom upravljanju okoli\u0161em u regiji.<\/p>\n\n\n\n<figure class=\"wp-block-image size-large\"><img loading=\"lazy\" decoding=\"async\" width=\"909\" height=\"1024\" src=\"https:\/\/oikon.hr\/cms\/wp-content\/uploads\/2026\/04\/Monika-Petkovic-Oikon-beaver-dabar-predavanje-909x1024.jpeg\" alt=\"\" class=\"wp-image-13471\" srcset=\"https:\/\/oikon.hr\/cms\/wp-content\/uploads\/2026\/04\/Monika-Petkovic-Oikon-beaver-dabar-predavanje-909x1024.jpeg 909w, https:\/\/oikon.hr\/cms\/wp-content\/uploads\/2026\/04\/Monika-Petkovic-Oikon-beaver-dabar-predavanje-266x300.jpeg 266w, https:\/\/oikon.hr\/cms\/wp-content\/uploads\/2026\/04\/Monika-Petkovic-Oikon-beaver-dabar-predavanje-133x150.jpeg 133w, https:\/\/oikon.hr\/cms\/wp-content\/uploads\/2026\/04\/Monika-Petkovic-Oikon-beaver-dabar-predavanje-768x866.jpeg 768w, https:\/\/oikon.hr\/cms\/wp-content\/uploads\/2026\/04\/Monika-Petkovic-Oikon-beaver-dabar-predavanje.jpeg 1126w\" sizes=\"auto, (max-width: 909px) 100vw, 909px\" \/><\/figure>\n\n\n\n<p><\/p>\n","protected":false},"excerpt":{"rendered":"<p>27. travnja 2026. \u2013 Oikonovi stru\u010dnjaci, Monika Petkovi\u0107 i Marko Augustinovi\u0107, sudjelovali su na me\u0111unarodnoj konferenciji \u201cEurasian beaver in the Danube region\u201c, u organizaciji Fakulteta \u0161umarstva i drvne tehnologije Sveu\u010dili\u0161ta u Zagrebu. Konferencija je okupila istra\u017eiva\u010de i stru\u010dnjake usmjerene na o\u010duvanje i upravljanje Eurasian beaver u dunavskoj regiji, s naglaskom na pra\u0107enje rasprostranjenosti i gusto\u0107e &hellip; <a href=\"https:\/\/oikon.hr\/hr\/oikonovi-strucnjaci-na-medunarodnoj-konferenciji-govorili-o-oporavku-dabra-u-hrvatskoj\/\">Saznajte vi\u0161e<\/a><\/p>\n","protected":false},"author":2,"featured_media":13474,"comment_status":"open","ping_status":"open","sticky":false,"template":"","format":"standard","meta":{"_acf_changed":false,"footnotes":""},"categories":[798],"tags":[3029,3030,3033,3031,3034,1780,1781,835],"class_list":["post-13476","post","type-post","status-publish","format-standard","has-post-thumbnail","hentry","category-vijesti","tag-beaver-in-croatia","tag-conference-on-beaver","tag-dabar-u-hrvatskoj","tag-eurasian-beaver-in-the-danube-region","tag-konferencija-o-dabru","tag-marko-augustinovic-2","tag-monika-petkovic-2","tag-oikon-hr"],"acf":[],"yoast_head":"<!-- This site is optimized with the Yoast SEO plugin v27.0 - https:\/\/yoast.com\/product\/yoast-seo-wordpress\/ -->\n<title>Oikonovi stru\u010dnjaci na me\u0111unarodnoj konferenciji govorili o oporavku dabra u Hrvatskoj &#8211; Oikon d.o.o.<\/title>\n<meta name=\"description\" content=\"27. travnja 2026. \u2013 Oikonovi stru\u010dnjaci, Monika Petkovi\u0107 i Marko Augustinovi\u0107, sudjelovali su na me\u0111unarodnoj konferenciji \u201cEurasian beaver in the Danube\" \/>\n<meta name=\"robots\" content=\"index, follow, max-snippet:-1, max-image-preview:large, max-video-preview:-1\" \/>\n<link rel=\"canonical\" href=\"https:\/\/oikon.hr\/hr\/oikonovi-strucnjaci-na-medunarodnoj-konferenciji-govorili-o-oporavku-dabra-u-hrvatskoj\/\" \/>\n<meta property=\"og:locale\" content=\"hr_HR\" \/>\n<meta property=\"og:type\" content=\"article\" \/>\n<meta property=\"og:title\" content=\"Oikonovi stru\u010dnjaci na me\u0111unarodnoj konferenciji govorili o oporavku dabra u Hrvatskoj &#8211; Oikon d.o.o.\" \/>\n<meta property=\"og:description\" content=\"27. travnja 2026. \u2013 Oikonovi stru\u010dnjaci, Monika Petkovi\u0107 i Marko Augustinovi\u0107, sudjelovali su na me\u0111unarodnoj konferenciji \u201cEurasian beaver in the Danube\" \/>\n<meta property=\"og:url\" content=\"https:\/\/oikon.hr\/hr\/oikonovi-strucnjaci-na-medunarodnoj-konferenciji-govorili-o-oporavku-dabra-u-hrvatskoj\/\" \/>\n<meta property=\"og:site_name\" content=\"Oikon d.o.o.\" \/>\n<meta property=\"article:publisher\" content=\"http:\/\/www.facebook.com\/OikonLtd\/\" \/>\n<meta property=\"article:published_time\" content=\"2026-04-27T15:00:25+00:00\" \/>\n<meta property=\"article:modified_time\" content=\"2026-04-28T15:24:31+00:00\" \/>\n<meta property=\"og:image\" content=\"https:\/\/oikon.hr\/cms\/wp-content\/uploads\/2026\/04\/EURASIAN-BEAVER-IN-THE-DANUBE-REGION-conference.jpg\" \/>\n\t<meta property=\"og:image:width\" content=\"1197\" \/>\n\t<meta property=\"og:image:height\" content=\"488\" \/>\n\t<meta property=\"og:image:type\" content=\"image\/jpeg\" \/>\n<meta name=\"author\" content=\"oikonadministracija\" \/>\n<meta name=\"twitter:card\" content=\"summary_large_image\" \/>\n<meta name=\"twitter:creator\" content=\"@OikonLtd\" \/>\n<meta name=\"twitter:site\" content=\"@OikonLtd\" \/>\n<meta name=\"twitter:label1\" content=\"Written by\" \/>\n\t<meta name=\"twitter:data1\" content=\"oikonadministracija\" \/>\n\t<meta name=\"twitter:label2\" content=\"Est. reading time\" \/>\n\t<meta name=\"twitter:data2\" content=\"2 minutes\" \/>\n<script type=\"application\/ld+json\" class=\"yoast-schema-graph\">{\"@context\":\"https:\/\/schema.org\",\"@graph\":[{\"@type\":\"Article\",\"@id\":\"https:\/\/oikon.hr\/hr\/oikonovi-strucnjaci-na-medunarodnoj-konferenciji-govorili-o-oporavku-dabra-u-hrvatskoj\/#article\",\"isPartOf\":{\"@id\":\"https:\/\/oikon.hr\/hr\/oikonovi-strucnjaci-na-medunarodnoj-konferenciji-govorili-o-oporavku-dabra-u-hrvatskoj\/\"},\"author\":{\"name\":\"oikonadministracija\",\"@id\":\"https:\/\/oikon.hr\/#\/schema\/person\/4fb14a46c1071083d5de459c14a82f7c\"},\"headline\":\"Oikonovi stru\u010dnjaci na me\u0111unarodnoj konferenciji govorili o oporavku dabra u Hrvatskoj\",\"datePublished\":\"2026-04-27T15:00:25+00:00\",\"dateModified\":\"2026-04-28T15:24:31+00:00\",\"mainEntityOfPage\":{\"@id\":\"https:\/\/oikon.hr\/hr\/oikonovi-strucnjaci-na-medunarodnoj-konferenciji-govorili-o-oporavku-dabra-u-hrvatskoj\/\"},\"wordCount\":329,\"commentCount\":0,\"publisher\":{\"@id\":\"https:\/\/oikon.hr\/#organization\"},\"image\":{\"@id\":\"https:\/\/oikon.hr\/hr\/oikonovi-strucnjaci-na-medunarodnoj-konferenciji-govorili-o-oporavku-dabra-u-hrvatskoj\/#primaryimage\"},\"thumbnailUrl\":\"https:\/\/oikon.hr\/cms\/wp-content\/uploads\/2026\/04\/EURASIAN-BEAVER-IN-THE-DANUBE-REGION-conference.jpg\",\"keywords\":[\"beaver in Croatia\",\"Conference on beaver\",\"Dabar u Hrvatskoj\",\"EURASIAN BEAVER IN THE DANUBE REGION\",\"konferencija o dabru\",\"Marko Augustinovi\u0107\",\"Monika Petkovi\u0107\",\"oikon\"],\"articleSection\":[\"VIJESTI\"],\"inLanguage\":\"hr-HR\",\"potentialAction\":[{\"@type\":\"CommentAction\",\"name\":\"Comment\",\"target\":[\"https:\/\/oikon.hr\/hr\/oikonovi-strucnjaci-na-medunarodnoj-konferenciji-govorili-o-oporavku-dabra-u-hrvatskoj\/#respond\"]}]},{\"@type\":\"WebPage\",\"@id\":\"https:\/\/oikon.hr\/hr\/oikonovi-strucnjaci-na-medunarodnoj-konferenciji-govorili-o-oporavku-dabra-u-hrvatskoj\/\",\"url\":\"https:\/\/oikon.hr\/hr\/oikonovi-strucnjaci-na-medunarodnoj-konferenciji-govorili-o-oporavku-dabra-u-hrvatskoj\/\",\"name\":\"Oikonovi stru\u010dnjaci na me\u0111unarodnoj konferenciji govorili o oporavku dabra u Hrvatskoj &#8211; Oikon d.o.o.\",\"isPartOf\":{\"@id\":\"https:\/\/oikon.hr\/#website\"},\"primaryImageOfPage\":{\"@id\":\"https:\/\/oikon.hr\/hr\/oikonovi-strucnjaci-na-medunarodnoj-konferenciji-govorili-o-oporavku-dabra-u-hrvatskoj\/#primaryimage\"},\"image\":{\"@id\":\"https:\/\/oikon.hr\/hr\/oikonovi-strucnjaci-na-medunarodnoj-konferenciji-govorili-o-oporavku-dabra-u-hrvatskoj\/#primaryimage\"},\"thumbnailUrl\":\"https:\/\/oikon.hr\/cms\/wp-content\/uploads\/2026\/04\/EURASIAN-BEAVER-IN-THE-DANUBE-REGION-conference.jpg\",\"datePublished\":\"2026-04-27T15:00:25+00:00\",\"dateModified\":\"2026-04-28T15:24:31+00:00\",\"description\":\"27. travnja 2026. \u2013 Oikonovi stru\u010dnjaci, Monika Petkovi\u0107 i Marko Augustinovi\u0107, sudjelovali su na me\u0111unarodnoj konferenciji \u201cEurasian beaver in the Danube\",\"breadcrumb\":{\"@id\":\"https:\/\/oikon.hr\/hr\/oikonovi-strucnjaci-na-medunarodnoj-konferenciji-govorili-o-oporavku-dabra-u-hrvatskoj\/#breadcrumb\"},\"inLanguage\":\"hr-HR\",\"potentialAction\":[{\"@type\":\"ReadAction\",\"target\":[\"https:\/\/oikon.hr\/hr\/oikonovi-strucnjaci-na-medunarodnoj-konferenciji-govorili-o-oporavku-dabra-u-hrvatskoj\/\"]}]},{\"@type\":\"ImageObject\",\"inLanguage\":\"hr-HR\",\"@id\":\"https:\/\/oikon.hr\/hr\/oikonovi-strucnjaci-na-medunarodnoj-konferenciji-govorili-o-oporavku-dabra-u-hrvatskoj\/#primaryimage\",\"url\":\"https:\/\/oikon.hr\/cms\/wp-content\/uploads\/2026\/04\/EURASIAN-BEAVER-IN-THE-DANUBE-REGION-conference.jpg\",\"contentUrl\":\"https:\/\/oikon.hr\/cms\/wp-content\/uploads\/2026\/04\/EURASIAN-BEAVER-IN-THE-DANUBE-REGION-conference.jpg\",\"width\":1197,\"height\":488},{\"@type\":\"BreadcrumbList\",\"@id\":\"https:\/\/oikon.hr\/hr\/oikonovi-strucnjaci-na-medunarodnoj-konferenciji-govorili-o-oporavku-dabra-u-hrvatskoj\/#breadcrumb\",\"itemListElement\":[{\"@type\":\"ListItem\",\"position\":1,\"name\":\"\",\"item\":\"https:\/\/oikon.hr\/hr\/\"},{\"@type\":\"ListItem\",\"position\":2,\"name\":\"VIJESTI\",\"item\":\"https:\/\/oikon.hr\/hr\/topic\/vijesti\/\"},{\"@type\":\"ListItem\",\"position\":3,\"name\":\"Oikonovi stru\u010dnjaci na me\u0111unarodnoj konferenciji govorili o oporavku dabra u Hrvatskoj\"}]},{\"@type\":\"WebSite\",\"@id\":\"https:\/\/oikon.hr\/#website\",\"url\":\"https:\/\/oikon.hr\/\",\"name\":\"Oikon d.o.o.\",\"description\":\"Institut za primijenjenu ekologiju\",\"publisher\":{\"@id\":\"https:\/\/oikon.hr\/#organization\"},\"alternateName\":\"OIKON\",\"potentialAction\":[{\"@type\":\"SearchAction\",\"target\":{\"@type\":\"EntryPoint\",\"urlTemplate\":\"https:\/\/oikon.hr\/?s={search_term_string}\"},\"query-input\":{\"@type\":\"PropertyValueSpecification\",\"valueRequired\":true,\"valueName\":\"search_term_string\"}}],\"inLanguage\":\"hr-HR\"},{\"@type\":\"Organization\",\"@id\":\"https:\/\/oikon.hr\/#organization\",\"name\":\"Oikon d.o.o. - Institut za primijenjenu ekologiju\",\"alternateName\":\"OIKON\",\"url\":\"https:\/\/oikon.hr\/\",\"logo\":{\"@type\":\"ImageObject\",\"inLanguage\":\"hr-HR\",\"@id\":\"https:\/\/oikon.hr\/#\/schema\/logo\/image\/\",\"url\":\"https:\/\/oikon.hr\/cms\/wp-content\/uploads\/2021\/01\/OIKON_R_logo_transparent.png\",\"contentUrl\":\"https:\/\/oikon.hr\/cms\/wp-content\/uploads\/2021\/01\/OIKON_R_logo_transparent.png\",\"width\":1660,\"height\":541,\"caption\":\"Oikon d.o.o. - Institut za primijenjenu ekologiju\"},\"image\":{\"@id\":\"https:\/\/oikon.hr\/#\/schema\/logo\/image\/\"},\"sameAs\":[\"http:\/\/www.facebook.com\/OikonLtd\/\",\"https:\/\/x.com\/OikonLtd\",\"https:\/\/www.instagram.com\/oikon_ltd\/\",\"https:\/\/www.linkedin.com\/company\/oikon---institute-for-applied-technology\/\",\"https:\/\/www.youtube.com\/channel\/UCu_eJ0ct90AEN8D85KWcRHQ\"]},{\"@type\":\"Person\",\"@id\":\"https:\/\/oikon.hr\/#\/schema\/person\/4fb14a46c1071083d5de459c14a82f7c\",\"name\":\"oikonadministracija\",\"image\":{\"@type\":\"ImageObject\",\"inLanguage\":\"hr-HR\",\"@id\":\"https:\/\/oikon.hr\/#\/schema\/person\/image\/\",\"url\":\"https:\/\/secure.gravatar.com\/avatar\/e247aba33e5428fc6a24bbca24b92af36ceafa9a824508df7d1d40391c5f0748?s=96&d=mm&r=g\",\"contentUrl\":\"https:\/\/secure.gravatar.com\/avatar\/e247aba33e5428fc6a24bbca24b92af36ceafa9a824508df7d1d40391c5f0748?s=96&d=mm&r=g\",\"caption\":\"oikonadministracija\"},\"url\":\"https:\/\/oikon.hr\/hr\/author\/oikonadministracija\/\"}]}<\/script>\n<!-- \/ Yoast SEO plugin. -->","yoast_head_json":{"title":"Oikonovi stru\u010dnjaci na me\u0111unarodnoj konferenciji govorili o oporavku dabra u Hrvatskoj &#8211; Oikon d.o.o.","description":"27. travnja 2026. \u2013 Oikonovi stru\u010dnjaci, Monika Petkovi\u0107 i Marko Augustinovi\u0107, sudjelovali su na me\u0111unarodnoj konferenciji \u201cEurasian beaver in the Danube","robots":{"index":"index","follow":"follow","max-snippet":"max-snippet:-1","max-image-preview":"max-image-preview:large","max-video-preview":"max-video-preview:-1"},"canonical":"https:\/\/oikon.hr\/hr\/oikonovi-strucnjaci-na-medunarodnoj-konferenciji-govorili-o-oporavku-dabra-u-hrvatskoj\/","og_locale":"hr_HR","og_type":"article","og_title":"Oikonovi stru\u010dnjaci na me\u0111unarodnoj konferenciji govorili o oporavku dabra u Hrvatskoj &#8211; Oikon d.o.o.","og_description":"27. travnja 2026. \u2013 Oikonovi stru\u010dnjaci, Monika Petkovi\u0107 i Marko Augustinovi\u0107, sudjelovali su na me\u0111unarodnoj konferenciji \u201cEurasian beaver in the Danube","og_url":"https:\/\/oikon.hr\/hr\/oikonovi-strucnjaci-na-medunarodnoj-konferenciji-govorili-o-oporavku-dabra-u-hrvatskoj\/","og_site_name":"Oikon d.o.o.","article_publisher":"http:\/\/www.facebook.com\/OikonLtd\/","article_published_time":"2026-04-27T15:00:25+00:00","article_modified_time":"2026-04-28T15:24:31+00:00","og_image":[{"width":1197,"height":488,"url":"https:\/\/oikon.hr\/cms\/wp-content\/uploads\/2026\/04\/EURASIAN-BEAVER-IN-THE-DANUBE-REGION-conference.jpg","type":"image\/jpeg"}],"author":"oikonadministracija","twitter_card":"summary_large_image","twitter_creator":"@OikonLtd","twitter_site":"@OikonLtd","twitter_misc":{"Written by":"oikonadministracija","Est. reading time":"2 minutes"},"schema":{"@context":"https:\/\/schema.org","@graph":[{"@type":"Article","@id":"https:\/\/oikon.hr\/hr\/oikonovi-strucnjaci-na-medunarodnoj-konferenciji-govorili-o-oporavku-dabra-u-hrvatskoj\/#article","isPartOf":{"@id":"https:\/\/oikon.hr\/hr\/oikonovi-strucnjaci-na-medunarodnoj-konferenciji-govorili-o-oporavku-dabra-u-hrvatskoj\/"},"author":{"name":"oikonadministracija","@id":"https:\/\/oikon.hr\/#\/schema\/person\/4fb14a46c1071083d5de459c14a82f7c"},"headline":"Oikonovi stru\u010dnjaci na me\u0111unarodnoj konferenciji govorili o oporavku dabra u Hrvatskoj","datePublished":"2026-04-27T15:00:25+00:00","dateModified":"2026-04-28T15:24:31+00:00","mainEntityOfPage":{"@id":"https:\/\/oikon.hr\/hr\/oikonovi-strucnjaci-na-medunarodnoj-konferenciji-govorili-o-oporavku-dabra-u-hrvatskoj\/"},"wordCount":329,"commentCount":0,"publisher":{"@id":"https:\/\/oikon.hr\/#organization"},"image":{"@id":"https:\/\/oikon.hr\/hr\/oikonovi-strucnjaci-na-medunarodnoj-konferenciji-govorili-o-oporavku-dabra-u-hrvatskoj\/#primaryimage"},"thumbnailUrl":"https:\/\/oikon.hr\/cms\/wp-content\/uploads\/2026\/04\/EURASIAN-BEAVER-IN-THE-DANUBE-REGION-conference.jpg","keywords":["beaver in Croatia","Conference on beaver","Dabar u Hrvatskoj","EURASIAN BEAVER IN THE DANUBE REGION","konferencija o dabru","Marko Augustinovi\u0107","Monika Petkovi\u0107","oikon"],"articleSection":["VIJESTI"],"inLanguage":"hr-HR","potentialAction":[{"@type":"CommentAction","name":"Comment","target":["https:\/\/oikon.hr\/hr\/oikonovi-strucnjaci-na-medunarodnoj-konferenciji-govorili-o-oporavku-dabra-u-hrvatskoj\/#respond"]}]},{"@type":"WebPage","@id":"https:\/\/oikon.hr\/hr\/oikonovi-strucnjaci-na-medunarodnoj-konferenciji-govorili-o-oporavku-dabra-u-hrvatskoj\/","url":"https:\/\/oikon.hr\/hr\/oikonovi-strucnjaci-na-medunarodnoj-konferenciji-govorili-o-oporavku-dabra-u-hrvatskoj\/","name":"Oikonovi stru\u010dnjaci na me\u0111unarodnoj konferenciji govorili o oporavku dabra u Hrvatskoj &#8211; Oikon d.o.o.","isPartOf":{"@id":"https:\/\/oikon.hr\/#website"},"primaryImageOfPage":{"@id":"https:\/\/oikon.hr\/hr\/oikonovi-strucnjaci-na-medunarodnoj-konferenciji-govorili-o-oporavku-dabra-u-hrvatskoj\/#primaryimage"},"image":{"@id":"https:\/\/oikon.hr\/hr\/oikonovi-strucnjaci-na-medunarodnoj-konferenciji-govorili-o-oporavku-dabra-u-hrvatskoj\/#primaryimage"},"thumbnailUrl":"https:\/\/oikon.hr\/cms\/wp-content\/uploads\/2026\/04\/EURASIAN-BEAVER-IN-THE-DANUBE-REGION-conference.jpg","datePublished":"2026-04-27T15:00:25+00:00","dateModified":"2026-04-28T15:24:31+00:00","description":"27. travnja 2026. \u2013 Oikonovi stru\u010dnjaci, Monika Petkovi\u0107 i Marko Augustinovi\u0107, sudjelovali su na me\u0111unarodnoj konferenciji \u201cEurasian beaver in the Danube","breadcrumb":{"@id":"https:\/\/oikon.hr\/hr\/oikonovi-strucnjaci-na-medunarodnoj-konferenciji-govorili-o-oporavku-dabra-u-hrvatskoj\/#breadcrumb"},"inLanguage":"hr-HR","potentialAction":[{"@type":"ReadAction","target":["https:\/\/oikon.hr\/hr\/oikonovi-strucnjaci-na-medunarodnoj-konferenciji-govorili-o-oporavku-dabra-u-hrvatskoj\/"]}]},{"@type":"ImageObject","inLanguage":"hr-HR","@id":"https:\/\/oikon.hr\/hr\/oikonovi-strucnjaci-na-medunarodnoj-konferenciji-govorili-o-oporavku-dabra-u-hrvatskoj\/#primaryimage","url":"https:\/\/oikon.hr\/cms\/wp-content\/uploads\/2026\/04\/EURASIAN-BEAVER-IN-THE-DANUBE-REGION-conference.jpg","contentUrl":"https:\/\/oikon.hr\/cms\/wp-content\/uploads\/2026\/04\/EURASIAN-BEAVER-IN-THE-DANUBE-REGION-conference.jpg","width":1197,"height":488},{"@type":"BreadcrumbList","@id":"https:\/\/oikon.hr\/hr\/oikonovi-strucnjaci-na-medunarodnoj-konferenciji-govorili-o-oporavku-dabra-u-hrvatskoj\/#breadcrumb","itemListElement":[{"@type":"ListItem","position":1,"name":"","item":"https:\/\/oikon.hr\/hr\/"},{"@type":"ListItem","position":2,"name":"VIJESTI","item":"https:\/\/oikon.hr\/hr\/topic\/vijesti\/"},{"@type":"ListItem","position":3,"name":"Oikonovi stru\u010dnjaci na me\u0111unarodnoj konferenciji govorili o oporavku dabra u Hrvatskoj"}]},{"@type":"WebSite","@id":"https:\/\/oikon.hr\/#website","url":"https:\/\/oikon.hr\/","name":"Oikon d.o.o.","description":"Institut za primijenjenu ekologiju","publisher":{"@id":"https:\/\/oikon.hr\/#organization"},"alternateName":"OIKON","potentialAction":[{"@type":"SearchAction","target":{"@type":"EntryPoint","urlTemplate":"https:\/\/oikon.hr\/?s={search_term_string}"},"query-input":{"@type":"PropertyValueSpecification","valueRequired":true,"valueName":"search_term_string"}}],"inLanguage":"hr-HR"},{"@type":"Organization","@id":"https:\/\/oikon.hr\/#organization","name":"Oikon d.o.o. - Institut za primijenjenu ekologiju","alternateName":"OIKON","url":"https:\/\/oikon.hr\/","logo":{"@type":"ImageObject","inLanguage":"hr-HR","@id":"https:\/\/oikon.hr\/#\/schema\/logo\/image\/","url":"https:\/\/oikon.hr\/cms\/wp-content\/uploads\/2021\/01\/OIKON_R_logo_transparent.png","contentUrl":"https:\/\/oikon.hr\/cms\/wp-content\/uploads\/2021\/01\/OIKON_R_logo_transparent.png","width":1660,"height":541,"caption":"Oikon d.o.o. - Institut za primijenjenu ekologiju"},"image":{"@id":"https:\/\/oikon.hr\/#\/schema\/logo\/image\/"},"sameAs":["http:\/\/www.facebook.com\/OikonLtd\/","https:\/\/x.com\/OikonLtd","https:\/\/www.instagram.com\/oikon_ltd\/","https:\/\/www.linkedin.com\/company\/oikon---institute-for-applied-technology\/","https:\/\/www.youtube.com\/channel\/UCu_eJ0ct90AEN8D85KWcRHQ"]},{"@type":"Person","@id":"https:\/\/oikon.hr\/#\/schema\/person\/4fb14a46c1071083d5de459c14a82f7c","name":"oikonadministracija","image":{"@type":"ImageObject","inLanguage":"hr-HR","@id":"https:\/\/oikon.hr\/#\/schema\/person\/image\/","url":"https:\/\/secure.gravatar.com\/avatar\/e247aba33e5428fc6a24bbca24b92af36ceafa9a824508df7d1d40391c5f0748?s=96&d=mm&r=g","contentUrl":"https:\/\/secure.gravatar.com\/avatar\/e247aba33e5428fc6a24bbca24b92af36ceafa9a824508df7d1d40391c5f0748?s=96&d=mm&r=g","caption":"oikonadministracija"},"url":"https:\/\/oikon.hr\/hr\/author\/oikonadministracija\/"}]}},"_links":{"self":[{"href":"https:\/\/oikon.hr\/hr\/wp-json\/wp\/v2\/posts\/13476","targetHints":{"allow":["GET"]}}],"collection":[{"href":"https:\/\/oikon.hr\/hr\/wp-json\/wp\/v2\/posts"}],"about":[{"href":"https:\/\/oikon.hr\/hr\/wp-json\/wp\/v2\/types\/post"}],"author":[{"embeddable":true,"href":"https:\/\/oikon.hr\/hr\/wp-json\/wp\/v2\/users\/2"}],"replies":[{"embeddable":true,"href":"https:\/\/oikon.hr\/hr\/wp-json\/wp\/v2\/comments?post=13476"}],"version-history":[{"count":2,"href":"https:\/\/oikon.hr\/hr\/wp-json\/wp\/v2\/posts\/13476\/revisions"}],"predecessor-version":[{"id":13479,"href":"https:\/\/oikon.hr\/hr\/wp-json\/wp\/v2\/posts\/13476\/revisions\/13479"}],"wp:featuredmedia":[{"embeddable":true,"href":"https:\/\/oikon.hr\/hr\/wp-json\/wp\/v2\/media\/13474"}],"wp:attachment":[{"href":"https:\/\/oikon.hr\/hr\/wp-json\/wp\/v2\/media?parent=13476"}],"wp:term":[{"taxonomy":"category","embeddable":true,"href":"https:\/\/oikon.hr\/hr\/wp-json\/wp\/v2\/categories?post=13476"},{"taxonomy":"post_tag","embeddable":true,"href":"https:\/\/oikon.hr\/hr\/wp-json\/wp\/v2\/tags?post=13476"}],"curies":[{"name":"wp","href":"https:\/\/api.w.org\/{rel}","templated":true}]}}