{"id":13487,"date":"2026-04-29T11:33:51","date_gmt":"2026-04-29T09:33:51","guid":{"rendered":"https:\/\/oikon.hr\/oikon-at-esa-pecs-industry-days-2026-in-malta\/"},"modified":"2026-04-29T11:36:32","modified_gmt":"2026-04-29T09:36:32","slug":"oikon-na-esa-pecs-industry-days-2026-na-malti","status":"publish","type":"post","link":"https:\/\/oikon.hr\/hr\/oikon-na-esa-pecs-industry-days-2026-na-malti\/","title":{"rendered":"Oikon na ESA PECS Industry Days 2026 na Malti"},"content":{"rendered":"\n<p>29. travnja 2026. \u2013 Oikonovi stru\u010dnjaci sudjelovali su na skupu <strong>ESA PECS and Associate Member States Industry Days 2026<\/strong>, odr\u017eanom od 22. do 24. travnja 2026. u Valletti na Malti. Doga\u0111aj su zajedni\u010dki organizirali Europska svemirska agencija (ESA) i malte\u0161ka agencija Xjenza Malta, a okupio je delegacije iz vi\u0161e od devet dr\u017eava \u010dlanica PECS programa i pridru\u017eenih \u010dlanica ESA-e. Uz Hrvatsku, sudjelovale su i Malta, Latvija, Litva, Slova\u010dka, Cipar i Bugarska.<\/p>\n\n\n\n<p>Oikon je predstavio portfelj aktualnih projekata u podru\u010dju opa\u017eanja Zemlje. Projekti uklju\u010duju monitoring obalnih i morskih podru\u010dja, detekciju invazivnih biljnih vrsta i \u0161umskih \u0161tetnika, ra\u010dunovodstvo okoli\u0161a, modeliranje pogodnosti stani\u0161ta za velike zvijeri te niz drugih primjena satelitskih podataka u za\u0161titi okoli\u0161a i odr\u017eivom upravljanju prostorom. Na\u0161i su stru\u010dnjaci aktivno sudjelovali na dogovorenim sastancima, gdje su s potencijalnim partnerima iz drugih europskih dr\u017eava razgovarali o zajedni\u010dkim prijavama na budu\u0107e ESA natje\u010daje i razvojnim projektima.<\/p>\n\n\n\n<p>Industry Days predstavljaju va\u017enu platformu za umre\u017eavanje tvrtki iz zemalja PECS programa s ESA-om i \u0161irim europskim svemirskim ekosustavom. U okviru PECS aran\u017emana, Hrvatska kao kooperativna dr\u017eava ESA-e upla\u0107uje godi\u0161nji doprinos koji se najve\u0107im dijelom vra\u0107a doma\u0107oj industriji kroz natje\u010daje objavljene na platformi esa-star, \u0161to ovakvim doga\u0111anjima daje izravnu strate\u0161ku i poslovnu vrijednost. Sudjelovanje Oikona dodatno potvr\u0111uje poziciju tvrtke kao jednog od vode\u0107ih hrvatskih aktera u primjeni satelitskog opa\u017eanja Zemlje za potrebe za\u0161tite okoli\u0161a i odr\u017eivog upravljanja prostorom. <\/p>\n\n\n\n<figure class=\"wp-block-image size-large\"><img loading=\"lazy\" decoding=\"async\" width=\"1024\" height=\"768\" src=\"https:\/\/oikon.hr\/cms\/wp-content\/uploads\/2026\/04\/ESA-PECS-2026_Tekic_Oikon_1-1024x768.jpg\" alt=\"\" class=\"wp-image-13484\" srcset=\"https:\/\/oikon.hr\/cms\/wp-content\/uploads\/2026\/04\/ESA-PECS-2026_Tekic_Oikon_1-1024x768.jpg 1024w, https:\/\/oikon.hr\/cms\/wp-content\/uploads\/2026\/04\/ESA-PECS-2026_Tekic_Oikon_1-300x225.jpg 300w, https:\/\/oikon.hr\/cms\/wp-content\/uploads\/2026\/04\/ESA-PECS-2026_Tekic_Oikon_1-150x113.jpg 150w, https:\/\/oikon.hr\/cms\/wp-content\/uploads\/2026\/04\/ESA-PECS-2026_Tekic_Oikon_1-768x576.jpg 768w, https:\/\/oikon.hr\/cms\/wp-content\/uploads\/2026\/04\/ESA-PECS-2026_Tekic_Oikon_1-1536x1152.jpg 1536w, https:\/\/oikon.hr\/cms\/wp-content\/uploads\/2026\/04\/ESA-PECS-2026_Tekic_Oikon_1.jpg 2000w\" sizes=\"auto, (max-width: 1024px) 100vw, 1024px\" \/><\/figure>\n\n\n\n<p>Vi\u0161e informacija o doga\u0111aju: <a href=\"https:\/\/atpi.eventsair.com\/pecs-industry-days-2026\/\" target=\"_blank\" rel=\"noreferrer noopener\">https:\/\/atpi.eventsair.com\/pecs-industry-days-2026\/<\/a><\/p>\n","protected":false},"excerpt":{"rendered":"<p>29. travnja 2026. \u2013 Oikonovi stru\u010dnjaci sudjelovali su na skupu ESA PECS and Associate Member States Industry Days 2026, odr\u017eanom od 22. do 24. travnja 2026. u Valletti na Malti. Doga\u0111aj su zajedni\u010dki organizirali Europska svemirska agencija (ESA) i malte\u0161ka agencija Xjenza Malta, a okupio je delegacije iz vi\u0161e od devet dr\u017eava \u010dlanica PECS programa &hellip; <a href=\"https:\/\/oikon.hr\/hr\/oikon-na-esa-pecs-industry-days-2026-na-malti\/\">Saznajte vi\u0161e<\/a><\/p>\n","protected":false},"author":2,"featured_media":13485,"comment_status":"open","ping_status":"open","sticky":false,"template":"","format":"standard","meta":{"_acf_changed":false,"footnotes":""},"categories":[798],"tags":[2091,953,835,2453],"class_list":["post-13487","post","type-post","status-publish","format-standard","has-post-thumbnail","hentry","category-vijesti","tag-earth-observation-2-hr","tag-esa-hr","tag-oikon-hr","tag-opazanje-zemlje"],"acf":[],"yoast_head":"<!-- This site is optimized with the Yoast SEO plugin v27.0 - https:\/\/yoast.com\/product\/yoast-seo-wordpress\/ -->\n<title>Oikon na ESA PECS Industry Days 2026 na Malti &#8211; Oikon d.o.o.<\/title>\n<meta name=\"description\" content=\"29. travnja 2026. \u2013 Oikonovi stru\u010dnjaci sudjelovali su na skupu ESA PECS and Associate Member States Industry Days 2026, odr\u017eanom od 22. do 24. travnja\" \/>\n<meta name=\"robots\" content=\"index, follow, max-snippet:-1, max-image-preview:large, max-video-preview:-1\" \/>\n<link rel=\"canonical\" href=\"https:\/\/oikon.hr\/hr\/oikon-na-esa-pecs-industry-days-2026-na-malti\/\" \/>\n<meta property=\"og:locale\" content=\"hr_HR\" \/>\n<meta property=\"og:type\" content=\"article\" \/>\n<meta property=\"og:title\" content=\"Oikon na ESA PECS Industry Days 2026 na Malti &#8211; Oikon d.o.o.\" \/>\n<meta property=\"og:description\" content=\"29. travnja 2026. \u2013 Oikonovi stru\u010dnjaci sudjelovali su na skupu ESA PECS and Associate Member States Industry Days 2026, odr\u017eanom od 22. do 24. travnja\" \/>\n<meta property=\"og:url\" content=\"https:\/\/oikon.hr\/hr\/oikon-na-esa-pecs-industry-days-2026-na-malti\/\" \/>\n<meta property=\"og:site_name\" content=\"Oikon d.o.o.\" \/>\n<meta property=\"article:publisher\" content=\"http:\/\/www.facebook.com\/OikonLtd\/\" \/>\n<meta property=\"article:published_time\" content=\"2026-04-29T09:33:51+00:00\" \/>\n<meta property=\"article:modified_time\" content=\"2026-04-29T09:36:32+00:00\" \/>\n<meta property=\"og:image\" content=\"https:\/\/oikon.hr\/cms\/wp-content\/uploads\/2026\/04\/ESA-PECS-2026_Tekic_Oikon_1.jpg\" \/>\n\t<meta property=\"og:image:width\" content=\"2000\" \/>\n\t<meta property=\"og:image:height\" content=\"1500\" \/>\n\t<meta property=\"og:image:type\" content=\"image\/jpeg\" \/>\n<meta name=\"author\" content=\"oikonadministracija\" \/>\n<meta name=\"twitter:card\" content=\"summary_large_image\" \/>\n<meta name=\"twitter:creator\" content=\"@OikonLtd\" \/>\n<meta name=\"twitter:site\" content=\"@OikonLtd\" \/>\n<meta name=\"twitter:label1\" content=\"Written by\" \/>\n\t<meta name=\"twitter:data1\" content=\"oikonadministracija\" \/>\n\t<meta name=\"twitter:label2\" content=\"Est. reading time\" \/>\n\t<meta name=\"twitter:data2\" content=\"2 minutes\" \/>\n<script type=\"application\/ld+json\" class=\"yoast-schema-graph\">{\"@context\":\"https:\/\/schema.org\",\"@graph\":[{\"@type\":\"Article\",\"@id\":\"https:\/\/oikon.hr\/hr\/oikon-na-esa-pecs-industry-days-2026-na-malti\/#article\",\"isPartOf\":{\"@id\":\"https:\/\/oikon.hr\/hr\/oikon-na-esa-pecs-industry-days-2026-na-malti\/\"},\"author\":{\"name\":\"oikonadministracija\",\"@id\":\"https:\/\/oikon.hr\/#\/schema\/person\/4fb14a46c1071083d5de459c14a82f7c\"},\"headline\":\"Oikon na ESA PECS Industry Days 2026 na Malti\",\"datePublished\":\"2026-04-29T09:33:51+00:00\",\"dateModified\":\"2026-04-29T09:36:32+00:00\",\"mainEntityOfPage\":{\"@id\":\"https:\/\/oikon.hr\/hr\/oikon-na-esa-pecs-industry-days-2026-na-malti\/\"},\"wordCount\":277,\"commentCount\":0,\"publisher\":{\"@id\":\"https:\/\/oikon.hr\/#organization\"},\"image\":{\"@id\":\"https:\/\/oikon.hr\/hr\/oikon-na-esa-pecs-industry-days-2026-na-malti\/#primaryimage\"},\"thumbnailUrl\":\"https:\/\/oikon.hr\/cms\/wp-content\/uploads\/2026\/04\/ESA-PECS-2026_Tekic_Oikon_1.jpg\",\"keywords\":[\"earth observation\",\"ESA\",\"oikon\",\"opa\u017eanje zemlje\"],\"articleSection\":[\"VIJESTI\"],\"inLanguage\":\"hr-HR\",\"potentialAction\":[{\"@type\":\"CommentAction\",\"name\":\"Comment\",\"target\":[\"https:\/\/oikon.hr\/hr\/oikon-na-esa-pecs-industry-days-2026-na-malti\/#respond\"]}]},{\"@type\":\"WebPage\",\"@id\":\"https:\/\/oikon.hr\/hr\/oikon-na-esa-pecs-industry-days-2026-na-malti\/\",\"url\":\"https:\/\/oikon.hr\/hr\/oikon-na-esa-pecs-industry-days-2026-na-malti\/\",\"name\":\"Oikon na ESA PECS Industry Days 2026 na Malti &#8211; Oikon d.o.o.\",\"isPartOf\":{\"@id\":\"https:\/\/oikon.hr\/#website\"},\"primaryImageOfPage\":{\"@id\":\"https:\/\/oikon.hr\/hr\/oikon-na-esa-pecs-industry-days-2026-na-malti\/#primaryimage\"},\"image\":{\"@id\":\"https:\/\/oikon.hr\/hr\/oikon-na-esa-pecs-industry-days-2026-na-malti\/#primaryimage\"},\"thumbnailUrl\":\"https:\/\/oikon.hr\/cms\/wp-content\/uploads\/2026\/04\/ESA-PECS-2026_Tekic_Oikon_1.jpg\",\"datePublished\":\"2026-04-29T09:33:51+00:00\",\"dateModified\":\"2026-04-29T09:36:32+00:00\",\"description\":\"29. travnja 2026. \u2013 Oikonovi stru\u010dnjaci sudjelovali su na skupu ESA PECS and Associate Member States Industry Days 2026, odr\u017eanom od 22. do 24. travnja\",\"breadcrumb\":{\"@id\":\"https:\/\/oikon.hr\/hr\/oikon-na-esa-pecs-industry-days-2026-na-malti\/#breadcrumb\"},\"inLanguage\":\"hr-HR\",\"potentialAction\":[{\"@type\":\"ReadAction\",\"target\":[\"https:\/\/oikon.hr\/hr\/oikon-na-esa-pecs-industry-days-2026-na-malti\/\"]}]},{\"@type\":\"ImageObject\",\"inLanguage\":\"hr-HR\",\"@id\":\"https:\/\/oikon.hr\/hr\/oikon-na-esa-pecs-industry-days-2026-na-malti\/#primaryimage\",\"url\":\"https:\/\/oikon.hr\/cms\/wp-content\/uploads\/2026\/04\/ESA-PECS-2026_Tekic_Oikon_1.jpg\",\"contentUrl\":\"https:\/\/oikon.hr\/cms\/wp-content\/uploads\/2026\/04\/ESA-PECS-2026_Tekic_Oikon_1.jpg\",\"width\":2000,\"height\":1500},{\"@type\":\"BreadcrumbList\",\"@id\":\"https:\/\/oikon.hr\/hr\/oikon-na-esa-pecs-industry-days-2026-na-malti\/#breadcrumb\",\"itemListElement\":[{\"@type\":\"ListItem\",\"position\":1,\"name\":\"\",\"item\":\"https:\/\/oikon.hr\/hr\/\"},{\"@type\":\"ListItem\",\"position\":2,\"name\":\"News\",\"item\":\"https:\/\/oikon.hr\/topic\/news\/\"},{\"@type\":\"ListItem\",\"position\":3,\"name\":\"Oikon na ESA PECS Industry Days 2026 na Malti\"}]},{\"@type\":\"WebSite\",\"@id\":\"https:\/\/oikon.hr\/#website\",\"url\":\"https:\/\/oikon.hr\/\",\"name\":\"Oikon d.o.o.\",\"description\":\"Institut za primijenjenu ekologiju\",\"publisher\":{\"@id\":\"https:\/\/oikon.hr\/#organization\"},\"alternateName\":\"OIKON\",\"potentialAction\":[{\"@type\":\"SearchAction\",\"target\":{\"@type\":\"EntryPoint\",\"urlTemplate\":\"https:\/\/oikon.hr\/?s={search_term_string}\"},\"query-input\":{\"@type\":\"PropertyValueSpecification\",\"valueRequired\":true,\"valueName\":\"search_term_string\"}}],\"inLanguage\":\"hr-HR\"},{\"@type\":\"Organization\",\"@id\":\"https:\/\/oikon.hr\/#organization\",\"name\":\"Oikon d.o.o. - Institut za primijenjenu ekologiju\",\"alternateName\":\"OIKON\",\"url\":\"https:\/\/oikon.hr\/\",\"logo\":{\"@type\":\"ImageObject\",\"inLanguage\":\"hr-HR\",\"@id\":\"https:\/\/oikon.hr\/#\/schema\/logo\/image\/\",\"url\":\"https:\/\/oikon.hr\/cms\/wp-content\/uploads\/2021\/01\/OIKON_R_logo_transparent.png\",\"contentUrl\":\"https:\/\/oikon.hr\/cms\/wp-content\/uploads\/2021\/01\/OIKON_R_logo_transparent.png\",\"width\":1660,\"height\":541,\"caption\":\"Oikon d.o.o. - Institut za primijenjenu ekologiju\"},\"image\":{\"@id\":\"https:\/\/oikon.hr\/#\/schema\/logo\/image\/\"},\"sameAs\":[\"http:\/\/www.facebook.com\/OikonLtd\/\",\"https:\/\/x.com\/OikonLtd\",\"https:\/\/www.instagram.com\/oikon_ltd\/\",\"https:\/\/www.linkedin.com\/company\/oikon---institute-for-applied-technology\/\",\"https:\/\/www.youtube.com\/channel\/UCu_eJ0ct90AEN8D85KWcRHQ\"]},{\"@type\":\"Person\",\"@id\":\"https:\/\/oikon.hr\/#\/schema\/person\/4fb14a46c1071083d5de459c14a82f7c\",\"name\":\"oikonadministracija\",\"image\":{\"@type\":\"ImageObject\",\"inLanguage\":\"hr-HR\",\"@id\":\"https:\/\/oikon.hr\/#\/schema\/person\/image\/\",\"url\":\"https:\/\/secure.gravatar.com\/avatar\/e247aba33e5428fc6a24bbca24b92af36ceafa9a824508df7d1d40391c5f0748?s=96&d=mm&r=g\",\"contentUrl\":\"https:\/\/secure.gravatar.com\/avatar\/e247aba33e5428fc6a24bbca24b92af36ceafa9a824508df7d1d40391c5f0748?s=96&d=mm&r=g\",\"caption\":\"oikonadministracija\"},\"url\":\"https:\/\/oikon.hr\/hr\/author\/oikonadministracija\/\"}]}<\/script>\n<!-- \/ Yoast SEO plugin. -->","yoast_head_json":{"title":"Oikon na ESA PECS Industry Days 2026 na Malti &#8211; Oikon d.o.o.","description":"29. travnja 2026. \u2013 Oikonovi stru\u010dnjaci sudjelovali su na skupu ESA PECS and Associate Member States Industry Days 2026, odr\u017eanom od 22. do 24. travnja","robots":{"index":"index","follow":"follow","max-snippet":"max-snippet:-1","max-image-preview":"max-image-preview:large","max-video-preview":"max-video-preview:-1"},"canonical":"https:\/\/oikon.hr\/hr\/oikon-na-esa-pecs-industry-days-2026-na-malti\/","og_locale":"hr_HR","og_type":"article","og_title":"Oikon na ESA PECS Industry Days 2026 na Malti &#8211; Oikon d.o.o.","og_description":"29. travnja 2026. \u2013 Oikonovi stru\u010dnjaci sudjelovali su na skupu ESA PECS and Associate Member States Industry Days 2026, odr\u017eanom od 22. do 24. travnja","og_url":"https:\/\/oikon.hr\/hr\/oikon-na-esa-pecs-industry-days-2026-na-malti\/","og_site_name":"Oikon d.o.o.","article_publisher":"http:\/\/www.facebook.com\/OikonLtd\/","article_published_time":"2026-04-29T09:33:51+00:00","article_modified_time":"2026-04-29T09:36:32+00:00","og_image":[{"width":2000,"height":1500,"url":"https:\/\/oikon.hr\/cms\/wp-content\/uploads\/2026\/04\/ESA-PECS-2026_Tekic_Oikon_1.jpg","type":"image\/jpeg"}],"author":"oikonadministracija","twitter_card":"summary_large_image","twitter_creator":"@OikonLtd","twitter_site":"@OikonLtd","twitter_misc":{"Written by":"oikonadministracija","Est. reading time":"2 minutes"},"schema":{"@context":"https:\/\/schema.org","@graph":[{"@type":"Article","@id":"https:\/\/oikon.hr\/hr\/oikon-na-esa-pecs-industry-days-2026-na-malti\/#article","isPartOf":{"@id":"https:\/\/oikon.hr\/hr\/oikon-na-esa-pecs-industry-days-2026-na-malti\/"},"author":{"name":"oikonadministracija","@id":"https:\/\/oikon.hr\/#\/schema\/person\/4fb14a46c1071083d5de459c14a82f7c"},"headline":"Oikon na ESA PECS Industry Days 2026 na Malti","datePublished":"2026-04-29T09:33:51+00:00","dateModified":"2026-04-29T09:36:32+00:00","mainEntityOfPage":{"@id":"https:\/\/oikon.hr\/hr\/oikon-na-esa-pecs-industry-days-2026-na-malti\/"},"wordCount":277,"commentCount":0,"publisher":{"@id":"https:\/\/oikon.hr\/#organization"},"image":{"@id":"https:\/\/oikon.hr\/hr\/oikon-na-esa-pecs-industry-days-2026-na-malti\/#primaryimage"},"thumbnailUrl":"https:\/\/oikon.hr\/cms\/wp-content\/uploads\/2026\/04\/ESA-PECS-2026_Tekic_Oikon_1.jpg","keywords":["earth observation","ESA","oikon","opa\u017eanje zemlje"],"articleSection":["VIJESTI"],"inLanguage":"hr-HR","potentialAction":[{"@type":"CommentAction","name":"Comment","target":["https:\/\/oikon.hr\/hr\/oikon-na-esa-pecs-industry-days-2026-na-malti\/#respond"]}]},{"@type":"WebPage","@id":"https:\/\/oikon.hr\/hr\/oikon-na-esa-pecs-industry-days-2026-na-malti\/","url":"https:\/\/oikon.hr\/hr\/oikon-na-esa-pecs-industry-days-2026-na-malti\/","name":"Oikon na ESA PECS Industry Days 2026 na Malti &#8211; Oikon d.o.o.","isPartOf":{"@id":"https:\/\/oikon.hr\/#website"},"primaryImageOfPage":{"@id":"https:\/\/oikon.hr\/hr\/oikon-na-esa-pecs-industry-days-2026-na-malti\/#primaryimage"},"image":{"@id":"https:\/\/oikon.hr\/hr\/oikon-na-esa-pecs-industry-days-2026-na-malti\/#primaryimage"},"thumbnailUrl":"https:\/\/oikon.hr\/cms\/wp-content\/uploads\/2026\/04\/ESA-PECS-2026_Tekic_Oikon_1.jpg","datePublished":"2026-04-29T09:33:51+00:00","dateModified":"2026-04-29T09:36:32+00:00","description":"29. travnja 2026. \u2013 Oikonovi stru\u010dnjaci sudjelovali su na skupu ESA PECS and Associate Member States Industry Days 2026, odr\u017eanom od 22. do 24. travnja","breadcrumb":{"@id":"https:\/\/oikon.hr\/hr\/oikon-na-esa-pecs-industry-days-2026-na-malti\/#breadcrumb"},"inLanguage":"hr-HR","potentialAction":[{"@type":"ReadAction","target":["https:\/\/oikon.hr\/hr\/oikon-na-esa-pecs-industry-days-2026-na-malti\/"]}]},{"@type":"ImageObject","inLanguage":"hr-HR","@id":"https:\/\/oikon.hr\/hr\/oikon-na-esa-pecs-industry-days-2026-na-malti\/#primaryimage","url":"https:\/\/oikon.hr\/cms\/wp-content\/uploads\/2026\/04\/ESA-PECS-2026_Tekic_Oikon_1.jpg","contentUrl":"https:\/\/oikon.hr\/cms\/wp-content\/uploads\/2026\/04\/ESA-PECS-2026_Tekic_Oikon_1.jpg","width":2000,"height":1500},{"@type":"BreadcrumbList","@id":"https:\/\/oikon.hr\/hr\/oikon-na-esa-pecs-industry-days-2026-na-malti\/#breadcrumb","itemListElement":[{"@type":"ListItem","position":1,"name":"","item":"https:\/\/oikon.hr\/hr\/"},{"@type":"ListItem","position":2,"name":"News","item":"https:\/\/oikon.hr\/topic\/news\/"},{"@type":"ListItem","position":3,"name":"Oikon na ESA PECS Industry Days 2026 na Malti"}]},{"@type":"WebSite","@id":"https:\/\/oikon.hr\/#website","url":"https:\/\/oikon.hr\/","name":"Oikon d.o.o.","description":"Institut za primijenjenu ekologiju","publisher":{"@id":"https:\/\/oikon.hr\/#organization"},"alternateName":"OIKON","potentialAction":[{"@type":"SearchAction","target":{"@type":"EntryPoint","urlTemplate":"https:\/\/oikon.hr\/?s={search_term_string}"},"query-input":{"@type":"PropertyValueSpecification","valueRequired":true,"valueName":"search_term_string"}}],"inLanguage":"hr-HR"},{"@type":"Organization","@id":"https:\/\/oikon.hr\/#organization","name":"Oikon d.o.o. - Institut za primijenjenu ekologiju","alternateName":"OIKON","url":"https:\/\/oikon.hr\/","logo":{"@type":"ImageObject","inLanguage":"hr-HR","@id":"https:\/\/oikon.hr\/#\/schema\/logo\/image\/","url":"https:\/\/oikon.hr\/cms\/wp-content\/uploads\/2021\/01\/OIKON_R_logo_transparent.png","contentUrl":"https:\/\/oikon.hr\/cms\/wp-content\/uploads\/2021\/01\/OIKON_R_logo_transparent.png","width":1660,"height":541,"caption":"Oikon d.o.o. - Institut za primijenjenu ekologiju"},"image":{"@id":"https:\/\/oikon.hr\/#\/schema\/logo\/image\/"},"sameAs":["http:\/\/www.facebook.com\/OikonLtd\/","https:\/\/x.com\/OikonLtd","https:\/\/www.instagram.com\/oikon_ltd\/","https:\/\/www.linkedin.com\/company\/oikon---institute-for-applied-technology\/","https:\/\/www.youtube.com\/channel\/UCu_eJ0ct90AEN8D85KWcRHQ"]},{"@type":"Person","@id":"https:\/\/oikon.hr\/#\/schema\/person\/4fb14a46c1071083d5de459c14a82f7c","name":"oikonadministracija","image":{"@type":"ImageObject","inLanguage":"hr-HR","@id":"https:\/\/oikon.hr\/#\/schema\/person\/image\/","url":"https:\/\/secure.gravatar.com\/avatar\/e247aba33e5428fc6a24bbca24b92af36ceafa9a824508df7d1d40391c5f0748?s=96&d=mm&r=g","contentUrl":"https:\/\/secure.gravatar.com\/avatar\/e247aba33e5428fc6a24bbca24b92af36ceafa9a824508df7d1d40391c5f0748?s=96&d=mm&r=g","caption":"oikonadministracija"},"url":"https:\/\/oikon.hr\/hr\/author\/oikonadministracija\/"}]}},"_links":{"self":[{"href":"https:\/\/oikon.hr\/hr\/wp-json\/wp\/v2\/posts\/13487","targetHints":{"allow":["GET"]}}],"collection":[{"href":"https:\/\/oikon.hr\/hr\/wp-json\/wp\/v2\/posts"}],"about":[{"href":"https:\/\/oikon.hr\/hr\/wp-json\/wp\/v2\/types\/post"}],"author":[{"embeddable":true,"href":"https:\/\/oikon.hr\/hr\/wp-json\/wp\/v2\/users\/2"}],"replies":[{"embeddable":true,"href":"https:\/\/oikon.hr\/hr\/wp-json\/wp\/v2\/comments?post=13487"}],"version-history":[{"count":2,"href":"https:\/\/oikon.hr\/hr\/wp-json\/wp\/v2\/posts\/13487\/revisions"}],"predecessor-version":[{"id":13490,"href":"https:\/\/oikon.hr\/hr\/wp-json\/wp\/v2\/posts\/13487\/revisions\/13490"}],"wp:featuredmedia":[{"embeddable":true,"href":"https:\/\/oikon.hr\/hr\/wp-json\/wp\/v2\/media\/13485"}],"wp:attachment":[{"href":"https:\/\/oikon.hr\/hr\/wp-json\/wp\/v2\/media?parent=13487"}],"wp:term":[{"taxonomy":"category","embeddable":true,"href":"https:\/\/oikon.hr\/hr\/wp-json\/wp\/v2\/categories?post=13487"},{"taxonomy":"post_tag","embeddable":true,"href":"https:\/\/oikon.hr\/hr\/wp-json\/wp\/v2\/tags?post=13487"}],"curies":[{"name":"wp","href":"https:\/\/api.w.org\/{rel}","templated":true}]}}