{"id":2166,"date":"2017-07-20T13:13:15","date_gmt":"2017-07-20T11:13:15","guid":{"rendered":"http:\/\/localhost\/oikon\/istrazni-radovi-elaborat-i-studija-utjecaja-na-okolis-za-crnu-tocku-sovjak\/"},"modified":"2018-06-13T15:40:32","modified_gmt":"2018-06-13T13:40:32","slug":"istrazni-radovi-elaborat-i-studija-utjecaja-na-okolis-za-crnu-tocku-sovjak","status":"publish","type":"post","link":"https:\/\/oikon.hr\/hr\/istrazni-radovi-elaborat-i-studija-utjecaja-na-okolis-za-crnu-tocku-sovjak\/","title":{"rendered":"Istra\u017eni radovi, elaborat i studija utjecaja na okoli\u0161 za crnu to\u010dku &#8220;Sovjak&#8221;"},"content":{"rendered":"<p style=\"text-align: justify;\"><strong>Naziv projekta:\u00a0<\/strong>Provedba istra\u017enih radova, izrada Izvje\u0161\u0107a i Elaborata o provedenim istra\u017enim radovima i izrada Studije utjecaja zahvata na okoli\u0161 sanacije lokacije visoko one\u010di\u0161\u0107ene opasnim otpadom (crna to\u010dka) &#8220;Sovjak&#8221;<\/p>\n<p style=\"text-align: justify;\"><strong>Klijent: <\/strong>Fond za za\u0161titu okoli\u0161a i energetsku u\u010dinkovitost<br \/>\n<strong>Trajanje:\u00a0<\/strong>03\/2014 \u2013 01\/2016<br \/>\n<strong>Financira:\u00a0<\/strong>dr\u017eavni prora\u010dun<br \/>\n<strong>Lokacija:\u00a0<\/strong>Rijeka, Hrvatska<\/p>\n<hr \/>\n<p style=\"text-align: justify;\">Provedeni istra\u017eni radovi uklju\u010dili su bu\u0161enja sadr\u017eaja jame Sovjak na 6 to\u010daka do sloja tvrdog katrana te uzorkovanje i kemijsko-fizikalne analize otpada. Izvje\u0161\u0107e o prethodno provedenim istra\u017enim radovima obuhvatilo je analizu prethodno provedenih istra\u017enih radova na lokaciji na temelju dostupne dokumentacije.<\/p>\n<p style=\"text-align: justify;\">U sklopu Elaborata o provedenim istra\u017enim radovima dano je izvje\u0161\u0107e o provedenim dodatnim istra\u017enim radovima i rezultati i osvrt na rezultate fizikalno-kemijskih analiza sadr\u017eaja jame i procjenu koli\u010dina otpada prisutnog u jami Sovjak.<\/p>\n<p style=\"text-align: justify;\">U sklopu postupka procjene utjecaja zahvata sanacije jame Sovjak na okoli\u0161 izra\u0111ena je Studija utjecaja na okoli\u0161 koja je dora\u0111ena u skladu s primjedbama Povjerenstva, odr\u017eano je javno izlaganje te je nakon javne rasprave studija dopunjena prema primjedbama javnosti i mi\u0161ljenju Povjerenstva.<\/p>\n<p style=\"text-align: justify;\">Studija utjecaja na okoli\u0161 zahvata sanacije lokacije visoko one\u010di\u0161\u0107ene opasnim otpadom (crna to\u010dka) &#8220;Sovjak&#8221; izra\u0111ena je u skladu s postoje\u0107im propisima i sadr\u017ei:<\/p>\n<ul>\n<li style=\"text-align: justify;\">opis lokacije i stanja okoli\u0161a<\/li>\n<li style=\"text-align: justify;\">opis tehni\u010dkog rje\u0161enja sanacije i varijantnih rje\u0161enja<\/li>\n<li style=\"text-align: justify;\">mogu\u0107e utjecaje zahvata sanacije na okoli\u0161 i stanovni\u0161tvo<\/li>\n<li style=\"text-align: justify;\">ocjenu utjecaja zahvata na okoli\u0161<\/li>\n<li style=\"text-align: justify;\">prijedlog mjera za\u0161tite okoli\u0161a i program pra\u0107enja stanja okoli\u0161a<\/li>\n<\/ul>\n<p>&nbsp;<\/p>\n<p><img loading=\"lazy\" decoding=\"async\" class=\"aligncenter size-large wp-image-165\" src=\"http:\/\/oikon.hr\/cms\/wp-content\/uploads\/2017\/07\/Sovjak-1-1024x683.jpg\" alt=\"\" width=\"1024\" height=\"683\" srcset=\"https:\/\/oikon.hr\/cms\/wp-content\/uploads\/2017\/07\/Sovjak-1-1024x683.jpg 1024w, https:\/\/oikon.hr\/cms\/wp-content\/uploads\/2017\/07\/Sovjak-1-300x200.jpg 300w, https:\/\/oikon.hr\/cms\/wp-content\/uploads\/2017\/07\/Sovjak-1-768x512.jpg 768w, https:\/\/oikon.hr\/cms\/wp-content\/uploads\/2017\/07\/Sovjak-1.jpg 2000w\" sizes=\"auto, (max-width: 1024px) 100vw, 1024px\" \/><\/p>\n","protected":false},"excerpt":{"rendered":"<p>Fond za za\u0161titu okoli\u0161a i energetsku u\u010dinkovitost<\/p>\n","protected":false},"author":1,"featured_media":89,"comment_status":"open","ping_status":"open","sticky":false,"template":"","format":"standard","meta":{"_acf_changed":false,"footnotes":""},"categories":[799,802],"tags":[515,835,517,130,433,434],"class_list":["post-2166","post","type-post","status-publish","format-standard","has-post-thumbnail","hentry","category-projekti","category-zastita-okolisa","tag-crna-tocka","tag-oikon-hr","tag-opasni-otpad","tag-sovjak","tag-studija-utjecaja-na-okolis","tag-suo"],"acf":[],"yoast_head":"<!-- This site is optimized with the Yoast SEO plugin v27.0 - https:\/\/yoast.com\/product\/yoast-seo-wordpress\/ -->\n<title>Istra\u017eni radovi, elaborat i studija utjecaja na okoli\u0161 za crnu to\u010dku &quot;Sovjak&quot; &#8211; Oikon d.o.o.<\/title>\n<meta name=\"description\" content=\"Fond za za\u0161titu okoli\u0161a i energetsku u\u010dinkovitost\" \/>\n<meta name=\"robots\" content=\"index, follow, max-snippet:-1, max-image-preview:large, max-video-preview:-1\" \/>\n<link rel=\"canonical\" href=\"https:\/\/oikon.hr\/hr\/istrazni-radovi-elaborat-i-studija-utjecaja-na-okolis-za-crnu-tocku-sovjak\/\" \/>\n<meta property=\"og:locale\" content=\"hr_HR\" \/>\n<meta property=\"og:type\" content=\"article\" \/>\n<meta property=\"og:title\" content=\"Istra\u017eni radovi, elaborat i studija utjecaja na okoli\u0161 za crnu to\u010dku &quot;Sovjak&quot; &#8211; Oikon d.o.o.\" \/>\n<meta property=\"og:description\" content=\"Fond za za\u0161titu okoli\u0161a i energetsku u\u010dinkovitost\" \/>\n<meta property=\"og:url\" content=\"https:\/\/oikon.hr\/hr\/istrazni-radovi-elaborat-i-studija-utjecaja-na-okolis-za-crnu-tocku-sovjak\/\" \/>\n<meta property=\"og:site_name\" content=\"Oikon d.o.o.\" \/>\n<meta property=\"article:publisher\" content=\"http:\/\/www.facebook.com\/OikonLtd\/\" \/>\n<meta property=\"article:published_time\" content=\"2017-07-20T11:13:15+00:00\" \/>\n<meta property=\"article:modified_time\" content=\"2018-06-13T13:40:32+00:00\" \/>\n<meta property=\"og:image\" content=\"https:\/\/oikon.hr\/cms\/wp-content\/uploads\/2017\/07\/Sovjak.jpg\" \/>\n\t<meta property=\"og:image:width\" content=\"2000\" \/>\n\t<meta property=\"og:image:height\" content=\"1333\" \/>\n\t<meta property=\"og:image:type\" content=\"image\/jpeg\" \/>\n<meta name=\"author\" content=\"zelimir83\" \/>\n<meta name=\"twitter:card\" content=\"summary_large_image\" \/>\n<meta name=\"twitter:creator\" content=\"@OikonLtd\" \/>\n<meta name=\"twitter:site\" content=\"@OikonLtd\" \/>\n<meta name=\"twitter:label1\" content=\"Written by\" \/>\n\t<meta name=\"twitter:data1\" content=\"zelimir83\" \/>\n\t<meta name=\"twitter:label2\" content=\"Est. reading time\" \/>\n\t<meta name=\"twitter:data2\" content=\"1 minute\" \/>\n<script type=\"application\/ld+json\" class=\"yoast-schema-graph\">{\"@context\":\"https:\/\/schema.org\",\"@graph\":[{\"@type\":\"Article\",\"@id\":\"https:\/\/oikon.hr\/hr\/istrazni-radovi-elaborat-i-studija-utjecaja-na-okolis-za-crnu-tocku-sovjak\/#article\",\"isPartOf\":{\"@id\":\"https:\/\/oikon.hr\/hr\/istrazni-radovi-elaborat-i-studija-utjecaja-na-okolis-za-crnu-tocku-sovjak\/\"},\"author\":{\"name\":\"zelimir83\",\"@id\":\"https:\/\/oikon.hr\/#\/schema\/person\/c7368bfba9f854a6a1580ef122a779b3\"},\"headline\":\"Istra\u017eni radovi, elaborat i studija utjecaja na okoli\u0161 za crnu to\u010dku &#8220;Sovjak&#8221;\",\"datePublished\":\"2017-07-20T11:13:15+00:00\",\"dateModified\":\"2018-06-13T13:40:32+00:00\",\"mainEntityOfPage\":{\"@id\":\"https:\/\/oikon.hr\/hr\/istrazni-radovi-elaborat-i-studija-utjecaja-na-okolis-za-crnu-tocku-sovjak\/\"},\"wordCount\":275,\"commentCount\":0,\"publisher\":{\"@id\":\"https:\/\/oikon.hr\/#organization\"},\"image\":{\"@id\":\"https:\/\/oikon.hr\/hr\/istrazni-radovi-elaborat-i-studija-utjecaja-na-okolis-za-crnu-tocku-sovjak\/#primaryimage\"},\"thumbnailUrl\":\"https:\/\/oikon.hr\/cms\/wp-content\/uploads\/2017\/07\/Sovjak.jpg\",\"keywords\":[\"crna to\u010dka\",\"oikon\",\"opasni otpad\",\"Sovjak\",\"studija utjecaja na okoli\u0161\",\"SUO\"],\"articleSection\":[\"PROJEKTI\",\"Za\u0161tita okoli\u0161a\"],\"inLanguage\":\"hr-HR\",\"potentialAction\":[{\"@type\":\"CommentAction\",\"name\":\"Comment\",\"target\":[\"https:\/\/oikon.hr\/hr\/istrazni-radovi-elaborat-i-studija-utjecaja-na-okolis-za-crnu-tocku-sovjak\/#respond\"]}]},{\"@type\":\"WebPage\",\"@id\":\"https:\/\/oikon.hr\/hr\/istrazni-radovi-elaborat-i-studija-utjecaja-na-okolis-za-crnu-tocku-sovjak\/\",\"url\":\"https:\/\/oikon.hr\/hr\/istrazni-radovi-elaborat-i-studija-utjecaja-na-okolis-za-crnu-tocku-sovjak\/\",\"name\":\"Istra\u017eni radovi, elaborat i studija utjecaja na okoli\u0161 za crnu to\u010dku \\\"Sovjak\\\" &#8211; Oikon d.o.o.\",\"isPartOf\":{\"@id\":\"https:\/\/oikon.hr\/#website\"},\"primaryImageOfPage\":{\"@id\":\"https:\/\/oikon.hr\/hr\/istrazni-radovi-elaborat-i-studija-utjecaja-na-okolis-za-crnu-tocku-sovjak\/#primaryimage\"},\"image\":{\"@id\":\"https:\/\/oikon.hr\/hr\/istrazni-radovi-elaborat-i-studija-utjecaja-na-okolis-za-crnu-tocku-sovjak\/#primaryimage\"},\"thumbnailUrl\":\"https:\/\/oikon.hr\/cms\/wp-content\/uploads\/2017\/07\/Sovjak.jpg\",\"datePublished\":\"2017-07-20T11:13:15+00:00\",\"dateModified\":\"2018-06-13T13:40:32+00:00\",\"description\":\"Fond za za\u0161titu okoli\u0161a i energetsku u\u010dinkovitost\",\"breadcrumb\":{\"@id\":\"https:\/\/oikon.hr\/hr\/istrazni-radovi-elaborat-i-studija-utjecaja-na-okolis-za-crnu-tocku-sovjak\/#breadcrumb\"},\"inLanguage\":\"hr-HR\",\"potentialAction\":[{\"@type\":\"ReadAction\",\"target\":[\"https:\/\/oikon.hr\/hr\/istrazni-radovi-elaborat-i-studija-utjecaja-na-okolis-za-crnu-tocku-sovjak\/\"]}]},{\"@type\":\"ImageObject\",\"inLanguage\":\"hr-HR\",\"@id\":\"https:\/\/oikon.hr\/hr\/istrazni-radovi-elaborat-i-studija-utjecaja-na-okolis-za-crnu-tocku-sovjak\/#primaryimage\",\"url\":\"https:\/\/oikon.hr\/cms\/wp-content\/uploads\/2017\/07\/Sovjak.jpg\",\"contentUrl\":\"https:\/\/oikon.hr\/cms\/wp-content\/uploads\/2017\/07\/Sovjak.jpg\",\"width\":2000,\"height\":1333},{\"@type\":\"BreadcrumbList\",\"@id\":\"https:\/\/oikon.hr\/hr\/istrazni-radovi-elaborat-i-studija-utjecaja-na-okolis-za-crnu-tocku-sovjak\/#breadcrumb\",\"itemListElement\":[{\"@type\":\"ListItem\",\"position\":1,\"name\":\"\",\"item\":\"https:\/\/oikon.hr\/hr\/\"},{\"@type\":\"ListItem\",\"position\":2,\"name\":\"PROJEKTI\",\"item\":\"https:\/\/oikon.hr\/hr\/topic\/projekti\/\"},{\"@type\":\"ListItem\",\"position\":3,\"name\":\"Za\u0161tita okoli\u0161a\",\"item\":\"https:\/\/oikon.hr\/hr\/topic\/projekti\/zastita-okolisa\/\"},{\"@type\":\"ListItem\",\"position\":4,\"name\":\"Istra\u017eni radovi, elaborat i studija utjecaja na okoli\u0161 za crnu to\u010dku &#8220;Sovjak&#8221;\"}]},{\"@type\":\"WebSite\",\"@id\":\"https:\/\/oikon.hr\/#website\",\"url\":\"https:\/\/oikon.hr\/\",\"name\":\"Oikon d.o.o.\",\"description\":\"Institut za primijenjenu ekologiju\",\"publisher\":{\"@id\":\"https:\/\/oikon.hr\/#organization\"},\"alternateName\":\"OIKON\",\"potentialAction\":[{\"@type\":\"SearchAction\",\"target\":{\"@type\":\"EntryPoint\",\"urlTemplate\":\"https:\/\/oikon.hr\/?s={search_term_string}\"},\"query-input\":{\"@type\":\"PropertyValueSpecification\",\"valueRequired\":true,\"valueName\":\"search_term_string\"}}],\"inLanguage\":\"hr-HR\"},{\"@type\":\"Organization\",\"@id\":\"https:\/\/oikon.hr\/#organization\",\"name\":\"Oikon d.o.o. - Institut za primijenjenu ekologiju\",\"alternateName\":\"OIKON\",\"url\":\"https:\/\/oikon.hr\/\",\"logo\":{\"@type\":\"ImageObject\",\"inLanguage\":\"hr-HR\",\"@id\":\"https:\/\/oikon.hr\/#\/schema\/logo\/image\/\",\"url\":\"https:\/\/oikon.hr\/cms\/wp-content\/uploads\/2021\/01\/OIKON_R_logo_transparent.png\",\"contentUrl\":\"https:\/\/oikon.hr\/cms\/wp-content\/uploads\/2021\/01\/OIKON_R_logo_transparent.png\",\"width\":1660,\"height\":541,\"caption\":\"Oikon d.o.o. - Institut za primijenjenu ekologiju\"},\"image\":{\"@id\":\"https:\/\/oikon.hr\/#\/schema\/logo\/image\/\"},\"sameAs\":[\"http:\/\/www.facebook.com\/OikonLtd\/\",\"https:\/\/x.com\/OikonLtd\",\"https:\/\/www.instagram.com\/oikon_ltd\/\",\"https:\/\/www.linkedin.com\/company\/oikon---institute-for-applied-technology\/\",\"https:\/\/www.youtube.com\/channel\/UCu_eJ0ct90AEN8D85KWcRHQ\"]},{\"@type\":\"Person\",\"@id\":\"https:\/\/oikon.hr\/#\/schema\/person\/c7368bfba9f854a6a1580ef122a779b3\",\"name\":\"zelimir83\",\"image\":{\"@type\":\"ImageObject\",\"inLanguage\":\"hr-HR\",\"@id\":\"https:\/\/oikon.hr\/#\/schema\/person\/image\/\",\"url\":\"https:\/\/secure.gravatar.com\/avatar\/a994b5378d901b95d2c725230da7cc19a45c0ded9b97686eab4c7e71548c0851?s=96&d=mm&r=g\",\"contentUrl\":\"https:\/\/secure.gravatar.com\/avatar\/a994b5378d901b95d2c725230da7cc19a45c0ded9b97686eab4c7e71548c0851?s=96&d=mm&r=g\",\"caption\":\"zelimir83\"},\"url\":\"https:\/\/oikon.hr\/hr\/author\/zelimir83\/\"}]}<\/script>\n<!-- \/ Yoast SEO plugin. -->","yoast_head_json":{"title":"Istra\u017eni radovi, elaborat i studija utjecaja na okoli\u0161 za crnu to\u010dku \"Sovjak\" &#8211; Oikon d.o.o.","description":"Fond za za\u0161titu okoli\u0161a i energetsku u\u010dinkovitost","robots":{"index":"index","follow":"follow","max-snippet":"max-snippet:-1","max-image-preview":"max-image-preview:large","max-video-preview":"max-video-preview:-1"},"canonical":"https:\/\/oikon.hr\/hr\/istrazni-radovi-elaborat-i-studija-utjecaja-na-okolis-za-crnu-tocku-sovjak\/","og_locale":"hr_HR","og_type":"article","og_title":"Istra\u017eni radovi, elaborat i studija utjecaja na okoli\u0161 za crnu to\u010dku \"Sovjak\" &#8211; Oikon d.o.o.","og_description":"Fond za za\u0161titu okoli\u0161a i energetsku u\u010dinkovitost","og_url":"https:\/\/oikon.hr\/hr\/istrazni-radovi-elaborat-i-studija-utjecaja-na-okolis-za-crnu-tocku-sovjak\/","og_site_name":"Oikon d.o.o.","article_publisher":"http:\/\/www.facebook.com\/OikonLtd\/","article_published_time":"2017-07-20T11:13:15+00:00","article_modified_time":"2018-06-13T13:40:32+00:00","og_image":[{"width":2000,"height":1333,"url":"https:\/\/oikon.hr\/cms\/wp-content\/uploads\/2017\/07\/Sovjak.jpg","type":"image\/jpeg"}],"author":"zelimir83","twitter_card":"summary_large_image","twitter_creator":"@OikonLtd","twitter_site":"@OikonLtd","twitter_misc":{"Written by":"zelimir83","Est. reading time":"1 minute"},"schema":{"@context":"https:\/\/schema.org","@graph":[{"@type":"Article","@id":"https:\/\/oikon.hr\/hr\/istrazni-radovi-elaborat-i-studija-utjecaja-na-okolis-za-crnu-tocku-sovjak\/#article","isPartOf":{"@id":"https:\/\/oikon.hr\/hr\/istrazni-radovi-elaborat-i-studija-utjecaja-na-okolis-za-crnu-tocku-sovjak\/"},"author":{"name":"zelimir83","@id":"https:\/\/oikon.hr\/#\/schema\/person\/c7368bfba9f854a6a1580ef122a779b3"},"headline":"Istra\u017eni radovi, elaborat i studija utjecaja na okoli\u0161 za crnu to\u010dku &#8220;Sovjak&#8221;","datePublished":"2017-07-20T11:13:15+00:00","dateModified":"2018-06-13T13:40:32+00:00","mainEntityOfPage":{"@id":"https:\/\/oikon.hr\/hr\/istrazni-radovi-elaborat-i-studija-utjecaja-na-okolis-za-crnu-tocku-sovjak\/"},"wordCount":275,"commentCount":0,"publisher":{"@id":"https:\/\/oikon.hr\/#organization"},"image":{"@id":"https:\/\/oikon.hr\/hr\/istrazni-radovi-elaborat-i-studija-utjecaja-na-okolis-za-crnu-tocku-sovjak\/#primaryimage"},"thumbnailUrl":"https:\/\/oikon.hr\/cms\/wp-content\/uploads\/2017\/07\/Sovjak.jpg","keywords":["crna to\u010dka","oikon","opasni otpad","Sovjak","studija utjecaja na okoli\u0161","SUO"],"articleSection":["PROJEKTI","Za\u0161tita okoli\u0161a"],"inLanguage":"hr-HR","potentialAction":[{"@type":"CommentAction","name":"Comment","target":["https:\/\/oikon.hr\/hr\/istrazni-radovi-elaborat-i-studija-utjecaja-na-okolis-za-crnu-tocku-sovjak\/#respond"]}]},{"@type":"WebPage","@id":"https:\/\/oikon.hr\/hr\/istrazni-radovi-elaborat-i-studija-utjecaja-na-okolis-za-crnu-tocku-sovjak\/","url":"https:\/\/oikon.hr\/hr\/istrazni-radovi-elaborat-i-studija-utjecaja-na-okolis-za-crnu-tocku-sovjak\/","name":"Istra\u017eni radovi, elaborat i studija utjecaja na okoli\u0161 za crnu to\u010dku \"Sovjak\" &#8211; Oikon d.o.o.","isPartOf":{"@id":"https:\/\/oikon.hr\/#website"},"primaryImageOfPage":{"@id":"https:\/\/oikon.hr\/hr\/istrazni-radovi-elaborat-i-studija-utjecaja-na-okolis-za-crnu-tocku-sovjak\/#primaryimage"},"image":{"@id":"https:\/\/oikon.hr\/hr\/istrazni-radovi-elaborat-i-studija-utjecaja-na-okolis-za-crnu-tocku-sovjak\/#primaryimage"},"thumbnailUrl":"https:\/\/oikon.hr\/cms\/wp-content\/uploads\/2017\/07\/Sovjak.jpg","datePublished":"2017-07-20T11:13:15+00:00","dateModified":"2018-06-13T13:40:32+00:00","description":"Fond za za\u0161titu okoli\u0161a i energetsku u\u010dinkovitost","breadcrumb":{"@id":"https:\/\/oikon.hr\/hr\/istrazni-radovi-elaborat-i-studija-utjecaja-na-okolis-za-crnu-tocku-sovjak\/#breadcrumb"},"inLanguage":"hr-HR","potentialAction":[{"@type":"ReadAction","target":["https:\/\/oikon.hr\/hr\/istrazni-radovi-elaborat-i-studija-utjecaja-na-okolis-za-crnu-tocku-sovjak\/"]}]},{"@type":"ImageObject","inLanguage":"hr-HR","@id":"https:\/\/oikon.hr\/hr\/istrazni-radovi-elaborat-i-studija-utjecaja-na-okolis-za-crnu-tocku-sovjak\/#primaryimage","url":"https:\/\/oikon.hr\/cms\/wp-content\/uploads\/2017\/07\/Sovjak.jpg","contentUrl":"https:\/\/oikon.hr\/cms\/wp-content\/uploads\/2017\/07\/Sovjak.jpg","width":2000,"height":1333},{"@type":"BreadcrumbList","@id":"https:\/\/oikon.hr\/hr\/istrazni-radovi-elaborat-i-studija-utjecaja-na-okolis-za-crnu-tocku-sovjak\/#breadcrumb","itemListElement":[{"@type":"ListItem","position":1,"name":"","item":"https:\/\/oikon.hr\/hr\/"},{"@type":"ListItem","position":2,"name":"PROJEKTI","item":"https:\/\/oikon.hr\/hr\/topic\/projekti\/"},{"@type":"ListItem","position":3,"name":"Za\u0161tita okoli\u0161a","item":"https:\/\/oikon.hr\/hr\/topic\/projekti\/zastita-okolisa\/"},{"@type":"ListItem","position":4,"name":"Istra\u017eni radovi, elaborat i studija utjecaja na okoli\u0161 za crnu to\u010dku &#8220;Sovjak&#8221;"}]},{"@type":"WebSite","@id":"https:\/\/oikon.hr\/#website","url":"https:\/\/oikon.hr\/","name":"Oikon d.o.o.","description":"Institut za primijenjenu ekologiju","publisher":{"@id":"https:\/\/oikon.hr\/#organization"},"alternateName":"OIKON","potentialAction":[{"@type":"SearchAction","target":{"@type":"EntryPoint","urlTemplate":"https:\/\/oikon.hr\/?s={search_term_string}"},"query-input":{"@type":"PropertyValueSpecification","valueRequired":true,"valueName":"search_term_string"}}],"inLanguage":"hr-HR"},{"@type":"Organization","@id":"https:\/\/oikon.hr\/#organization","name":"Oikon d.o.o. - Institut za primijenjenu ekologiju","alternateName":"OIKON","url":"https:\/\/oikon.hr\/","logo":{"@type":"ImageObject","inLanguage":"hr-HR","@id":"https:\/\/oikon.hr\/#\/schema\/logo\/image\/","url":"https:\/\/oikon.hr\/cms\/wp-content\/uploads\/2021\/01\/OIKON_R_logo_transparent.png","contentUrl":"https:\/\/oikon.hr\/cms\/wp-content\/uploads\/2021\/01\/OIKON_R_logo_transparent.png","width":1660,"height":541,"caption":"Oikon d.o.o. - Institut za primijenjenu ekologiju"},"image":{"@id":"https:\/\/oikon.hr\/#\/schema\/logo\/image\/"},"sameAs":["http:\/\/www.facebook.com\/OikonLtd\/","https:\/\/x.com\/OikonLtd","https:\/\/www.instagram.com\/oikon_ltd\/","https:\/\/www.linkedin.com\/company\/oikon---institute-for-applied-technology\/","https:\/\/www.youtube.com\/channel\/UCu_eJ0ct90AEN8D85KWcRHQ"]},{"@type":"Person","@id":"https:\/\/oikon.hr\/#\/schema\/person\/c7368bfba9f854a6a1580ef122a779b3","name":"zelimir83","image":{"@type":"ImageObject","inLanguage":"hr-HR","@id":"https:\/\/oikon.hr\/#\/schema\/person\/image\/","url":"https:\/\/secure.gravatar.com\/avatar\/a994b5378d901b95d2c725230da7cc19a45c0ded9b97686eab4c7e71548c0851?s=96&d=mm&r=g","contentUrl":"https:\/\/secure.gravatar.com\/avatar\/a994b5378d901b95d2c725230da7cc19a45c0ded9b97686eab4c7e71548c0851?s=96&d=mm&r=g","caption":"zelimir83"},"url":"https:\/\/oikon.hr\/hr\/author\/zelimir83\/"}]}},"_links":{"self":[{"href":"https:\/\/oikon.hr\/hr\/wp-json\/wp\/v2\/posts\/2166","targetHints":{"allow":["GET"]}}],"collection":[{"href":"https:\/\/oikon.hr\/hr\/wp-json\/wp\/v2\/posts"}],"about":[{"href":"https:\/\/oikon.hr\/hr\/wp-json\/wp\/v2\/types\/post"}],"author":[{"embeddable":true,"href":"https:\/\/oikon.hr\/hr\/wp-json\/wp\/v2\/users\/1"}],"replies":[{"embeddable":true,"href":"https:\/\/oikon.hr\/hr\/wp-json\/wp\/v2\/comments?post=2166"}],"version-history":[{"count":0,"href":"https:\/\/oikon.hr\/hr\/wp-json\/wp\/v2\/posts\/2166\/revisions"}],"wp:featuredmedia":[{"embeddable":true,"href":"https:\/\/oikon.hr\/hr\/wp-json\/wp\/v2\/media\/89"}],"wp:attachment":[{"href":"https:\/\/oikon.hr\/hr\/wp-json\/wp\/v2\/media?parent=2166"}],"wp:term":[{"taxonomy":"category","embeddable":true,"href":"https:\/\/oikon.hr\/hr\/wp-json\/wp\/v2\/categories?post=2166"},{"taxonomy":"post_tag","embeddable":true,"href":"https:\/\/oikon.hr\/hr\/wp-json\/wp\/v2\/tags?post=2166"}],"curies":[{"name":"wp","href":"https:\/\/api.w.org\/{rel}","templated":true}]}}