{"id":2208,"date":"2017-09-07T12:09:03","date_gmt":"2017-09-07T10:09:03","guid":{"rendered":"http:\/\/localhost\/oikon\/7-napredni-tecaj-daljinskog-istrazivanja-europske-svemirske-agencije\/"},"modified":"2018-06-13T16:57:33","modified_gmt":"2018-06-13T14:57:33","slug":"7-napredni-tecaj-daljinskog-istrazivanja-europske-svemirske-agencije","status":"publish","type":"post","link":"https:\/\/oikon.hr\/hr\/7-napredni-tecaj-daljinskog-istrazivanja-europske-svemirske-agencije\/","title":{"rendered":"7. napredni te\u010daj daljinskog istra\u017eivanja Europske svemirske agencije"},"content":{"rendered":"<p>7. rujna 2017. &#8211;\u00a0Ponosni smo na na\u0161u Ivonu \u017di\u017eu koja je dobila priliku da sudjeluje na <strong>7. naprednom te\u010daju daljinskog istra\u017eivanja Europske svemirske agencije (ESA-e)<\/strong> koji se upravo odr\u017eava na Sveu\u010dili\u0161tu Szent Istv\u00e1n (SZIU), u mjestu G\u00f6d\u00f6ll\u0151, u Ma\u0111arskoj. Ivona je tako\u0111er predstavila svoj rad\/poster pod nazivom \u201dCLC 2012, provjera i unapre\u0111enje HRL proizvoda za Hrvatsku\u201d.<\/p>\n<p>Rije\u010d je o 6-dnevnom te\u010daju koji se odr\u017eava od 04. do 09. rujna 2017. godine, a organizira ga <strong>Europska svemirska agencija (ESA)<\/strong>, kao dio programskog elementa Znanstvenog iskori\u0161tavanja operativnih misija (SEOM) kako bi novu generaciju znanstvenika koji se bave promatranjem Zemlje obu\u010dila kako iskoristiti podatke ESA-e i operativnih EO misija (npr. Sentinela) za razvoj znanosti i aplikacija.<\/p>\n<div id='gallery-1' class='gallery galleryid-2208 gallery-columns-2 gallery-size-full'><figure class='gallery-item'>\n\t\t\t<div class='gallery-icon portrait'>\n\t\t\t\t<a href='https:\/\/oikon.hr\/cms\/wp-content\/uploads\/2017\/09\/Ivona_Ziza_poster_Madjarska.jpg' title=\"\" data-rl_title=\"\" class=\"rl-gallery-link\" data-rl_caption=\"\" data-rel=\"lightbox-gallery-1\"><img loading=\"lazy\" decoding=\"async\" width=\"960\" height=\"1280\" src=\"https:\/\/oikon.hr\/cms\/wp-content\/uploads\/2017\/09\/Ivona_Ziza_poster_Madjarska.jpg\" class=\"attachment-full size-full\" alt=\"\" srcset=\"https:\/\/oikon.hr\/cms\/wp-content\/uploads\/2017\/09\/Ivona_Ziza_poster_Madjarska.jpg 960w, https:\/\/oikon.hr\/cms\/wp-content\/uploads\/2017\/09\/Ivona_Ziza_poster_Madjarska-225x300.jpg 225w, https:\/\/oikon.hr\/cms\/wp-content\/uploads\/2017\/09\/Ivona_Ziza_poster_Madjarska-768x1024.jpg 768w\" sizes=\"auto, (max-width: 960px) 100vw, 960px\" \/><\/a>\n\t\t\t<\/div><\/figure><figure class='gallery-item'>\n\t\t\t<div class='gallery-icon landscape'>\n\t\t\t\t<a href='https:\/\/oikon.hr\/cms\/wp-content\/uploads\/2017\/09\/LTC_2017_web-170221-V1.jpg' title=\"\" data-rl_title=\"\" class=\"rl-gallery-link\" data-rl_caption=\"\" data-rel=\"lightbox-gallery-1\"><img loading=\"lazy\" decoding=\"async\" width=\"580\" height=\"274\" src=\"https:\/\/oikon.hr\/cms\/wp-content\/uploads\/2017\/09\/LTC_2017_web-170221-V1.jpg\" class=\"attachment-full size-full\" alt=\"\" srcset=\"https:\/\/oikon.hr\/cms\/wp-content\/uploads\/2017\/09\/LTC_2017_web-170221-V1.jpg 580w, https:\/\/oikon.hr\/cms\/wp-content\/uploads\/2017\/09\/LTC_2017_web-170221-V1-300x142.jpg 300w\" sizes=\"auto, (max-width: 580px) 100vw, 580px\" \/><\/a>\n\t\t\t<\/div><\/figure>\n\t\t<\/div>\n\n","protected":false},"excerpt":{"rendered":"<p>7. rujna 2017. &#8211;\u00a0Ponosni smo na na\u0161u Ivonu \u017di\u017eu koja je dobila priliku da sudjeluje na 7. naprednom te\u010daju daljinskog istra\u017eivanja Europske svemirske agencije (ESA-e) koji se upravo odr\u017eava na Sveu\u010dili\u0161tu Szent Istv\u00e1n (SZIU), u mjestu G\u00f6d\u00f6ll\u0151, u Ma\u0111arskoj. Ivona je tako\u0111er predstavila svoj rad\/poster pod nazivom \u201dCLC 2012, provjera i unapre\u0111enje HRL proizvoda za &hellip; <a href=\"https:\/\/oikon.hr\/hr\/7-napredni-tecaj-daljinskog-istrazivanja-europske-svemirske-agencije\/\">Saznajte vi\u0161e<\/a><\/p>\n","protected":false},"author":2,"featured_media":801,"comment_status":"open","ping_status":"open","sticky":false,"template":"","format":"standard","meta":{"_acf_changed":false,"footnotes":""},"categories":[798],"tags":[910,388,911,389,835,912],"class_list":["post-2208","post","type-post","status-publish","format-standard","has-post-thumbnail","hentry","category-vijesti","tag-budimpesta","tag-esa","tag-europska-svemirska-agencija","tag-ivona-ziza","tag-oikon-hr","tag-tecaj"],"acf":[],"yoast_head":"<!-- This site is optimized with the Yoast SEO plugin v27.0 - https:\/\/yoast.com\/product\/yoast-seo-wordpress\/ -->\n<title>7. napredni te\u010daj daljinskog istra\u017eivanja Europske svemirske agencije &#8211; Oikon d.o.o.<\/title>\n<meta name=\"description\" content=\"7. rujna 2017. -\u00a0Ponosni smo na na\u0161u Ivonu \u017di\u017eu koja je dobila priliku da sudjeluje na 7. naprednom te\u010daju daljinskog istra\u017eivanja Europske svemirske\" \/>\n<meta name=\"robots\" content=\"index, follow, max-snippet:-1, max-image-preview:large, max-video-preview:-1\" \/>\n<link rel=\"canonical\" href=\"https:\/\/oikon.hr\/hr\/7-napredni-tecaj-daljinskog-istrazivanja-europske-svemirske-agencije\/\" \/>\n<meta property=\"og:locale\" content=\"hr_HR\" \/>\n<meta property=\"og:type\" content=\"article\" \/>\n<meta property=\"og:title\" content=\"7. napredni te\u010daj daljinskog istra\u017eivanja Europske svemirske agencije &#8211; Oikon d.o.o.\" \/>\n<meta property=\"og:description\" content=\"7. rujna 2017. -\u00a0Ponosni smo na na\u0161u Ivonu \u017di\u017eu koja je dobila priliku da sudjeluje na 7. naprednom te\u010daju daljinskog istra\u017eivanja Europske svemirske\" \/>\n<meta property=\"og:url\" content=\"https:\/\/oikon.hr\/hr\/7-napredni-tecaj-daljinskog-istrazivanja-europske-svemirske-agencije\/\" \/>\n<meta property=\"og:site_name\" content=\"Oikon d.o.o.\" \/>\n<meta property=\"article:publisher\" content=\"http:\/\/www.facebook.com\/OikonLtd\/\" \/>\n<meta property=\"article:published_time\" content=\"2017-09-07T10:09:03+00:00\" \/>\n<meta property=\"article:modified_time\" content=\"2018-06-13T14:57:33+00:00\" \/>\n<meta property=\"og:image\" content=\"https:\/\/oikon.hr\/cms\/wp-content\/uploads\/2017\/09\/LTC_2017_web-170221-V1.jpg\" \/>\n\t<meta property=\"og:image:width\" content=\"580\" \/>\n\t<meta property=\"og:image:height\" content=\"274\" \/>\n\t<meta property=\"og:image:type\" content=\"image\/jpeg\" \/>\n<meta name=\"author\" content=\"oikonadministracija\" \/>\n<meta name=\"twitter:card\" content=\"summary_large_image\" \/>\n<meta name=\"twitter:creator\" content=\"@OikonLtd\" \/>\n<meta name=\"twitter:site\" content=\"@OikonLtd\" \/>\n<meta name=\"twitter:label1\" content=\"Written by\" \/>\n\t<meta name=\"twitter:data1\" content=\"oikonadministracija\" \/>\n\t<meta name=\"twitter:label2\" content=\"Est. reading time\" \/>\n\t<meta name=\"twitter:data2\" content=\"1 minute\" \/>\n<script type=\"application\/ld+json\" class=\"yoast-schema-graph\">{\"@context\":\"https:\/\/schema.org\",\"@graph\":[{\"@type\":\"Article\",\"@id\":\"https:\/\/oikon.hr\/hr\/7-napredni-tecaj-daljinskog-istrazivanja-europske-svemirske-agencije\/#article\",\"isPartOf\":{\"@id\":\"https:\/\/oikon.hr\/hr\/7-napredni-tecaj-daljinskog-istrazivanja-europske-svemirske-agencije\/\"},\"author\":{\"name\":\"oikonadministracija\",\"@id\":\"https:\/\/oikon.hr\/#\/schema\/person\/4fb14a46c1071083d5de459c14a82f7c\"},\"headline\":\"7. napredni te\u010daj daljinskog istra\u017eivanja Europske svemirske agencije\",\"datePublished\":\"2017-09-07T10:09:03+00:00\",\"dateModified\":\"2018-06-13T14:57:33+00:00\",\"mainEntityOfPage\":{\"@id\":\"https:\/\/oikon.hr\/hr\/7-napredni-tecaj-daljinskog-istrazivanja-europske-svemirske-agencije\/\"},\"wordCount\":139,\"commentCount\":0,\"publisher\":{\"@id\":\"https:\/\/oikon.hr\/#organization\"},\"image\":{\"@id\":\"https:\/\/oikon.hr\/hr\/7-napredni-tecaj-daljinskog-istrazivanja-europske-svemirske-agencije\/#primaryimage\"},\"thumbnailUrl\":\"https:\/\/oikon.hr\/cms\/wp-content\/uploads\/2017\/09\/LTC_2017_web-170221-V1.jpg\",\"keywords\":[\"Budimpe\u0161ta\",\"ESA\",\"Europska svemirska agencija\",\"Ivona \u017di\u017ea\",\"oikon\",\"te\u010daj\"],\"articleSection\":[\"VIJESTI\"],\"inLanguage\":\"hr-HR\",\"potentialAction\":[{\"@type\":\"CommentAction\",\"name\":\"Comment\",\"target\":[\"https:\/\/oikon.hr\/hr\/7-napredni-tecaj-daljinskog-istrazivanja-europske-svemirske-agencije\/#respond\"]}]},{\"@type\":\"WebPage\",\"@id\":\"https:\/\/oikon.hr\/hr\/7-napredni-tecaj-daljinskog-istrazivanja-europske-svemirske-agencije\/\",\"url\":\"https:\/\/oikon.hr\/hr\/7-napredni-tecaj-daljinskog-istrazivanja-europske-svemirske-agencije\/\",\"name\":\"7. napredni te\u010daj daljinskog istra\u017eivanja Europske svemirske agencije &#8211; Oikon d.o.o.\",\"isPartOf\":{\"@id\":\"https:\/\/oikon.hr\/#website\"},\"primaryImageOfPage\":{\"@id\":\"https:\/\/oikon.hr\/hr\/7-napredni-tecaj-daljinskog-istrazivanja-europske-svemirske-agencije\/#primaryimage\"},\"image\":{\"@id\":\"https:\/\/oikon.hr\/hr\/7-napredni-tecaj-daljinskog-istrazivanja-europske-svemirske-agencije\/#primaryimage\"},\"thumbnailUrl\":\"https:\/\/oikon.hr\/cms\/wp-content\/uploads\/2017\/09\/LTC_2017_web-170221-V1.jpg\",\"datePublished\":\"2017-09-07T10:09:03+00:00\",\"dateModified\":\"2018-06-13T14:57:33+00:00\",\"description\":\"7. rujna 2017. -\u00a0Ponosni smo na na\u0161u Ivonu \u017di\u017eu koja je dobila priliku da sudjeluje na 7. naprednom te\u010daju daljinskog istra\u017eivanja Europske svemirske\",\"breadcrumb\":{\"@id\":\"https:\/\/oikon.hr\/hr\/7-napredni-tecaj-daljinskog-istrazivanja-europske-svemirske-agencije\/#breadcrumb\"},\"inLanguage\":\"hr-HR\",\"potentialAction\":[{\"@type\":\"ReadAction\",\"target\":[\"https:\/\/oikon.hr\/hr\/7-napredni-tecaj-daljinskog-istrazivanja-europske-svemirske-agencije\/\"]}]},{\"@type\":\"ImageObject\",\"inLanguage\":\"hr-HR\",\"@id\":\"https:\/\/oikon.hr\/hr\/7-napredni-tecaj-daljinskog-istrazivanja-europske-svemirske-agencije\/#primaryimage\",\"url\":\"https:\/\/oikon.hr\/cms\/wp-content\/uploads\/2017\/09\/LTC_2017_web-170221-V1.jpg\",\"contentUrl\":\"https:\/\/oikon.hr\/cms\/wp-content\/uploads\/2017\/09\/LTC_2017_web-170221-V1.jpg\",\"width\":580,\"height\":274},{\"@type\":\"BreadcrumbList\",\"@id\":\"https:\/\/oikon.hr\/hr\/7-napredni-tecaj-daljinskog-istrazivanja-europske-svemirske-agencije\/#breadcrumb\",\"itemListElement\":[{\"@type\":\"ListItem\",\"position\":1,\"name\":\"\",\"item\":\"https:\/\/oikon.hr\/hr\/\"},{\"@type\":\"ListItem\",\"position\":2,\"name\":\"VIJESTI\",\"item\":\"https:\/\/oikon.hr\/hr\/topic\/vijesti\/\"},{\"@type\":\"ListItem\",\"position\":3,\"name\":\"7. napredni te\u010daj daljinskog istra\u017eivanja Europske svemirske agencije\"}]},{\"@type\":\"WebSite\",\"@id\":\"https:\/\/oikon.hr\/#website\",\"url\":\"https:\/\/oikon.hr\/\",\"name\":\"Oikon d.o.o.\",\"description\":\"Institut za primijenjenu ekologiju\",\"publisher\":{\"@id\":\"https:\/\/oikon.hr\/#organization\"},\"alternateName\":\"OIKON\",\"potentialAction\":[{\"@type\":\"SearchAction\",\"target\":{\"@type\":\"EntryPoint\",\"urlTemplate\":\"https:\/\/oikon.hr\/?s={search_term_string}\"},\"query-input\":{\"@type\":\"PropertyValueSpecification\",\"valueRequired\":true,\"valueName\":\"search_term_string\"}}],\"inLanguage\":\"hr-HR\"},{\"@type\":\"Organization\",\"@id\":\"https:\/\/oikon.hr\/#organization\",\"name\":\"Oikon d.o.o. - Institut za primijenjenu ekologiju\",\"alternateName\":\"OIKON\",\"url\":\"https:\/\/oikon.hr\/\",\"logo\":{\"@type\":\"ImageObject\",\"inLanguage\":\"hr-HR\",\"@id\":\"https:\/\/oikon.hr\/#\/schema\/logo\/image\/\",\"url\":\"https:\/\/oikon.hr\/cms\/wp-content\/uploads\/2021\/01\/OIKON_R_logo_transparent.png\",\"contentUrl\":\"https:\/\/oikon.hr\/cms\/wp-content\/uploads\/2021\/01\/OIKON_R_logo_transparent.png\",\"width\":1660,\"height\":541,\"caption\":\"Oikon d.o.o. - Institut za primijenjenu ekologiju\"},\"image\":{\"@id\":\"https:\/\/oikon.hr\/#\/schema\/logo\/image\/\"},\"sameAs\":[\"http:\/\/www.facebook.com\/OikonLtd\/\",\"https:\/\/x.com\/OikonLtd\",\"https:\/\/www.instagram.com\/oikon_ltd\/\",\"https:\/\/www.linkedin.com\/company\/oikon---institute-for-applied-technology\/\",\"https:\/\/www.youtube.com\/channel\/UCu_eJ0ct90AEN8D85KWcRHQ\"]},{\"@type\":\"Person\",\"@id\":\"https:\/\/oikon.hr\/#\/schema\/person\/4fb14a46c1071083d5de459c14a82f7c\",\"name\":\"oikonadministracija\",\"image\":{\"@type\":\"ImageObject\",\"inLanguage\":\"hr-HR\",\"@id\":\"https:\/\/oikon.hr\/#\/schema\/person\/image\/\",\"url\":\"https:\/\/secure.gravatar.com\/avatar\/e247aba33e5428fc6a24bbca24b92af36ceafa9a824508df7d1d40391c5f0748?s=96&d=mm&r=g\",\"contentUrl\":\"https:\/\/secure.gravatar.com\/avatar\/e247aba33e5428fc6a24bbca24b92af36ceafa9a824508df7d1d40391c5f0748?s=96&d=mm&r=g\",\"caption\":\"oikonadministracija\"},\"url\":\"https:\/\/oikon.hr\/hr\/author\/oikonadministracija\/\"}]}<\/script>\n<!-- \/ Yoast SEO plugin. -->","yoast_head_json":{"title":"7. napredni te\u010daj daljinskog istra\u017eivanja Europske svemirske agencije &#8211; Oikon d.o.o.","description":"7. rujna 2017. -\u00a0Ponosni smo na na\u0161u Ivonu \u017di\u017eu koja je dobila priliku da sudjeluje na 7. naprednom te\u010daju daljinskog istra\u017eivanja Europske svemirske","robots":{"index":"index","follow":"follow","max-snippet":"max-snippet:-1","max-image-preview":"max-image-preview:large","max-video-preview":"max-video-preview:-1"},"canonical":"https:\/\/oikon.hr\/hr\/7-napredni-tecaj-daljinskog-istrazivanja-europske-svemirske-agencije\/","og_locale":"hr_HR","og_type":"article","og_title":"7. napredni te\u010daj daljinskog istra\u017eivanja Europske svemirske agencije &#8211; Oikon d.o.o.","og_description":"7. rujna 2017. -\u00a0Ponosni smo na na\u0161u Ivonu \u017di\u017eu koja je dobila priliku da sudjeluje na 7. naprednom te\u010daju daljinskog istra\u017eivanja Europske svemirske","og_url":"https:\/\/oikon.hr\/hr\/7-napredni-tecaj-daljinskog-istrazivanja-europske-svemirske-agencije\/","og_site_name":"Oikon d.o.o.","article_publisher":"http:\/\/www.facebook.com\/OikonLtd\/","article_published_time":"2017-09-07T10:09:03+00:00","article_modified_time":"2018-06-13T14:57:33+00:00","og_image":[{"width":580,"height":274,"url":"https:\/\/oikon.hr\/cms\/wp-content\/uploads\/2017\/09\/LTC_2017_web-170221-V1.jpg","type":"image\/jpeg"}],"author":"oikonadministracija","twitter_card":"summary_large_image","twitter_creator":"@OikonLtd","twitter_site":"@OikonLtd","twitter_misc":{"Written by":"oikonadministracija","Est. reading time":"1 minute"},"schema":{"@context":"https:\/\/schema.org","@graph":[{"@type":"Article","@id":"https:\/\/oikon.hr\/hr\/7-napredni-tecaj-daljinskog-istrazivanja-europske-svemirske-agencije\/#article","isPartOf":{"@id":"https:\/\/oikon.hr\/hr\/7-napredni-tecaj-daljinskog-istrazivanja-europske-svemirske-agencije\/"},"author":{"name":"oikonadministracija","@id":"https:\/\/oikon.hr\/#\/schema\/person\/4fb14a46c1071083d5de459c14a82f7c"},"headline":"7. napredni te\u010daj daljinskog istra\u017eivanja Europske svemirske agencije","datePublished":"2017-09-07T10:09:03+00:00","dateModified":"2018-06-13T14:57:33+00:00","mainEntityOfPage":{"@id":"https:\/\/oikon.hr\/hr\/7-napredni-tecaj-daljinskog-istrazivanja-europske-svemirske-agencije\/"},"wordCount":139,"commentCount":0,"publisher":{"@id":"https:\/\/oikon.hr\/#organization"},"image":{"@id":"https:\/\/oikon.hr\/hr\/7-napredni-tecaj-daljinskog-istrazivanja-europske-svemirske-agencije\/#primaryimage"},"thumbnailUrl":"https:\/\/oikon.hr\/cms\/wp-content\/uploads\/2017\/09\/LTC_2017_web-170221-V1.jpg","keywords":["Budimpe\u0161ta","ESA","Europska svemirska agencija","Ivona \u017di\u017ea","oikon","te\u010daj"],"articleSection":["VIJESTI"],"inLanguage":"hr-HR","potentialAction":[{"@type":"CommentAction","name":"Comment","target":["https:\/\/oikon.hr\/hr\/7-napredni-tecaj-daljinskog-istrazivanja-europske-svemirske-agencije\/#respond"]}]},{"@type":"WebPage","@id":"https:\/\/oikon.hr\/hr\/7-napredni-tecaj-daljinskog-istrazivanja-europske-svemirske-agencije\/","url":"https:\/\/oikon.hr\/hr\/7-napredni-tecaj-daljinskog-istrazivanja-europske-svemirske-agencije\/","name":"7. napredni te\u010daj daljinskog istra\u017eivanja Europske svemirske agencije &#8211; Oikon d.o.o.","isPartOf":{"@id":"https:\/\/oikon.hr\/#website"},"primaryImageOfPage":{"@id":"https:\/\/oikon.hr\/hr\/7-napredni-tecaj-daljinskog-istrazivanja-europske-svemirske-agencije\/#primaryimage"},"image":{"@id":"https:\/\/oikon.hr\/hr\/7-napredni-tecaj-daljinskog-istrazivanja-europske-svemirske-agencije\/#primaryimage"},"thumbnailUrl":"https:\/\/oikon.hr\/cms\/wp-content\/uploads\/2017\/09\/LTC_2017_web-170221-V1.jpg","datePublished":"2017-09-07T10:09:03+00:00","dateModified":"2018-06-13T14:57:33+00:00","description":"7. rujna 2017. -\u00a0Ponosni smo na na\u0161u Ivonu \u017di\u017eu koja je dobila priliku da sudjeluje na 7. naprednom te\u010daju daljinskog istra\u017eivanja Europske svemirske","breadcrumb":{"@id":"https:\/\/oikon.hr\/hr\/7-napredni-tecaj-daljinskog-istrazivanja-europske-svemirske-agencije\/#breadcrumb"},"inLanguage":"hr-HR","potentialAction":[{"@type":"ReadAction","target":["https:\/\/oikon.hr\/hr\/7-napredni-tecaj-daljinskog-istrazivanja-europske-svemirske-agencije\/"]}]},{"@type":"ImageObject","inLanguage":"hr-HR","@id":"https:\/\/oikon.hr\/hr\/7-napredni-tecaj-daljinskog-istrazivanja-europske-svemirske-agencije\/#primaryimage","url":"https:\/\/oikon.hr\/cms\/wp-content\/uploads\/2017\/09\/LTC_2017_web-170221-V1.jpg","contentUrl":"https:\/\/oikon.hr\/cms\/wp-content\/uploads\/2017\/09\/LTC_2017_web-170221-V1.jpg","width":580,"height":274},{"@type":"BreadcrumbList","@id":"https:\/\/oikon.hr\/hr\/7-napredni-tecaj-daljinskog-istrazivanja-europske-svemirske-agencije\/#breadcrumb","itemListElement":[{"@type":"ListItem","position":1,"name":"","item":"https:\/\/oikon.hr\/hr\/"},{"@type":"ListItem","position":2,"name":"VIJESTI","item":"https:\/\/oikon.hr\/hr\/topic\/vijesti\/"},{"@type":"ListItem","position":3,"name":"7. napredni te\u010daj daljinskog istra\u017eivanja Europske svemirske agencije"}]},{"@type":"WebSite","@id":"https:\/\/oikon.hr\/#website","url":"https:\/\/oikon.hr\/","name":"Oikon d.o.o.","description":"Institut za primijenjenu ekologiju","publisher":{"@id":"https:\/\/oikon.hr\/#organization"},"alternateName":"OIKON","potentialAction":[{"@type":"SearchAction","target":{"@type":"EntryPoint","urlTemplate":"https:\/\/oikon.hr\/?s={search_term_string}"},"query-input":{"@type":"PropertyValueSpecification","valueRequired":true,"valueName":"search_term_string"}}],"inLanguage":"hr-HR"},{"@type":"Organization","@id":"https:\/\/oikon.hr\/#organization","name":"Oikon d.o.o. - Institut za primijenjenu ekologiju","alternateName":"OIKON","url":"https:\/\/oikon.hr\/","logo":{"@type":"ImageObject","inLanguage":"hr-HR","@id":"https:\/\/oikon.hr\/#\/schema\/logo\/image\/","url":"https:\/\/oikon.hr\/cms\/wp-content\/uploads\/2021\/01\/OIKON_R_logo_transparent.png","contentUrl":"https:\/\/oikon.hr\/cms\/wp-content\/uploads\/2021\/01\/OIKON_R_logo_transparent.png","width":1660,"height":541,"caption":"Oikon d.o.o. - Institut za primijenjenu ekologiju"},"image":{"@id":"https:\/\/oikon.hr\/#\/schema\/logo\/image\/"},"sameAs":["http:\/\/www.facebook.com\/OikonLtd\/","https:\/\/x.com\/OikonLtd","https:\/\/www.instagram.com\/oikon_ltd\/","https:\/\/www.linkedin.com\/company\/oikon---institute-for-applied-technology\/","https:\/\/www.youtube.com\/channel\/UCu_eJ0ct90AEN8D85KWcRHQ"]},{"@type":"Person","@id":"https:\/\/oikon.hr\/#\/schema\/person\/4fb14a46c1071083d5de459c14a82f7c","name":"oikonadministracija","image":{"@type":"ImageObject","inLanguage":"hr-HR","@id":"https:\/\/oikon.hr\/#\/schema\/person\/image\/","url":"https:\/\/secure.gravatar.com\/avatar\/e247aba33e5428fc6a24bbca24b92af36ceafa9a824508df7d1d40391c5f0748?s=96&d=mm&r=g","contentUrl":"https:\/\/secure.gravatar.com\/avatar\/e247aba33e5428fc6a24bbca24b92af36ceafa9a824508df7d1d40391c5f0748?s=96&d=mm&r=g","caption":"oikonadministracija"},"url":"https:\/\/oikon.hr\/hr\/author\/oikonadministracija\/"}]}},"_links":{"self":[{"href":"https:\/\/oikon.hr\/hr\/wp-json\/wp\/v2\/posts\/2208","targetHints":{"allow":["GET"]}}],"collection":[{"href":"https:\/\/oikon.hr\/hr\/wp-json\/wp\/v2\/posts"}],"about":[{"href":"https:\/\/oikon.hr\/hr\/wp-json\/wp\/v2\/types\/post"}],"author":[{"embeddable":true,"href":"https:\/\/oikon.hr\/hr\/wp-json\/wp\/v2\/users\/2"}],"replies":[{"embeddable":true,"href":"https:\/\/oikon.hr\/hr\/wp-json\/wp\/v2\/comments?post=2208"}],"version-history":[{"count":0,"href":"https:\/\/oikon.hr\/hr\/wp-json\/wp\/v2\/posts\/2208\/revisions"}],"wp:featuredmedia":[{"embeddable":true,"href":"https:\/\/oikon.hr\/hr\/wp-json\/wp\/v2\/media\/801"}],"wp:attachment":[{"href":"https:\/\/oikon.hr\/hr\/wp-json\/wp\/v2\/media?parent=2208"}],"wp:term":[{"taxonomy":"category","embeddable":true,"href":"https:\/\/oikon.hr\/hr\/wp-json\/wp\/v2\/categories?post=2208"},{"taxonomy":"post_tag","embeddable":true,"href":"https:\/\/oikon.hr\/hr\/wp-json\/wp\/v2\/tags?post=2208"}],"curies":[{"name":"wp","href":"https:\/\/api.w.org\/{rel}","templated":true}]}}