{"id":2268,"date":"2017-11-10T13:10:37","date_gmt":"2017-11-10T12:10:37","guid":{"rendered":"http:\/\/localhost\/oikon\/strateska-studija-o-utjecaju-na-okolis-izmjena-i-dopuna-vi-prostornog-plana-sibensko-kninske-zupanije\/"},"modified":"2018-06-13T11:38:06","modified_gmt":"2018-06-13T09:38:06","slug":"strateska-studija-o-utjecaju-na-okolis-izmjena-i-dopuna-vi-prostornog-plana-sibensko-kninske-zupanije","status":"publish","type":"post","link":"https:\/\/oikon.hr\/hr\/strateska-studija-o-utjecaju-na-okolis-izmjena-i-dopuna-vi-prostornog-plana-sibensko-kninske-zupanije\/","title":{"rendered":"Strate\u0161ka studija o utjecaju na okoli\u0161 Izmjena i dopuna (VI) Prostornog plana \u0160ibensko-kninske \u017eupanije\u00a0"},"content":{"rendered":"<p style=\"text-align: justify;\"><strong>Naziv projekta:\u00a0<\/strong>Strate\u0161ka studija o utjecaju na okoli\u0161 Izmjena i dopuna (VI) Prostornog plana \u0160ibensko-kninske \u017eupanije<\/p>\n<p style=\"text-align: justify;\"><strong>Klijent:<\/strong> \u0160ibensko-kninska \u017eupanija<br \/>\n<strong>Trajanje:\u00a0<\/strong>03\/2015 \u2013 03\/2017<br \/>\n<strong>Financira:\u00a0<\/strong>Dr\u017eavni prora\u010dun<br \/>\n<strong>Lokacija:<\/strong>\u00a0Hrvatska<\/p>\n<hr \/>\n<p style=\"text-align: justify;\">Izrada Strate\u0161ke studije o utjecaju na okoli\u0161 Izmjena i dopuna (VI) Prostornog plana \u0160ibensko-kninske \u017eupanije, uklju\u010dila je:<\/p>\n<p style=\"text-align: justify;\">(1) pregled sadr\u017eaja i glavnih ciljeva izrade ID (VI.) PP \u0160K\u017d i odnosa s drugim odgovaraju\u0107im planovima, programima i strategijama, te me\u0111unarodnim ugovorima i sporazumima,<\/p>\n<p style=\"text-align: justify;\">(2) podatke o postoje\u0107em stanju okoli\u0161a i mogu\u0107i razvoj okoli\u0161a bez provedbe ID (VI.) PP \u0160K\u017d,<\/p>\n<p style=\"text-align: justify;\">(3) opis okoli\u0161nih zna\u010dajki podru\u010dja na koja provedba ID (VI.) PP \u0160K\u017d mo\u017ee zna\u010dajno utjecati i postoje\u0107ih okoli\u0161nih problema,<\/p>\n<p style=\"text-align: justify;\">(4) opis vjerojatno zna\u010dajnih utjecaja na okoli\u0161 (tlo i poljoprivredno zemlji\u0161te, \u0161ume i \u0161umarstvo, vode, more, biolo\u0161ka raznolikost, za\u0161ti\u0107ena podru\u010dja prirode, krajobraz, kulturna ba\u0161tina, otpad, stanovni\u0161tvo i zdravlje ljudi &#8211; buka i kvaliteta zraka),<\/p>\n<p style=\"text-align: justify;\">(5) Glavnu ocjenu prihvatljivosti za ekolo\u0161ku mre\u017eu (Natura 2000) \u2013 analiza utjecaja na ciljeve o\u010duvanja ekolo\u0161ke mre\u017ee Natura 2000 (Podru\u010dja o\u010duvanja za ptice, Podru\u010dja o\u010duvanja za vrste i stani\u0161ta na kopnu i moru)\u00a0 i prijedlog mjera ubla\u017eavanja,<\/p>\n<p style=\"text-align: justify;\">(6) prijedlog mjera za\u0161tite okoli\u0161a i program pra\u0107enja stanja okoli\u0161a,<\/p>\n<p style=\"text-align: justify;\">(7) javni uvid,<\/p>\n<p style=\"text-align: justify;\">(8) sudjelovanje u postupku strate\u0161ke procjene utjecaja na okoli\u0161.<\/p>\n<p style=\"text-align: justify;\">\n<p><a href=\"http:\/\/razvoj.space\/oikon\/cms\/wp-content\/uploads\/2017\/11\/kwrta.jpg\" data-rel=\"lightbox-gallery-Gh68q5Q1\" data-rl_title=\"\" data-rl_caption=\"\" title=\"\"><img loading=\"lazy\" decoding=\"async\" class=\"alignnone wp-image-2383 size-medium\" src=\"http:\/\/razvoj.space\/oikon\/cms\/wp-content\/uploads\/2017\/11\/kwrta-300x225.jpg\" alt=\"\" width=\"300\" height=\"225\" srcset=\"https:\/\/oikon.hr\/cms\/wp-content\/uploads\/2017\/11\/kwrta-300x225.jpg 300w, https:\/\/oikon.hr\/cms\/wp-content\/uploads\/2017\/11\/kwrta-150x113.jpg 150w, https:\/\/oikon.hr\/cms\/wp-content\/uploads\/2017\/11\/kwrta-768x576.jpg 768w, https:\/\/oikon.hr\/cms\/wp-content\/uploads\/2017\/11\/kwrta.jpg 800w\" sizes=\"auto, (max-width: 300px) 100vw, 300px\" \/><\/a><\/p>\n","protected":false},"excerpt":{"rendered":"<p>\u0160ibensko-kninska \u017eupanija<\/p>\n","protected":false},"author":2,"featured_media":2383,"comment_status":"open","ping_status":"open","sticky":false,"template":"","format":"standard","meta":{"_acf_changed":false,"footnotes":""},"categories":[799,802,810],"tags":[834],"class_list":["post-2268","post","type-post","status-publish","format-standard","has-post-thumbnail","hentry","category-projekti","category-zastita-okolisa","category-zastita-prirode","tag-natura-2000-hr"],"acf":[],"yoast_head":"<!-- This site is optimized with the Yoast SEO plugin v27.0 - https:\/\/yoast.com\/product\/yoast-seo-wordpress\/ -->\n<title>Strate\u0161ka studija o utjecaju na okoli\u0161 Izmjena i dopuna (VI) Prostornog plana \u0160ibensko-kninske \u017eupanije\u00a0 &#8211; Oikon d.o.o.<\/title>\n<meta name=\"description\" content=\"\u0160ibensko-kninska \u017eupanija\" \/>\n<meta name=\"robots\" content=\"index, follow, max-snippet:-1, max-image-preview:large, max-video-preview:-1\" \/>\n<link rel=\"canonical\" href=\"https:\/\/oikon.hr\/hr\/strateska-studija-o-utjecaju-na-okolis-izmjena-i-dopuna-vi-prostornog-plana-sibensko-kninske-zupanije\/\" \/>\n<meta property=\"og:locale\" content=\"hr_HR\" \/>\n<meta property=\"og:type\" content=\"article\" \/>\n<meta property=\"og:title\" content=\"Strate\u0161ka studija o utjecaju na okoli\u0161 Izmjena i dopuna (VI) Prostornog plana \u0160ibensko-kninske \u017eupanije\u00a0 &#8211; Oikon d.o.o.\" \/>\n<meta property=\"og:description\" content=\"\u0160ibensko-kninska \u017eupanija\" \/>\n<meta property=\"og:url\" content=\"https:\/\/oikon.hr\/hr\/strateska-studija-o-utjecaju-na-okolis-izmjena-i-dopuna-vi-prostornog-plana-sibensko-kninske-zupanije\/\" \/>\n<meta property=\"og:site_name\" content=\"Oikon d.o.o.\" \/>\n<meta property=\"article:publisher\" content=\"http:\/\/www.facebook.com\/OikonLtd\/\" \/>\n<meta property=\"article:published_time\" content=\"2017-11-10T12:10:37+00:00\" \/>\n<meta property=\"article:modified_time\" content=\"2018-06-13T09:38:06+00:00\" \/>\n<meta property=\"og:image\" content=\"https:\/\/oikon.hr\/cms\/wp-content\/uploads\/2017\/11\/kwrta.jpg\" \/>\n\t<meta property=\"og:image:width\" content=\"800\" \/>\n\t<meta property=\"og:image:height\" content=\"600\" \/>\n\t<meta property=\"og:image:type\" content=\"image\/jpeg\" \/>\n<meta name=\"author\" content=\"oikonadministracija\" \/>\n<meta name=\"twitter:card\" content=\"summary_large_image\" \/>\n<meta name=\"twitter:creator\" content=\"@OikonLtd\" \/>\n<meta name=\"twitter:site\" content=\"@OikonLtd\" \/>\n<meta name=\"twitter:label1\" content=\"Written by\" \/>\n\t<meta name=\"twitter:data1\" content=\"oikonadministracija\" \/>\n\t<meta name=\"twitter:label2\" content=\"Est. reading time\" \/>\n\t<meta name=\"twitter:data2\" content=\"1 minute\" \/>\n<script type=\"application\/ld+json\" class=\"yoast-schema-graph\">{\"@context\":\"https:\/\/schema.org\",\"@graph\":[{\"@type\":\"Article\",\"@id\":\"https:\/\/oikon.hr\/hr\/strateska-studija-o-utjecaju-na-okolis-izmjena-i-dopuna-vi-prostornog-plana-sibensko-kninske-zupanije\/#article\",\"isPartOf\":{\"@id\":\"https:\/\/oikon.hr\/hr\/strateska-studija-o-utjecaju-na-okolis-izmjena-i-dopuna-vi-prostornog-plana-sibensko-kninske-zupanije\/\"},\"author\":{\"name\":\"oikonadministracija\",\"@id\":\"https:\/\/oikon.hr\/#\/schema\/person\/4fb14a46c1071083d5de459c14a82f7c\"},\"headline\":\"Strate\u0161ka studija o utjecaju na okoli\u0161 Izmjena i dopuna (VI) Prostornog plana \u0160ibensko-kninske \u017eupanije\u00a0\",\"datePublished\":\"2017-11-10T12:10:37+00:00\",\"dateModified\":\"2018-06-13T09:38:06+00:00\",\"mainEntityOfPage\":{\"@id\":\"https:\/\/oikon.hr\/hr\/strateska-studija-o-utjecaju-na-okolis-izmjena-i-dopuna-vi-prostornog-plana-sibensko-kninske-zupanije\/\"},\"wordCount\":242,\"commentCount\":0,\"publisher\":{\"@id\":\"https:\/\/oikon.hr\/#organization\"},\"image\":{\"@id\":\"https:\/\/oikon.hr\/hr\/strateska-studija-o-utjecaju-na-okolis-izmjena-i-dopuna-vi-prostornog-plana-sibensko-kninske-zupanije\/#primaryimage\"},\"thumbnailUrl\":\"https:\/\/oikon.hr\/cms\/wp-content\/uploads\/2017\/11\/kwrta.jpg\",\"keywords\":[\"Natura 2000\"],\"articleSection\":[\"PROJEKTI\",\"Za\u0161tita okoli\u0161a\",\"Za\u0161tita prirode\"],\"inLanguage\":\"hr-HR\",\"potentialAction\":[{\"@type\":\"CommentAction\",\"name\":\"Comment\",\"target\":[\"https:\/\/oikon.hr\/hr\/strateska-studija-o-utjecaju-na-okolis-izmjena-i-dopuna-vi-prostornog-plana-sibensko-kninske-zupanije\/#respond\"]}]},{\"@type\":\"WebPage\",\"@id\":\"https:\/\/oikon.hr\/hr\/strateska-studija-o-utjecaju-na-okolis-izmjena-i-dopuna-vi-prostornog-plana-sibensko-kninske-zupanije\/\",\"url\":\"https:\/\/oikon.hr\/hr\/strateska-studija-o-utjecaju-na-okolis-izmjena-i-dopuna-vi-prostornog-plana-sibensko-kninske-zupanije\/\",\"name\":\"Strate\u0161ka studija o utjecaju na okoli\u0161 Izmjena i dopuna (VI) Prostornog plana \u0160ibensko-kninske \u017eupanije\u00a0 &#8211; Oikon d.o.o.\",\"isPartOf\":{\"@id\":\"https:\/\/oikon.hr\/#website\"},\"primaryImageOfPage\":{\"@id\":\"https:\/\/oikon.hr\/hr\/strateska-studija-o-utjecaju-na-okolis-izmjena-i-dopuna-vi-prostornog-plana-sibensko-kninske-zupanije\/#primaryimage\"},\"image\":{\"@id\":\"https:\/\/oikon.hr\/hr\/strateska-studija-o-utjecaju-na-okolis-izmjena-i-dopuna-vi-prostornog-plana-sibensko-kninske-zupanije\/#primaryimage\"},\"thumbnailUrl\":\"https:\/\/oikon.hr\/cms\/wp-content\/uploads\/2017\/11\/kwrta.jpg\",\"datePublished\":\"2017-11-10T12:10:37+00:00\",\"dateModified\":\"2018-06-13T09:38:06+00:00\",\"description\":\"\u0160ibensko-kninska \u017eupanija\",\"breadcrumb\":{\"@id\":\"https:\/\/oikon.hr\/hr\/strateska-studija-o-utjecaju-na-okolis-izmjena-i-dopuna-vi-prostornog-plana-sibensko-kninske-zupanije\/#breadcrumb\"},\"inLanguage\":\"hr-HR\",\"potentialAction\":[{\"@type\":\"ReadAction\",\"target\":[\"https:\/\/oikon.hr\/hr\/strateska-studija-o-utjecaju-na-okolis-izmjena-i-dopuna-vi-prostornog-plana-sibensko-kninske-zupanije\/\"]}]},{\"@type\":\"ImageObject\",\"inLanguage\":\"hr-HR\",\"@id\":\"https:\/\/oikon.hr\/hr\/strateska-studija-o-utjecaju-na-okolis-izmjena-i-dopuna-vi-prostornog-plana-sibensko-kninske-zupanije\/#primaryimage\",\"url\":\"https:\/\/oikon.hr\/cms\/wp-content\/uploads\/2017\/11\/kwrta.jpg\",\"contentUrl\":\"https:\/\/oikon.hr\/cms\/wp-content\/uploads\/2017\/11\/kwrta.jpg\",\"width\":800,\"height\":600},{\"@type\":\"BreadcrumbList\",\"@id\":\"https:\/\/oikon.hr\/hr\/strateska-studija-o-utjecaju-na-okolis-izmjena-i-dopuna-vi-prostornog-plana-sibensko-kninske-zupanije\/#breadcrumb\",\"itemListElement\":[{\"@type\":\"ListItem\",\"position\":1,\"name\":\"\",\"item\":\"https:\/\/oikon.hr\/hr\/\"},{\"@type\":\"ListItem\",\"position\":2,\"name\":\"PROJEKTI\",\"item\":\"https:\/\/oikon.hr\/hr\/topic\/projekti\/\"},{\"@type\":\"ListItem\",\"position\":3,\"name\":\"Strate\u0161ka studija o utjecaju na okoli\u0161 Izmjena i dopuna (VI) Prostornog plana \u0160ibensko-kninske \u017eupanije\u00a0\"}]},{\"@type\":\"WebSite\",\"@id\":\"https:\/\/oikon.hr\/#website\",\"url\":\"https:\/\/oikon.hr\/\",\"name\":\"Oikon d.o.o.\",\"description\":\"Institut za primijenjenu ekologiju\",\"publisher\":{\"@id\":\"https:\/\/oikon.hr\/#organization\"},\"alternateName\":\"OIKON\",\"potentialAction\":[{\"@type\":\"SearchAction\",\"target\":{\"@type\":\"EntryPoint\",\"urlTemplate\":\"https:\/\/oikon.hr\/?s={search_term_string}\"},\"query-input\":{\"@type\":\"PropertyValueSpecification\",\"valueRequired\":true,\"valueName\":\"search_term_string\"}}],\"inLanguage\":\"hr-HR\"},{\"@type\":\"Organization\",\"@id\":\"https:\/\/oikon.hr\/#organization\",\"name\":\"Oikon d.o.o. - Institut za primijenjenu ekologiju\",\"alternateName\":\"OIKON\",\"url\":\"https:\/\/oikon.hr\/\",\"logo\":{\"@type\":\"ImageObject\",\"inLanguage\":\"hr-HR\",\"@id\":\"https:\/\/oikon.hr\/#\/schema\/logo\/image\/\",\"url\":\"https:\/\/oikon.hr\/cms\/wp-content\/uploads\/2021\/01\/OIKON_R_logo_transparent.png\",\"contentUrl\":\"https:\/\/oikon.hr\/cms\/wp-content\/uploads\/2021\/01\/OIKON_R_logo_transparent.png\",\"width\":1660,\"height\":541,\"caption\":\"Oikon d.o.o. - Institut za primijenjenu ekologiju\"},\"image\":{\"@id\":\"https:\/\/oikon.hr\/#\/schema\/logo\/image\/\"},\"sameAs\":[\"http:\/\/www.facebook.com\/OikonLtd\/\",\"https:\/\/x.com\/OikonLtd\",\"https:\/\/www.instagram.com\/oikon_ltd\/\",\"https:\/\/www.linkedin.com\/company\/oikon---institute-for-applied-technology\/\",\"https:\/\/www.youtube.com\/channel\/UCu_eJ0ct90AEN8D85KWcRHQ\"]},{\"@type\":\"Person\",\"@id\":\"https:\/\/oikon.hr\/#\/schema\/person\/4fb14a46c1071083d5de459c14a82f7c\",\"name\":\"oikonadministracija\",\"image\":{\"@type\":\"ImageObject\",\"inLanguage\":\"hr-HR\",\"@id\":\"https:\/\/oikon.hr\/#\/schema\/person\/image\/\",\"url\":\"https:\/\/secure.gravatar.com\/avatar\/e247aba33e5428fc6a24bbca24b92af36ceafa9a824508df7d1d40391c5f0748?s=96&d=mm&r=g\",\"contentUrl\":\"https:\/\/secure.gravatar.com\/avatar\/e247aba33e5428fc6a24bbca24b92af36ceafa9a824508df7d1d40391c5f0748?s=96&d=mm&r=g\",\"caption\":\"oikonadministracija\"},\"url\":\"https:\/\/oikon.hr\/hr\/author\/oikonadministracija\/\"}]}<\/script>\n<!-- \/ Yoast SEO plugin. -->","yoast_head_json":{"title":"Strate\u0161ka studija o utjecaju na okoli\u0161 Izmjena i dopuna (VI) Prostornog plana \u0160ibensko-kninske \u017eupanije\u00a0 &#8211; Oikon d.o.o.","description":"\u0160ibensko-kninska \u017eupanija","robots":{"index":"index","follow":"follow","max-snippet":"max-snippet:-1","max-image-preview":"max-image-preview:large","max-video-preview":"max-video-preview:-1"},"canonical":"https:\/\/oikon.hr\/hr\/strateska-studija-o-utjecaju-na-okolis-izmjena-i-dopuna-vi-prostornog-plana-sibensko-kninske-zupanije\/","og_locale":"hr_HR","og_type":"article","og_title":"Strate\u0161ka studija o utjecaju na okoli\u0161 Izmjena i dopuna (VI) Prostornog plana \u0160ibensko-kninske \u017eupanije\u00a0 &#8211; Oikon d.o.o.","og_description":"\u0160ibensko-kninska \u017eupanija","og_url":"https:\/\/oikon.hr\/hr\/strateska-studija-o-utjecaju-na-okolis-izmjena-i-dopuna-vi-prostornog-plana-sibensko-kninske-zupanije\/","og_site_name":"Oikon d.o.o.","article_publisher":"http:\/\/www.facebook.com\/OikonLtd\/","article_published_time":"2017-11-10T12:10:37+00:00","article_modified_time":"2018-06-13T09:38:06+00:00","og_image":[{"width":800,"height":600,"url":"https:\/\/oikon.hr\/cms\/wp-content\/uploads\/2017\/11\/kwrta.jpg","type":"image\/jpeg"}],"author":"oikonadministracija","twitter_card":"summary_large_image","twitter_creator":"@OikonLtd","twitter_site":"@OikonLtd","twitter_misc":{"Written by":"oikonadministracija","Est. reading time":"1 minute"},"schema":{"@context":"https:\/\/schema.org","@graph":[{"@type":"Article","@id":"https:\/\/oikon.hr\/hr\/strateska-studija-o-utjecaju-na-okolis-izmjena-i-dopuna-vi-prostornog-plana-sibensko-kninske-zupanije\/#article","isPartOf":{"@id":"https:\/\/oikon.hr\/hr\/strateska-studija-o-utjecaju-na-okolis-izmjena-i-dopuna-vi-prostornog-plana-sibensko-kninske-zupanije\/"},"author":{"name":"oikonadministracija","@id":"https:\/\/oikon.hr\/#\/schema\/person\/4fb14a46c1071083d5de459c14a82f7c"},"headline":"Strate\u0161ka studija o utjecaju na okoli\u0161 Izmjena i dopuna (VI) Prostornog plana \u0160ibensko-kninske \u017eupanije\u00a0","datePublished":"2017-11-10T12:10:37+00:00","dateModified":"2018-06-13T09:38:06+00:00","mainEntityOfPage":{"@id":"https:\/\/oikon.hr\/hr\/strateska-studija-o-utjecaju-na-okolis-izmjena-i-dopuna-vi-prostornog-plana-sibensko-kninske-zupanije\/"},"wordCount":242,"commentCount":0,"publisher":{"@id":"https:\/\/oikon.hr\/#organization"},"image":{"@id":"https:\/\/oikon.hr\/hr\/strateska-studija-o-utjecaju-na-okolis-izmjena-i-dopuna-vi-prostornog-plana-sibensko-kninske-zupanije\/#primaryimage"},"thumbnailUrl":"https:\/\/oikon.hr\/cms\/wp-content\/uploads\/2017\/11\/kwrta.jpg","keywords":["Natura 2000"],"articleSection":["PROJEKTI","Za\u0161tita okoli\u0161a","Za\u0161tita prirode"],"inLanguage":"hr-HR","potentialAction":[{"@type":"CommentAction","name":"Comment","target":["https:\/\/oikon.hr\/hr\/strateska-studija-o-utjecaju-na-okolis-izmjena-i-dopuna-vi-prostornog-plana-sibensko-kninske-zupanije\/#respond"]}]},{"@type":"WebPage","@id":"https:\/\/oikon.hr\/hr\/strateska-studija-o-utjecaju-na-okolis-izmjena-i-dopuna-vi-prostornog-plana-sibensko-kninske-zupanije\/","url":"https:\/\/oikon.hr\/hr\/strateska-studija-o-utjecaju-na-okolis-izmjena-i-dopuna-vi-prostornog-plana-sibensko-kninske-zupanije\/","name":"Strate\u0161ka studija o utjecaju na okoli\u0161 Izmjena i dopuna (VI) Prostornog plana \u0160ibensko-kninske \u017eupanije\u00a0 &#8211; Oikon d.o.o.","isPartOf":{"@id":"https:\/\/oikon.hr\/#website"},"primaryImageOfPage":{"@id":"https:\/\/oikon.hr\/hr\/strateska-studija-o-utjecaju-na-okolis-izmjena-i-dopuna-vi-prostornog-plana-sibensko-kninske-zupanije\/#primaryimage"},"image":{"@id":"https:\/\/oikon.hr\/hr\/strateska-studija-o-utjecaju-na-okolis-izmjena-i-dopuna-vi-prostornog-plana-sibensko-kninske-zupanije\/#primaryimage"},"thumbnailUrl":"https:\/\/oikon.hr\/cms\/wp-content\/uploads\/2017\/11\/kwrta.jpg","datePublished":"2017-11-10T12:10:37+00:00","dateModified":"2018-06-13T09:38:06+00:00","description":"\u0160ibensko-kninska \u017eupanija","breadcrumb":{"@id":"https:\/\/oikon.hr\/hr\/strateska-studija-o-utjecaju-na-okolis-izmjena-i-dopuna-vi-prostornog-plana-sibensko-kninske-zupanije\/#breadcrumb"},"inLanguage":"hr-HR","potentialAction":[{"@type":"ReadAction","target":["https:\/\/oikon.hr\/hr\/strateska-studija-o-utjecaju-na-okolis-izmjena-i-dopuna-vi-prostornog-plana-sibensko-kninske-zupanije\/"]}]},{"@type":"ImageObject","inLanguage":"hr-HR","@id":"https:\/\/oikon.hr\/hr\/strateska-studija-o-utjecaju-na-okolis-izmjena-i-dopuna-vi-prostornog-plana-sibensko-kninske-zupanije\/#primaryimage","url":"https:\/\/oikon.hr\/cms\/wp-content\/uploads\/2017\/11\/kwrta.jpg","contentUrl":"https:\/\/oikon.hr\/cms\/wp-content\/uploads\/2017\/11\/kwrta.jpg","width":800,"height":600},{"@type":"BreadcrumbList","@id":"https:\/\/oikon.hr\/hr\/strateska-studija-o-utjecaju-na-okolis-izmjena-i-dopuna-vi-prostornog-plana-sibensko-kninske-zupanije\/#breadcrumb","itemListElement":[{"@type":"ListItem","position":1,"name":"","item":"https:\/\/oikon.hr\/hr\/"},{"@type":"ListItem","position":2,"name":"PROJEKTI","item":"https:\/\/oikon.hr\/hr\/topic\/projekti\/"},{"@type":"ListItem","position":3,"name":"Strate\u0161ka studija o utjecaju na okoli\u0161 Izmjena i dopuna (VI) Prostornog plana \u0160ibensko-kninske \u017eupanije\u00a0"}]},{"@type":"WebSite","@id":"https:\/\/oikon.hr\/#website","url":"https:\/\/oikon.hr\/","name":"Oikon d.o.o.","description":"Institut za primijenjenu ekologiju","publisher":{"@id":"https:\/\/oikon.hr\/#organization"},"alternateName":"OIKON","potentialAction":[{"@type":"SearchAction","target":{"@type":"EntryPoint","urlTemplate":"https:\/\/oikon.hr\/?s={search_term_string}"},"query-input":{"@type":"PropertyValueSpecification","valueRequired":true,"valueName":"search_term_string"}}],"inLanguage":"hr-HR"},{"@type":"Organization","@id":"https:\/\/oikon.hr\/#organization","name":"Oikon d.o.o. - Institut za primijenjenu ekologiju","alternateName":"OIKON","url":"https:\/\/oikon.hr\/","logo":{"@type":"ImageObject","inLanguage":"hr-HR","@id":"https:\/\/oikon.hr\/#\/schema\/logo\/image\/","url":"https:\/\/oikon.hr\/cms\/wp-content\/uploads\/2021\/01\/OIKON_R_logo_transparent.png","contentUrl":"https:\/\/oikon.hr\/cms\/wp-content\/uploads\/2021\/01\/OIKON_R_logo_transparent.png","width":1660,"height":541,"caption":"Oikon d.o.o. - Institut za primijenjenu ekologiju"},"image":{"@id":"https:\/\/oikon.hr\/#\/schema\/logo\/image\/"},"sameAs":["http:\/\/www.facebook.com\/OikonLtd\/","https:\/\/x.com\/OikonLtd","https:\/\/www.instagram.com\/oikon_ltd\/","https:\/\/www.linkedin.com\/company\/oikon---institute-for-applied-technology\/","https:\/\/www.youtube.com\/channel\/UCu_eJ0ct90AEN8D85KWcRHQ"]},{"@type":"Person","@id":"https:\/\/oikon.hr\/#\/schema\/person\/4fb14a46c1071083d5de459c14a82f7c","name":"oikonadministracija","image":{"@type":"ImageObject","inLanguage":"hr-HR","@id":"https:\/\/oikon.hr\/#\/schema\/person\/image\/","url":"https:\/\/secure.gravatar.com\/avatar\/e247aba33e5428fc6a24bbca24b92af36ceafa9a824508df7d1d40391c5f0748?s=96&d=mm&r=g","contentUrl":"https:\/\/secure.gravatar.com\/avatar\/e247aba33e5428fc6a24bbca24b92af36ceafa9a824508df7d1d40391c5f0748?s=96&d=mm&r=g","caption":"oikonadministracija"},"url":"https:\/\/oikon.hr\/hr\/author\/oikonadministracija\/"}]}},"_links":{"self":[{"href":"https:\/\/oikon.hr\/hr\/wp-json\/wp\/v2\/posts\/2268","targetHints":{"allow":["GET"]}}],"collection":[{"href":"https:\/\/oikon.hr\/hr\/wp-json\/wp\/v2\/posts"}],"about":[{"href":"https:\/\/oikon.hr\/hr\/wp-json\/wp\/v2\/types\/post"}],"author":[{"embeddable":true,"href":"https:\/\/oikon.hr\/hr\/wp-json\/wp\/v2\/users\/2"}],"replies":[{"embeddable":true,"href":"https:\/\/oikon.hr\/hr\/wp-json\/wp\/v2\/comments?post=2268"}],"version-history":[{"count":0,"href":"https:\/\/oikon.hr\/hr\/wp-json\/wp\/v2\/posts\/2268\/revisions"}],"wp:featuredmedia":[{"embeddable":true,"href":"https:\/\/oikon.hr\/hr\/wp-json\/wp\/v2\/media\/2383"}],"wp:attachment":[{"href":"https:\/\/oikon.hr\/hr\/wp-json\/wp\/v2\/media?parent=2268"}],"wp:term":[{"taxonomy":"category","embeddable":true,"href":"https:\/\/oikon.hr\/hr\/wp-json\/wp\/v2\/categories?post=2268"},{"taxonomy":"post_tag","embeddable":true,"href":"https:\/\/oikon.hr\/hr\/wp-json\/wp\/v2\/tags?post=2268"}],"curies":[{"name":"wp","href":"https:\/\/api.w.org\/{rel}","templated":true}]}}