{"id":2583,"date":"2018-06-08T17:21:39","date_gmt":"2018-06-08T15:21:39","guid":{"rendered":"http:\/\/razvoj.space\/oikon\/?p=2583"},"modified":"2018-06-13T17:22:59","modified_gmt":"2018-06-13T15:22:59","slug":"medunarodna-konferencija-3-green2018","status":"publish","type":"post","link":"https:\/\/oikon.hr\/hr\/medunarodna-konferencija-3-green2018\/","title":{"rendered":"Me\u0111unarodna konferencija 3-GREEN2018"},"content":{"rendered":"<p>8. lipnja 2018.\u00a0\u2212 Ovog je tjedna u Zagrebu odr\u017eana tre\u0107a me\u0111unarodna znanstvena i stru\u010dna konferencija \u201cPrirodni resursi, zelena tehnologija i odr\u017eivi razvoj \/ 3-GREEN2018\u201d s ciljem okupljanja vode\u0107ih me\u0111unarodnih stru\u010dnjaka iz tog podru\u010dja kako bi predstavili najnovija dostignu\u0107a, podijelili svoja iskustva i raspravljali o izazovima.<\/p>\n<p>I Oikonovi su stru\u010dnjaci sudjelovali na konferenciji te su odr\u017eali prezentacije o daljinskom istra\u017eivanju:<\/p>\n<ul>\n<li>Nela Jantol, mag. oecol. et prot. nat., predstavila je\u00a0kartiranje po\u017eara Sentinel 2 satelitom s vi\u0161e razli\u010ditih metoda;<\/li>\n<li>Davor Korman, mag. oecol., govorio je o pobolj\u0161anju modela Sentinel 2 procjene biomase \u0161ikara i \u0161uma prvog dobnog razreda strojnim u\u010denjem;<\/li>\n<li>dr. sc. Alen Berta objasnio je na\u010din odre\u0111ivanja vrsta drve\u0107a\u00a0pomo\u0107u Sentinel2 satelita metodom rudarenja podataka u sredi\u0161njoj Hrvatskoj.<\/li>\n<\/ul>\n<p>Za vi\u0161e informacija posjetite: www.green2018.sumins.hr<\/p>\n<div id=\"gallery-2\" class=\"gallery galleryid-2056 gallery-columns-3 gallery-size-wordpress-medium-gallery\">\n<figure class=\"gallery-item\">\n<div class=\"gallery-icon landscape\"><a title=\"\" href=\"https:\/\/oikon.hr\/cms\/wp-content\/uploads\/2018\/06\/Nela.jpg\" data-rl_title=\"\" data-rl_caption=\"\" data-rel=\"lightbox-gallery-bGlnaHRib3gtZ2FsbGVyeS0y\" data-rl_title=\"\" data-rl_caption=\"\" data-slimstat=\"5\"><img loading=\"lazy\" decoding=\"async\" class=\"attachment-wordpress-medium-gallery size-wordpress-medium-gallery rl-gallery-link\" src=\"https:\/\/oikon.hr\/cms\/wp-content\/uploads\/2018\/06\/Nela-500x250.jpg\" alt=\"\" width=\"500\" height=\"250\" aria-describedby=\"gallery-2-2059\" \/><\/a><\/div>\n<\/figure>\n<figure class=\"gallery-item\">\n<div class=\"gallery-icon landscape\"><a title=\"\" href=\"https:\/\/oikon.hr\/cms\/wp-content\/uploads\/2018\/06\/Davor.jpg\" data-rl_title=\"\" data-rl_caption=\"\" data-rel=\"lightbox-gallery-bGlnaHRib3gtZ2FsbGVyeS0y\" data-rl_title=\"\" data-rl_caption=\"\" data-slimstat=\"5\"><img loading=\"lazy\" decoding=\"async\" class=\"attachment-wordpress-medium-gallery size-wordpress-medium-gallery rl-gallery-link\" src=\"https:\/\/oikon.hr\/cms\/wp-content\/uploads\/2018\/06\/Davor-500x250.jpg\" alt=\"\" width=\"500\" height=\"250\" aria-describedby=\"gallery-2-2058\" \/><\/a><\/div>\n<\/figure>\n<figure class=\"gallery-item\">\n<div class=\"gallery-icon landscape\"><a title=\"\" href=\"https:\/\/oikon.hr\/cms\/wp-content\/uploads\/2018\/06\/Berta2.jpg\" data-rl_title=\"\" data-rl_caption=\"\" data-rel=\"lightbox-gallery-bGlnaHRib3gtZ2FsbGVyeS0y\" data-rl_title=\"\" data-rl_caption=\"\" data-slimstat=\"5\"><img loading=\"lazy\" decoding=\"async\" class=\"attachment-wordpress-medium-gallery size-wordpress-medium-gallery rl-gallery-link\" src=\"https:\/\/oikon.hr\/cms\/wp-content\/uploads\/2018\/06\/Berta2-500x250.jpg\" alt=\"\" width=\"500\" height=\"250\" aria-describedby=\"gallery-2-2057\" \/><\/a><\/div>\n<\/figure>\n<\/div>\n","protected":false},"excerpt":{"rendered":"<p>8. lipnja 2018.\u00a0\u2212 Ovog je tjedna u Zagrebu odr\u017eana tre\u0107a me\u0111unarodna znanstvena i stru\u010dna konferencija \u201cPrirodni resursi, zelena tehnologija i odr\u017eivi razvoj \/ 3-GREEN2018\u201d s ciljem okupljanja vode\u0107ih me\u0111unarodnih stru\u010dnjaka iz tog podru\u010dja kako bi predstavili najnovija dostignu\u0107a, podijelili svoja iskustva i raspravljali o izazovima. I Oikonovi su stru\u010dnjaci sudjelovali na konferenciji te su odr\u017eali &hellip; <a href=\"https:\/\/oikon.hr\/hr\/medunarodna-konferencija-3-green2018\/\">Saznajte vi\u0161e<\/a><\/p>\n","protected":false},"author":2,"featured_media":2580,"comment_status":"open","ping_status":"open","sticky":false,"template":"","format":"standard","meta":{"_acf_changed":false,"footnotes":""},"categories":[798],"tags":[924,88,55,770,412,835],"class_list":["post-2583","post","type-post","status-publish","format-standard","has-post-thumbnail","hentry","category-vijesti","tag-3-green2018","tag-alen-berta","tag-davor-korman","tag-konferencija","tag-nela-jantol","tag-oikon-hr"],"acf":[],"yoast_head":"<!-- This site is optimized with the Yoast SEO plugin v27.0 - https:\/\/yoast.com\/product\/yoast-seo-wordpress\/ -->\n<title>Me\u0111unarodna konferencija 3-GREEN2018 &#8211; Oikon d.o.o.<\/title>\n<meta name=\"description\" content=\"8. lipnja 2018.\u00a0\u2212 Ovog je tjedna u Zagrebu odr\u017eana tre\u0107a me\u0111unarodna znanstvena i stru\u010dna konferencija \u201cPrirodni resursi, zelena tehnologija i odr\u017eivi\" \/>\n<meta name=\"robots\" content=\"index, follow, max-snippet:-1, max-image-preview:large, max-video-preview:-1\" \/>\n<link rel=\"canonical\" href=\"https:\/\/oikon.hr\/hr\/medunarodna-konferencija-3-green2018\/\" \/>\n<meta property=\"og:locale\" content=\"hr_HR\" \/>\n<meta property=\"og:type\" content=\"article\" \/>\n<meta property=\"og:title\" content=\"Me\u0111unarodna konferencija 3-GREEN2018 &#8211; Oikon d.o.o.\" \/>\n<meta property=\"og:description\" content=\"8. lipnja 2018.\u00a0\u2212 Ovog je tjedna u Zagrebu odr\u017eana tre\u0107a me\u0111unarodna znanstvena i stru\u010dna konferencija \u201cPrirodni resursi, zelena tehnologija i odr\u017eivi\" \/>\n<meta property=\"og:url\" content=\"https:\/\/oikon.hr\/hr\/medunarodna-konferencija-3-green2018\/\" \/>\n<meta property=\"og:site_name\" content=\"Oikon d.o.o.\" \/>\n<meta property=\"article:publisher\" content=\"http:\/\/www.facebook.com\/OikonLtd\/\" \/>\n<meta property=\"article:published_time\" content=\"2018-06-08T15:21:39+00:00\" \/>\n<meta property=\"article:modified_time\" content=\"2018-06-13T15:22:59+00:00\" \/>\n<meta property=\"og:image\" content=\"https:\/\/oikon.hr\/cms\/wp-content\/uploads\/2018\/06\/green-2018.jpg\" \/>\n\t<meta property=\"og:image:width\" content=\"323\" \/>\n\t<meta property=\"og:image:height\" content=\"357\" \/>\n\t<meta property=\"og:image:type\" content=\"image\/jpeg\" \/>\n<meta name=\"author\" content=\"oikonadministracija\" \/>\n<meta name=\"twitter:card\" content=\"summary_large_image\" \/>\n<meta name=\"twitter:creator\" content=\"@OikonLtd\" \/>\n<meta name=\"twitter:site\" content=\"@OikonLtd\" \/>\n<meta name=\"twitter:label1\" content=\"Written by\" \/>\n\t<meta name=\"twitter:data1\" content=\"oikonadministracija\" \/>\n\t<meta name=\"twitter:label2\" content=\"Est. reading time\" \/>\n\t<meta name=\"twitter:data2\" content=\"1 minute\" \/>\n<script type=\"application\/ld+json\" class=\"yoast-schema-graph\">{\"@context\":\"https:\/\/schema.org\",\"@graph\":[{\"@type\":\"Article\",\"@id\":\"https:\/\/oikon.hr\/hr\/medunarodna-konferencija-3-green2018\/#article\",\"isPartOf\":{\"@id\":\"https:\/\/oikon.hr\/hr\/medunarodna-konferencija-3-green2018\/\"},\"author\":{\"name\":\"oikonadministracija\",\"@id\":\"https:\/\/oikon.hr\/#\/schema\/person\/4fb14a46c1071083d5de459c14a82f7c\"},\"headline\":\"Me\u0111unarodna konferencija 3-GREEN2018\",\"datePublished\":\"2018-06-08T15:21:39+00:00\",\"dateModified\":\"2018-06-13T15:22:59+00:00\",\"mainEntityOfPage\":{\"@id\":\"https:\/\/oikon.hr\/hr\/medunarodna-konferencija-3-green2018\/\"},\"wordCount\":148,\"commentCount\":0,\"publisher\":{\"@id\":\"https:\/\/oikon.hr\/#organization\"},\"image\":{\"@id\":\"https:\/\/oikon.hr\/hr\/medunarodna-konferencija-3-green2018\/#primaryimage\"},\"thumbnailUrl\":\"https:\/\/oikon.hr\/cms\/wp-content\/uploads\/2018\/06\/green-2018.jpg\",\"keywords\":[\"3-green2018\",\"Alen Berta\",\"Davor Korman\",\"konferencija\",\"Nela Jantol\",\"oikon\"],\"articleSection\":[\"VIJESTI\"],\"inLanguage\":\"hr-HR\",\"potentialAction\":[{\"@type\":\"CommentAction\",\"name\":\"Comment\",\"target\":[\"https:\/\/oikon.hr\/hr\/medunarodna-konferencija-3-green2018\/#respond\"]}]},{\"@type\":\"WebPage\",\"@id\":\"https:\/\/oikon.hr\/hr\/medunarodna-konferencija-3-green2018\/\",\"url\":\"https:\/\/oikon.hr\/hr\/medunarodna-konferencija-3-green2018\/\",\"name\":\"Me\u0111unarodna konferencija 3-GREEN2018 &#8211; Oikon d.o.o.\",\"isPartOf\":{\"@id\":\"https:\/\/oikon.hr\/#website\"},\"primaryImageOfPage\":{\"@id\":\"https:\/\/oikon.hr\/hr\/medunarodna-konferencija-3-green2018\/#primaryimage\"},\"image\":{\"@id\":\"https:\/\/oikon.hr\/hr\/medunarodna-konferencija-3-green2018\/#primaryimage\"},\"thumbnailUrl\":\"https:\/\/oikon.hr\/cms\/wp-content\/uploads\/2018\/06\/green-2018.jpg\",\"datePublished\":\"2018-06-08T15:21:39+00:00\",\"dateModified\":\"2018-06-13T15:22:59+00:00\",\"description\":\"8. lipnja 2018.\u00a0\u2212 Ovog je tjedna u Zagrebu odr\u017eana tre\u0107a me\u0111unarodna znanstvena i stru\u010dna konferencija \u201cPrirodni resursi, zelena tehnologija i odr\u017eivi\",\"breadcrumb\":{\"@id\":\"https:\/\/oikon.hr\/hr\/medunarodna-konferencija-3-green2018\/#breadcrumb\"},\"inLanguage\":\"hr-HR\",\"potentialAction\":[{\"@type\":\"ReadAction\",\"target\":[\"https:\/\/oikon.hr\/hr\/medunarodna-konferencija-3-green2018\/\"]}]},{\"@type\":\"ImageObject\",\"inLanguage\":\"hr-HR\",\"@id\":\"https:\/\/oikon.hr\/hr\/medunarodna-konferencija-3-green2018\/#primaryimage\",\"url\":\"https:\/\/oikon.hr\/cms\/wp-content\/uploads\/2018\/06\/green-2018.jpg\",\"contentUrl\":\"https:\/\/oikon.hr\/cms\/wp-content\/uploads\/2018\/06\/green-2018.jpg\",\"width\":323,\"height\":357},{\"@type\":\"BreadcrumbList\",\"@id\":\"https:\/\/oikon.hr\/hr\/medunarodna-konferencija-3-green2018\/#breadcrumb\",\"itemListElement\":[{\"@type\":\"ListItem\",\"position\":1,\"name\":\"\",\"item\":\"https:\/\/oikon.hr\/hr\/\"},{\"@type\":\"ListItem\",\"position\":2,\"name\":\"VIJESTI\",\"item\":\"https:\/\/oikon.hr\/hr\/topic\/vijesti\/\"},{\"@type\":\"ListItem\",\"position\":3,\"name\":\"Me\u0111unarodna konferencija 3-GREEN2018\"}]},{\"@type\":\"WebSite\",\"@id\":\"https:\/\/oikon.hr\/#website\",\"url\":\"https:\/\/oikon.hr\/\",\"name\":\"Oikon d.o.o.\",\"description\":\"Institut za primijenjenu ekologiju\",\"publisher\":{\"@id\":\"https:\/\/oikon.hr\/#organization\"},\"alternateName\":\"OIKON\",\"potentialAction\":[{\"@type\":\"SearchAction\",\"target\":{\"@type\":\"EntryPoint\",\"urlTemplate\":\"https:\/\/oikon.hr\/?s={search_term_string}\"},\"query-input\":{\"@type\":\"PropertyValueSpecification\",\"valueRequired\":true,\"valueName\":\"search_term_string\"}}],\"inLanguage\":\"hr-HR\"},{\"@type\":\"Organization\",\"@id\":\"https:\/\/oikon.hr\/#organization\",\"name\":\"Oikon d.o.o. - Institut za primijenjenu ekologiju\",\"alternateName\":\"OIKON\",\"url\":\"https:\/\/oikon.hr\/\",\"logo\":{\"@type\":\"ImageObject\",\"inLanguage\":\"hr-HR\",\"@id\":\"https:\/\/oikon.hr\/#\/schema\/logo\/image\/\",\"url\":\"https:\/\/oikon.hr\/cms\/wp-content\/uploads\/2021\/01\/OIKON_R_logo_transparent.png\",\"contentUrl\":\"https:\/\/oikon.hr\/cms\/wp-content\/uploads\/2021\/01\/OIKON_R_logo_transparent.png\",\"width\":1660,\"height\":541,\"caption\":\"Oikon d.o.o. - Institut za primijenjenu ekologiju\"},\"image\":{\"@id\":\"https:\/\/oikon.hr\/#\/schema\/logo\/image\/\"},\"sameAs\":[\"http:\/\/www.facebook.com\/OikonLtd\/\",\"https:\/\/x.com\/OikonLtd\",\"https:\/\/www.instagram.com\/oikon_ltd\/\",\"https:\/\/www.linkedin.com\/company\/oikon---institute-for-applied-technology\/\",\"https:\/\/www.youtube.com\/channel\/UCu_eJ0ct90AEN8D85KWcRHQ\"]},{\"@type\":\"Person\",\"@id\":\"https:\/\/oikon.hr\/#\/schema\/person\/4fb14a46c1071083d5de459c14a82f7c\",\"name\":\"oikonadministracija\",\"image\":{\"@type\":\"ImageObject\",\"inLanguage\":\"hr-HR\",\"@id\":\"https:\/\/oikon.hr\/#\/schema\/person\/image\/\",\"url\":\"https:\/\/secure.gravatar.com\/avatar\/e247aba33e5428fc6a24bbca24b92af36ceafa9a824508df7d1d40391c5f0748?s=96&d=mm&r=g\",\"contentUrl\":\"https:\/\/secure.gravatar.com\/avatar\/e247aba33e5428fc6a24bbca24b92af36ceafa9a824508df7d1d40391c5f0748?s=96&d=mm&r=g\",\"caption\":\"oikonadministracija\"},\"url\":\"https:\/\/oikon.hr\/hr\/author\/oikonadministracija\/\"}]}<\/script>\n<!-- \/ Yoast SEO plugin. -->","yoast_head_json":{"title":"Me\u0111unarodna konferencija 3-GREEN2018 &#8211; Oikon d.o.o.","description":"8. lipnja 2018.\u00a0\u2212 Ovog je tjedna u Zagrebu odr\u017eana tre\u0107a me\u0111unarodna znanstvena i stru\u010dna konferencija \u201cPrirodni resursi, zelena tehnologija i odr\u017eivi","robots":{"index":"index","follow":"follow","max-snippet":"max-snippet:-1","max-image-preview":"max-image-preview:large","max-video-preview":"max-video-preview:-1"},"canonical":"https:\/\/oikon.hr\/hr\/medunarodna-konferencija-3-green2018\/","og_locale":"hr_HR","og_type":"article","og_title":"Me\u0111unarodna konferencija 3-GREEN2018 &#8211; Oikon d.o.o.","og_description":"8. lipnja 2018.\u00a0\u2212 Ovog je tjedna u Zagrebu odr\u017eana tre\u0107a me\u0111unarodna znanstvena i stru\u010dna konferencija \u201cPrirodni resursi, zelena tehnologija i odr\u017eivi","og_url":"https:\/\/oikon.hr\/hr\/medunarodna-konferencija-3-green2018\/","og_site_name":"Oikon d.o.o.","article_publisher":"http:\/\/www.facebook.com\/OikonLtd\/","article_published_time":"2018-06-08T15:21:39+00:00","article_modified_time":"2018-06-13T15:22:59+00:00","og_image":[{"width":323,"height":357,"url":"https:\/\/oikon.hr\/cms\/wp-content\/uploads\/2018\/06\/green-2018.jpg","type":"image\/jpeg"}],"author":"oikonadministracija","twitter_card":"summary_large_image","twitter_creator":"@OikonLtd","twitter_site":"@OikonLtd","twitter_misc":{"Written by":"oikonadministracija","Est. reading time":"1 minute"},"schema":{"@context":"https:\/\/schema.org","@graph":[{"@type":"Article","@id":"https:\/\/oikon.hr\/hr\/medunarodna-konferencija-3-green2018\/#article","isPartOf":{"@id":"https:\/\/oikon.hr\/hr\/medunarodna-konferencija-3-green2018\/"},"author":{"name":"oikonadministracija","@id":"https:\/\/oikon.hr\/#\/schema\/person\/4fb14a46c1071083d5de459c14a82f7c"},"headline":"Me\u0111unarodna konferencija 3-GREEN2018","datePublished":"2018-06-08T15:21:39+00:00","dateModified":"2018-06-13T15:22:59+00:00","mainEntityOfPage":{"@id":"https:\/\/oikon.hr\/hr\/medunarodna-konferencija-3-green2018\/"},"wordCount":148,"commentCount":0,"publisher":{"@id":"https:\/\/oikon.hr\/#organization"},"image":{"@id":"https:\/\/oikon.hr\/hr\/medunarodna-konferencija-3-green2018\/#primaryimage"},"thumbnailUrl":"https:\/\/oikon.hr\/cms\/wp-content\/uploads\/2018\/06\/green-2018.jpg","keywords":["3-green2018","Alen Berta","Davor Korman","konferencija","Nela Jantol","oikon"],"articleSection":["VIJESTI"],"inLanguage":"hr-HR","potentialAction":[{"@type":"CommentAction","name":"Comment","target":["https:\/\/oikon.hr\/hr\/medunarodna-konferencija-3-green2018\/#respond"]}]},{"@type":"WebPage","@id":"https:\/\/oikon.hr\/hr\/medunarodna-konferencija-3-green2018\/","url":"https:\/\/oikon.hr\/hr\/medunarodna-konferencija-3-green2018\/","name":"Me\u0111unarodna konferencija 3-GREEN2018 &#8211; Oikon d.o.o.","isPartOf":{"@id":"https:\/\/oikon.hr\/#website"},"primaryImageOfPage":{"@id":"https:\/\/oikon.hr\/hr\/medunarodna-konferencija-3-green2018\/#primaryimage"},"image":{"@id":"https:\/\/oikon.hr\/hr\/medunarodna-konferencija-3-green2018\/#primaryimage"},"thumbnailUrl":"https:\/\/oikon.hr\/cms\/wp-content\/uploads\/2018\/06\/green-2018.jpg","datePublished":"2018-06-08T15:21:39+00:00","dateModified":"2018-06-13T15:22:59+00:00","description":"8. lipnja 2018.\u00a0\u2212 Ovog je tjedna u Zagrebu odr\u017eana tre\u0107a me\u0111unarodna znanstvena i stru\u010dna konferencija \u201cPrirodni resursi, zelena tehnologija i odr\u017eivi","breadcrumb":{"@id":"https:\/\/oikon.hr\/hr\/medunarodna-konferencija-3-green2018\/#breadcrumb"},"inLanguage":"hr-HR","potentialAction":[{"@type":"ReadAction","target":["https:\/\/oikon.hr\/hr\/medunarodna-konferencija-3-green2018\/"]}]},{"@type":"ImageObject","inLanguage":"hr-HR","@id":"https:\/\/oikon.hr\/hr\/medunarodna-konferencija-3-green2018\/#primaryimage","url":"https:\/\/oikon.hr\/cms\/wp-content\/uploads\/2018\/06\/green-2018.jpg","contentUrl":"https:\/\/oikon.hr\/cms\/wp-content\/uploads\/2018\/06\/green-2018.jpg","width":323,"height":357},{"@type":"BreadcrumbList","@id":"https:\/\/oikon.hr\/hr\/medunarodna-konferencija-3-green2018\/#breadcrumb","itemListElement":[{"@type":"ListItem","position":1,"name":"","item":"https:\/\/oikon.hr\/hr\/"},{"@type":"ListItem","position":2,"name":"VIJESTI","item":"https:\/\/oikon.hr\/hr\/topic\/vijesti\/"},{"@type":"ListItem","position":3,"name":"Me\u0111unarodna konferencija 3-GREEN2018"}]},{"@type":"WebSite","@id":"https:\/\/oikon.hr\/#website","url":"https:\/\/oikon.hr\/","name":"Oikon d.o.o.","description":"Institut za primijenjenu ekologiju","publisher":{"@id":"https:\/\/oikon.hr\/#organization"},"alternateName":"OIKON","potentialAction":[{"@type":"SearchAction","target":{"@type":"EntryPoint","urlTemplate":"https:\/\/oikon.hr\/?s={search_term_string}"},"query-input":{"@type":"PropertyValueSpecification","valueRequired":true,"valueName":"search_term_string"}}],"inLanguage":"hr-HR"},{"@type":"Organization","@id":"https:\/\/oikon.hr\/#organization","name":"Oikon d.o.o. - Institut za primijenjenu ekologiju","alternateName":"OIKON","url":"https:\/\/oikon.hr\/","logo":{"@type":"ImageObject","inLanguage":"hr-HR","@id":"https:\/\/oikon.hr\/#\/schema\/logo\/image\/","url":"https:\/\/oikon.hr\/cms\/wp-content\/uploads\/2021\/01\/OIKON_R_logo_transparent.png","contentUrl":"https:\/\/oikon.hr\/cms\/wp-content\/uploads\/2021\/01\/OIKON_R_logo_transparent.png","width":1660,"height":541,"caption":"Oikon d.o.o. - Institut za primijenjenu ekologiju"},"image":{"@id":"https:\/\/oikon.hr\/#\/schema\/logo\/image\/"},"sameAs":["http:\/\/www.facebook.com\/OikonLtd\/","https:\/\/x.com\/OikonLtd","https:\/\/www.instagram.com\/oikon_ltd\/","https:\/\/www.linkedin.com\/company\/oikon---institute-for-applied-technology\/","https:\/\/www.youtube.com\/channel\/UCu_eJ0ct90AEN8D85KWcRHQ"]},{"@type":"Person","@id":"https:\/\/oikon.hr\/#\/schema\/person\/4fb14a46c1071083d5de459c14a82f7c","name":"oikonadministracija","image":{"@type":"ImageObject","inLanguage":"hr-HR","@id":"https:\/\/oikon.hr\/#\/schema\/person\/image\/","url":"https:\/\/secure.gravatar.com\/avatar\/e247aba33e5428fc6a24bbca24b92af36ceafa9a824508df7d1d40391c5f0748?s=96&d=mm&r=g","contentUrl":"https:\/\/secure.gravatar.com\/avatar\/e247aba33e5428fc6a24bbca24b92af36ceafa9a824508df7d1d40391c5f0748?s=96&d=mm&r=g","caption":"oikonadministracija"},"url":"https:\/\/oikon.hr\/hr\/author\/oikonadministracija\/"}]}},"_links":{"self":[{"href":"https:\/\/oikon.hr\/hr\/wp-json\/wp\/v2\/posts\/2583","targetHints":{"allow":["GET"]}}],"collection":[{"href":"https:\/\/oikon.hr\/hr\/wp-json\/wp\/v2\/posts"}],"about":[{"href":"https:\/\/oikon.hr\/hr\/wp-json\/wp\/v2\/types\/post"}],"author":[{"embeddable":true,"href":"https:\/\/oikon.hr\/hr\/wp-json\/wp\/v2\/users\/2"}],"replies":[{"embeddable":true,"href":"https:\/\/oikon.hr\/hr\/wp-json\/wp\/v2\/comments?post=2583"}],"version-history":[{"count":0,"href":"https:\/\/oikon.hr\/hr\/wp-json\/wp\/v2\/posts\/2583\/revisions"}],"wp:featuredmedia":[{"embeddable":true,"href":"https:\/\/oikon.hr\/hr\/wp-json\/wp\/v2\/media\/2580"}],"wp:attachment":[{"href":"https:\/\/oikon.hr\/hr\/wp-json\/wp\/v2\/media?parent=2583"}],"wp:term":[{"taxonomy":"category","embeddable":true,"href":"https:\/\/oikon.hr\/hr\/wp-json\/wp\/v2\/categories?post=2583"},{"taxonomy":"post_tag","embeddable":true,"href":"https:\/\/oikon.hr\/hr\/wp-json\/wp\/v2\/tags?post=2583"}],"curies":[{"name":"wp","href":"https:\/\/api.w.org\/{rel}","templated":true}]}}