{"id":2656,"date":"2018-07-11T12:20:29","date_gmt":"2018-07-11T10:20:29","guid":{"rendered":"https:\/\/oikon.hr\/anthropogenic-influence-on-land-macrofauna-with-focus-on-protected-taxa-in-the-republic-of-croatia\/"},"modified":"2018-07-11T12:28:56","modified_gmt":"2018-07-11T10:28:56","slug":"anthropogenic-influence-on-land-macrofauna-with-focus-on-protected-taxa-in-the-republic-of-croatia","status":"publish","type":"post","link":"https:\/\/oikon.hr\/hr\/anthropogenic-influence-on-land-macrofauna-with-focus-on-protected-taxa-in-the-republic-of-croatia\/","title":{"rendered":"Antropogeni utjecaj na kopnenu makrofaunu s te\u017ei\u0161tem na za\u0161ti\u0107ene svojte u Republici Hrvatskoj"},"content":{"rendered":"<p style=\"text-align: justify;\">U posljednjih dvadesetak godina u Hrvatskoj su se dogodile velike promjene u stani\u0161tima kopnene faune. Najzna\u010dajnije su mre\u017ea prometnica, a posebice autoceste, koje fragmentiraju stani\u0161ta te ote\u017eavaju migracije ali i direktno utje\u010du na mortalitet kopnene faune stradavanjem od prometa, odlagali\u0161ta otpada koja neke vrste gotovo redovito posje\u0107uju te tamo nalaze dodatni izvor hrane, vjetroelektrane, akumulacije, retencije i dr. Navedene antropogene aktivnosti direktno utje\u010du na brojnost pojedinih populacija kopnene makrofaune nadzemnih i podzemnih stani\u0161ta.<\/p>\n<p style=\"text-align: justify;\">Hipoteza projekta je da ve\u0107ina navedenih antropogenih djelovanja ima negativni utjecaj na populacije kopnene makrofaune u Hrvatskoj, a posebice na za\u0161ti\u0107ene svojte. Glavna pitanja na koja projekt \u017eeli odgovoriti su:<\/p>\n<p style=\"text-align: justify;\">1) koliki je utjecaj mre\u017ea prometnica na smanjenje mogu\u0107nosti migracija kopnene makrofaune te procjena toga utjecaja na stabilnost njihovih populacija. To se prvenstveno odnosi na herpetofaunu, ornitofaunu, te faunu srednjih i velikih sisavaca, posebice velikih zvijeri koje imaju velika podru\u010dja kretanja.<\/p>\n<p style=\"text-align: justify;\">2) koliki je utjecaj odlagali\u0161ta otpada na brojnost populacija te u\u010destalost patolo\u0161kih pojava u pojedinih taksonomskih skupina kopnene makofaune s te\u017ei\u0161tem na za\u0161ti\u0107ene svojte,<\/p>\n<p style=\"text-align: justify;\">3) koliki je utjecaj vjetroelektrana na mortalitet ornitofaune, faune \u0161i\u0161mi\u0161a \u010diji su svi predstavnici pod odre\u0111enim stupnjem za\u0161tite te utjecaja na velike zvijeri koje vrlo \u010desto na takvim podru\u010djima imaju svoje brlo\u017ei\u0161ta.<\/p>\n<p style=\"text-align: justify;\">Op\u0107a svrha predlo\u017eenog istra\u017eivanja je o\u010duvanje stabilnih populacija kopnene makrofaune u Hrvatskoj, a time i op\u0107enito sada\u0161njeg, visokog stupnja biolo\u0161ke raznolikosti. Odr\u017eavanje tih populacija stabilnim va\u017eno je iz ekolo\u0161kih, gospodarskih i eti\u010dkih razloga, a i obveza je s obzirom na me\u0111unarodne konvencije i druge akte kojih je Hrvatska potpisnica. Rezultati ovog projekta dat \u0107e podlogu i drugim faunisti\u010dkim istra\u017eivanjima kao osnove za izradu kvalitetnog programa odr\u017eivog razvitka.<\/p>\n<div id='gallery-1' class='gallery galleryid-2656 gallery-columns-4 gallery-size-wordpress-medium-gallery'><figure class='gallery-item'>\n\t\t\t<div class='gallery-icon landscape'>\n\t\t\t\t<a href='https:\/\/oikon.hr\/cms\/wp-content\/uploads\/2017\/07\/overpass.jpg' title=\"\" data-rl_title=\"\" class=\"rl-gallery-link\" data-rl_caption=\"\" data-rel=\"lightbox-gallery-1\"><img loading=\"lazy\" decoding=\"async\" width=\"500\" height=\"250\" src=\"https:\/\/oikon.hr\/cms\/wp-content\/uploads\/2017\/07\/overpass-500x250.jpg\" class=\"attachment-wordpress-medium-gallery size-wordpress-medium-gallery\" alt=\"\" \/><\/a>\n\t\t\t<\/div><\/figure><figure class='gallery-item'>\n\t\t\t<div class='gallery-icon portrait'>\n\t\t\t\t<a href='https:\/\/oikon.hr\/cms\/wp-content\/uploads\/2018\/07\/DSC_0060.jpg' title=\"\" data-rl_title=\"\" class=\"rl-gallery-link\" data-rl_caption=\"\" data-rel=\"lightbox-gallery-1\"><img loading=\"lazy\" decoding=\"async\" width=\"500\" height=\"250\" src=\"https:\/\/oikon.hr\/cms\/wp-content\/uploads\/2018\/07\/DSC_0060-500x250.jpg\" class=\"attachment-wordpress-medium-gallery size-wordpress-medium-gallery\" alt=\"\" \/><\/a>\n\t\t\t<\/div><\/figure><figure class='gallery-item'>\n\t\t\t<div class='gallery-icon landscape'>\n\t\t\t\t<a href='https:\/\/oikon.hr\/cms\/wp-content\/uploads\/2018\/07\/P1010036.jpg' title=\"\" data-rl_title=\"\" class=\"rl-gallery-link\" data-rl_caption=\"\" data-rel=\"lightbox-gallery-1\"><img loading=\"lazy\" decoding=\"async\" width=\"500\" height=\"250\" src=\"https:\/\/oikon.hr\/cms\/wp-content\/uploads\/2018\/07\/P1010036-500x250.jpg\" class=\"attachment-wordpress-medium-gallery size-wordpress-medium-gallery\" alt=\"\" \/><\/a>\n\t\t\t<\/div><\/figure><figure class='gallery-item'>\n\t\t\t<div class='gallery-icon landscape'>\n\t\t\t\t<a href='https:\/\/oikon.hr\/cms\/wp-content\/uploads\/2018\/04\/jelinak_galeria6.jpg' title=\"\" data-rl_title=\"\" class=\"rl-gallery-link\" data-rl_caption=\"\" data-rel=\"lightbox-gallery-1\"><img loading=\"lazy\" decoding=\"async\" width=\"500\" height=\"250\" src=\"https:\/\/oikon.hr\/cms\/wp-content\/uploads\/2018\/04\/jelinak_galeria6-500x250.jpg\" class=\"attachment-wordpress-medium-gallery size-wordpress-medium-gallery\" alt=\"\" \/><\/a>\n\t\t\t<\/div><\/figure>\n\t\t<\/div>\n\n<p style=\"text-align: justify;\">U okviru tog programa provo\u0111eni su sljede\u0107i projekti:<\/p>\n<ol style=\"text-align: justify;\">\n<li>2015 \u2013 2016 \u2013 Monitoring propusnosti autoceste za \u017eivotinje, Naru\u010ditelj: HAC ONC d.o.o.<\/li>\n<li>2014 \u2013 2015 \u2013 Monitoring propusnosti autoceste za \u017eivotinje, Naru\u010ditelj: HAC ONC d.o.o.<\/li>\n<li>2014 \u2013 2015 \u2013 Pra\u0107enje u\u010destalosti prolaza divljih \u017eivotinja ispod vijadukta Ra\u0161\u0107ane, Naru\u010ditelj: HAC ONC d.o.o.<\/li>\n<li>2013 \u20132016 Istra\u017eivanje i monitoring vukova u PP Biokovo, Naru\u010ditelj JU PP Biokovo<\/li>\n<li>2013 \u2013 2014 \u2013 Monitoring propusnosti autoceste za \u017eivotinje, Naru\u010ditelj: HAC ONC d.o.o.<\/li>\n<li>2012 \u2013 Studija utjecaja na okoli\u0161 za VE Fu\u017eine, Naru\u010ditelj: Prodomo d.o.o.<\/li>\n<li>2011 \u2013 2015 Pra\u0107enje utjecaja odlagali\u0161ta otpada na populaciju \u010dagljeva (<em>Canis aureus<\/em>) u Parku prirode Lonjsko polje, Naru\u010ditelj: JU PP Lonjsko polje<\/li>\n<li>2009 \u2013 Monitoring za\u0161ti\u0107enih \u017eivotinjskih vrsta na podru\u010dju Dravskih ritova, autocesta Beli Manastir \u2013 Osijek \u2013 Svilaj \u2013 Plo\u010de, dionica Beli Manastir \u2013 Osijek, Naru\u010ditelj: Hrvatske autoceste d.o.o.<\/li>\n<li>2009 \u2013 Monitoring voda, zraka, buke, propusnosti autoceste za \u017eivotinje, \u0161umskih ekosustava, tla i ihtiofaune, Naru\u010ditelj: Hrvatske autoceste d.o.o.<\/li>\n<li>2008 \u2013 2011 \u2013 Monitoring prijelaza divlja\u010di na trasi II., III. i IV. dijela plinovodnog sustava Like i Dalmacije, Naru\u010ditelj: Plinacro d.o.o.<\/li>\n<li>2008 \u2013 2009 &#8211; Monitoring i izrada studije propusnosti prijelaza i prolaza za \u017eivotinje na autocesti Zagreb \u2013 Split \u2013 Dubrovnik, dionica Bosiljevo \u2013 \u0160estanovac, Naru\u010ditelj: Hrvatske autoceste d.o.o. (voditelj stru\u010dnog tima, \u010dlan stru\u010dnog tima)<\/li>\n<li>2008 \u2013 2009 &#8211; Monitoring dabra na podru\u010dju \u0161ume \u017dutica kraj Ivani\u0107-Grada (tijekom godine dana), Naru\u010ditelj: Grad Ivani\u0107-Grad (\u010dlan stru\u010dnog tima)<\/li>\n<li>2008 \u2013 2009 &#8211; Utvr\u0111ivanje i prijedlog mjera za smanjenje antropogenih utjecaja na populaciju kopnenih zvjeri u Hrvatskoj, Naru\u010ditelj: Fond za za\u0161titu okoli\u0161a i energetsku u\u010dinkovitost (voditelj stru\u010dnog tima, \u010dlan stru\u010dnog tima)<\/li>\n<\/ol>\n<p style=\"text-align: justify;\">Znanstveni i stru\u010dni \u010dlanci objavljeni u okviru tog programa:<\/p>\n<ol style=\"text-align: justify;\">\n<li>Huber \u0110, Gu\u017evica G (2011) Recent brown bear biology as a tool to study the cave bear. In: To\u0161kan B. ed. Fragments of Ice Age environments: Proceedings in honour of Ivan Turk\u2019s jubilee. Ljubljana: In\u0161titut za arheologijo ZRC SAZU, Zalo\u017eba ZRC, (Opera Instituti Archaeologici Sloveniae 21), 139-155.<\/li>\n<li>Gomer\u010di\u0107 T., Gu\u017evica G., \u0110uras-Gomer\u010di\u0107 M., Frkovi\u0107 A., Pavlovi\u0107 D., Kusak J., Sindi\u010di\u0107 M., Huber \u0110. (2009): Variation in teeth number, teeth and skull disorders in Eurasian lynx, Lynx lynx from Croatia.- Folia Zool. 58(1): 57-65.<\/li>\n<li>Gu\u017evica G, Bo\u0161njak I, Bielen A, Babi\u0107 D, Radanovi\u0107-Gu\u017evica B, \u0160ver L (2014) Comparative Analysis of Three Different Methods for Monitoring the Use of Green Bridges by Wildlife. PLoS ONE 9(8): e106194. doi:10.1371\/journal.pone.0106194<\/li>\n<li>Jelaska S.D., Nikoli\u0107 T., \u0160eri\u0107-Jelaska L., Ku\u0161an V., Peternel H., Gu\u017evica G., Major Z.(2010): Biodiversity Analyses in Dalmatia (Croatia): A Complementary Approach Using Diversity and Rarity.- Environmental Management.<\/li>\n<li>Kusak, J., Huber, \u0110., Gomer\u010di\u0107, T., Schwaderer, G., Gu\u017evica, G. (2009): The permeability of highway in Gorski kotar (Croatia) for large mammals.- Eur J Wildl Res (2009) 55: 7-21.<\/li>\n<li>\u0160ver, L., Bielen, A., Kri\u017ean, J., Gu\u017evica, G. (2016): <a href=\"https:\/\/bib.irb.hr\/prikazi-rad?&amp;rad=817624\">Camera Traps on Wildlife Crossing Structures as a Tool in Gray Wolf (<em>Canis lupus<\/em>) Management &#8211; Five- Years Monitoring of Wolf Abundance Trends in Croatia<\/a>. <em>PLoS ONE<\/em>. 11(6): doi:10.1371\/journal.pone.0156748<\/li>\n<li>Antoni\u0107 O, Ku\u0161an V, Gu\u017evica G, Mesi\u0107 Z, Mazija M (2011) <a href=\"https:\/\/bib.irb.hr\/prikazi-rad?&amp;rad=588765\">Teledetekcija i geoinformatika u inventarizaciji biodiverziteta<\/a>. Za\u0161tita prirode u XXI vijeku &#8211; Zbornik referata, rezimea referata i poster prezentacija. Buli\u0107 Z (ur.). Sep 20-23, \u017dabljak, Montenegro. 901-901.<\/li>\n<li>Gu\u017evica G., Bo\u0161njak I, Bielen A., Babi\u0107 D., Radanovi\u0107-Gu\u017evica B., \u0160ver L. (2015) Analysis of methods for wildlife monitoring on green bridges. Book of Abstracts. 12th Croatian Biological Congress with International Participation. Sveti Martin na Muri, Croatia, September 18 \u2013 23, 2015. p 144. [Gu\u017evica, G., poster]<\/li>\n<li>Gu\u017evica G, Gabri\u0107 I., Protrka K., Grguri\u0107 Z., \u0160ver L. (2015) The research of wolves in the Nature Park Biokovo \u2013 preliminary results. Book of Abstracts. 12th Croatian Biological Congress with International Participation. Sveti Martin na Muri, Croatia, September 18 \u2013 23, 2015. p 145. [Gu\u017evica, G., poster]<\/li>\n<li>Gu\u017evica G, \u0160ver L (2012) Pra\u0107enje negativnog utjecaja izgradnje plinovodnog sustava na funkcionalnost zelenih mostova u Hrvatskoj \/ Monitoring of the negative impact of the gas pipeline construction on the functionality of green bridges in Croatia. Knjiga sa\u017eetaka, 11. Hrvatski biolo\u0161ki kongres, \u0160ibenik, Hrvatska, 16. &#8211; 21. 9. 2012. p. 214.<\/li>\n<li>Gu\u017evica G, Tomai\u0107 J, \u0160ver L (2012) Prvi rezultati istra\u017eivanja prisutnosti risa na podru\u010dju sjevernog Velebita metodom digitalnih fotozamki \/ The first results of lynx presence in the area of the northern Velebit using digital camera traps. Knjiga sa\u017eetaka, 11. Hrvatski biolo\u0161ki kongres \u0160ibenik, Hrvatska, 16. &#8211; 21. rujna 2012., 106-107.<\/li>\n<\/ol>\n<p style=\"text-align: justify;\">\n","protected":false},"excerpt":{"rendered":"<p>U posljednjih dvadesetak godina u Hrvatskoj su se dogodile velike promjene u stani\u0161tima kopnene faune. Najzna\u010dajnije su mre\u017ea prometnica, a posebice autoceste, koje fragmentiraju stani\u0161ta te ote\u017eavaju migracije ali i direktno utje\u010du na mortalitet kopnene faune stradavanjem od prometa, odlagali\u0161ta otpada koja neke vrste gotovo redovito posje\u0107uju te tamo nalaze dodatni izvor hrane, vjetroelektrane, akumulacije, &hellip; <a href=\"https:\/\/oikon.hr\/hr\/anthropogenic-influence-on-land-macrofauna-with-focus-on-protected-taxa-in-the-republic-of-croatia\/\">Saznajte vi\u0161e<\/a><\/p>\n","protected":false},"author":2,"featured_media":2640,"comment_status":"open","ping_status":"open","sticky":false,"template":"","format":"standard","meta":{"_acf_changed":false,"footnotes":""},"categories":[795,799],"tags":[936,940,886,835,939],"class_list":["post-2656","post","type-post","status-publish","format-standard","has-post-thumbnail","hentry","category-monitoring-okolisa-i-prirode","category-projekti","tag-anthropogenic-influence-hr","tag-antropogeni-utjecaj","tag-autoceste","tag-oikon-hr","tag-oikonz-hr"],"acf":[],"yoast_head":"<!-- This site is optimized with the Yoast SEO plugin v27.0 - https:\/\/yoast.com\/product\/yoast-seo-wordpress\/ -->\n<title>Antropogeni utjecaj na kopnenu makrofaunu s te\u017ei\u0161tem na za\u0161ti\u0107ene svojte u Republici Hrvatskoj &#8211; Oikon d.o.o.<\/title>\n<meta name=\"robots\" content=\"index, follow, max-snippet:-1, max-image-preview:large, max-video-preview:-1\" \/>\n<link rel=\"canonical\" href=\"https:\/\/oikon.hr\/hr\/anthropogenic-influence-on-land-macrofauna-with-focus-on-protected-taxa-in-the-republic-of-croatia\/\" \/>\n<meta property=\"og:locale\" content=\"hr_HR\" \/>\n<meta property=\"og:type\" content=\"article\" \/>\n<meta property=\"og:title\" content=\"Antropogeni utjecaj na kopnenu makrofaunu s te\u017ei\u0161tem na za\u0161ti\u0107ene svojte u Republici Hrvatskoj &#8211; Oikon d.o.o.\" \/>\n<meta property=\"og:url\" content=\"https:\/\/oikon.hr\/hr\/anthropogenic-influence-on-land-macrofauna-with-focus-on-protected-taxa-in-the-republic-of-croatia\/\" \/>\n<meta property=\"og:site_name\" content=\"Oikon d.o.o.\" \/>\n<meta property=\"article:publisher\" content=\"http:\/\/www.facebook.com\/OikonLtd\/\" \/>\n<meta property=\"article:published_time\" content=\"2018-07-11T10:20:29+00:00\" \/>\n<meta property=\"article:modified_time\" content=\"2018-07-11T10:28:56+00:00\" \/>\n<meta property=\"og:image\" content=\"https:\/\/oikon.hr\/cms\/wp-content\/uploads\/2018\/07\/DSC_0060.jpg\" \/>\n\t<meta property=\"og:image:width\" content=\"850\" \/>\n\t<meta property=\"og:image:height\" content=\"1309\" \/>\n\t<meta property=\"og:image:type\" content=\"image\/jpeg\" \/>\n<meta name=\"author\" content=\"oikonadministracija\" \/>\n<meta name=\"twitter:card\" content=\"summary_large_image\" \/>\n<meta name=\"twitter:creator\" content=\"@OikonLtd\" \/>\n<meta name=\"twitter:site\" content=\"@OikonLtd\" \/>\n<meta name=\"twitter:label1\" content=\"Written by\" \/>\n\t<meta name=\"twitter:data1\" content=\"oikonadministracija\" \/>\n\t<meta name=\"twitter:label2\" content=\"Est. reading time\" \/>\n\t<meta name=\"twitter:data2\" content=\"5 minutes\" \/>\n<script type=\"application\/ld+json\" class=\"yoast-schema-graph\">{\"@context\":\"https:\/\/schema.org\",\"@graph\":[{\"@type\":\"Article\",\"@id\":\"https:\/\/oikon.hr\/hr\/anthropogenic-influence-on-land-macrofauna-with-focus-on-protected-taxa-in-the-republic-of-croatia\/#article\",\"isPartOf\":{\"@id\":\"https:\/\/oikon.hr\/hr\/anthropogenic-influence-on-land-macrofauna-with-focus-on-protected-taxa-in-the-republic-of-croatia\/\"},\"author\":{\"name\":\"oikonadministracija\",\"@id\":\"https:\/\/oikon.hr\/#\/schema\/person\/4fb14a46c1071083d5de459c14a82f7c\"},\"headline\":\"Antropogeni utjecaj na kopnenu makrofaunu s te\u017ei\u0161tem na za\u0161ti\u0107ene svojte u Republici Hrvatskoj\",\"datePublished\":\"2018-07-11T10:20:29+00:00\",\"dateModified\":\"2018-07-11T10:28:56+00:00\",\"mainEntityOfPage\":{\"@id\":\"https:\/\/oikon.hr\/hr\/anthropogenic-influence-on-land-macrofauna-with-focus-on-protected-taxa-in-the-republic-of-croatia\/\"},\"wordCount\":1069,\"commentCount\":0,\"publisher\":{\"@id\":\"https:\/\/oikon.hr\/#organization\"},\"image\":{\"@id\":\"https:\/\/oikon.hr\/hr\/anthropogenic-influence-on-land-macrofauna-with-focus-on-protected-taxa-in-the-republic-of-croatia\/#primaryimage\"},\"thumbnailUrl\":\"https:\/\/oikon.hr\/cms\/wp-content\/uploads\/2018\/07\/DSC_0060.jpg\",\"keywords\":[\"anthropogenic influence\",\"antropogeni utjecaj\",\"autoceste\",\"oikon\",\"Oikon\u017e\"],\"articleSection\":[\"Monitoring okoli\u0161a i prirode\",\"PROJEKTI\"],\"inLanguage\":\"hr-HR\",\"potentialAction\":[{\"@type\":\"CommentAction\",\"name\":\"Comment\",\"target\":[\"https:\/\/oikon.hr\/hr\/anthropogenic-influence-on-land-macrofauna-with-focus-on-protected-taxa-in-the-republic-of-croatia\/#respond\"]}]},{\"@type\":\"WebPage\",\"@id\":\"https:\/\/oikon.hr\/hr\/anthropogenic-influence-on-land-macrofauna-with-focus-on-protected-taxa-in-the-republic-of-croatia\/\",\"url\":\"https:\/\/oikon.hr\/hr\/anthropogenic-influence-on-land-macrofauna-with-focus-on-protected-taxa-in-the-republic-of-croatia\/\",\"name\":\"Antropogeni utjecaj na kopnenu makrofaunu s te\u017ei\u0161tem na za\u0161ti\u0107ene svojte u Republici Hrvatskoj &#8211; Oikon d.o.o.\",\"isPartOf\":{\"@id\":\"https:\/\/oikon.hr\/#website\"},\"primaryImageOfPage\":{\"@id\":\"https:\/\/oikon.hr\/hr\/anthropogenic-influence-on-land-macrofauna-with-focus-on-protected-taxa-in-the-republic-of-croatia\/#primaryimage\"},\"image\":{\"@id\":\"https:\/\/oikon.hr\/hr\/anthropogenic-influence-on-land-macrofauna-with-focus-on-protected-taxa-in-the-republic-of-croatia\/#primaryimage\"},\"thumbnailUrl\":\"https:\/\/oikon.hr\/cms\/wp-content\/uploads\/2018\/07\/DSC_0060.jpg\",\"datePublished\":\"2018-07-11T10:20:29+00:00\",\"dateModified\":\"2018-07-11T10:28:56+00:00\",\"breadcrumb\":{\"@id\":\"https:\/\/oikon.hr\/hr\/anthropogenic-influence-on-land-macrofauna-with-focus-on-protected-taxa-in-the-republic-of-croatia\/#breadcrumb\"},\"inLanguage\":\"hr-HR\",\"potentialAction\":[{\"@type\":\"ReadAction\",\"target\":[\"https:\/\/oikon.hr\/hr\/anthropogenic-influence-on-land-macrofauna-with-focus-on-protected-taxa-in-the-republic-of-croatia\/\"]}]},{\"@type\":\"ImageObject\",\"inLanguage\":\"hr-HR\",\"@id\":\"https:\/\/oikon.hr\/hr\/anthropogenic-influence-on-land-macrofauna-with-focus-on-protected-taxa-in-the-republic-of-croatia\/#primaryimage\",\"url\":\"https:\/\/oikon.hr\/cms\/wp-content\/uploads\/2018\/07\/DSC_0060.jpg\",\"contentUrl\":\"https:\/\/oikon.hr\/cms\/wp-content\/uploads\/2018\/07\/DSC_0060.jpg\",\"width\":850,\"height\":1309},{\"@type\":\"BreadcrumbList\",\"@id\":\"https:\/\/oikon.hr\/hr\/anthropogenic-influence-on-land-macrofauna-with-focus-on-protected-taxa-in-the-republic-of-croatia\/#breadcrumb\",\"itemListElement\":[{\"@type\":\"ListItem\",\"position\":1,\"name\":\"\",\"item\":\"https:\/\/oikon.hr\/hr\/\"},{\"@type\":\"ListItem\",\"position\":2,\"name\":\"PROJEKTI\",\"item\":\"https:\/\/oikon.hr\/hr\/topic\/projekti\/\"},{\"@type\":\"ListItem\",\"position\":3,\"name\":\"Monitoring okoli\u0161a i prirode\",\"item\":\"https:\/\/oikon.hr\/hr\/topic\/projekti\/monitoring-okolisa-i-prirode\/\"},{\"@type\":\"ListItem\",\"position\":4,\"name\":\"Antropogeni utjecaj na kopnenu makrofaunu s te\u017ei\u0161tem na za\u0161ti\u0107ene svojte u Republici Hrvatskoj\"}]},{\"@type\":\"WebSite\",\"@id\":\"https:\/\/oikon.hr\/#website\",\"url\":\"https:\/\/oikon.hr\/\",\"name\":\"Oikon d.o.o.\",\"description\":\"Institut za primijenjenu ekologiju\",\"publisher\":{\"@id\":\"https:\/\/oikon.hr\/#organization\"},\"alternateName\":\"OIKON\",\"potentialAction\":[{\"@type\":\"SearchAction\",\"target\":{\"@type\":\"EntryPoint\",\"urlTemplate\":\"https:\/\/oikon.hr\/?s={search_term_string}\"},\"query-input\":{\"@type\":\"PropertyValueSpecification\",\"valueRequired\":true,\"valueName\":\"search_term_string\"}}],\"inLanguage\":\"hr-HR\"},{\"@type\":\"Organization\",\"@id\":\"https:\/\/oikon.hr\/#organization\",\"name\":\"Oikon d.o.o. - Institut za primijenjenu ekologiju\",\"alternateName\":\"OIKON\",\"url\":\"https:\/\/oikon.hr\/\",\"logo\":{\"@type\":\"ImageObject\",\"inLanguage\":\"hr-HR\",\"@id\":\"https:\/\/oikon.hr\/#\/schema\/logo\/image\/\",\"url\":\"https:\/\/oikon.hr\/cms\/wp-content\/uploads\/2021\/01\/OIKON_R_logo_transparent.png\",\"contentUrl\":\"https:\/\/oikon.hr\/cms\/wp-content\/uploads\/2021\/01\/OIKON_R_logo_transparent.png\",\"width\":1660,\"height\":541,\"caption\":\"Oikon d.o.o. - Institut za primijenjenu ekologiju\"},\"image\":{\"@id\":\"https:\/\/oikon.hr\/#\/schema\/logo\/image\/\"},\"sameAs\":[\"http:\/\/www.facebook.com\/OikonLtd\/\",\"https:\/\/x.com\/OikonLtd\",\"https:\/\/www.instagram.com\/oikon_ltd\/\",\"https:\/\/www.linkedin.com\/company\/oikon---institute-for-applied-technology\/\",\"https:\/\/www.youtube.com\/channel\/UCu_eJ0ct90AEN8D85KWcRHQ\"]},{\"@type\":\"Person\",\"@id\":\"https:\/\/oikon.hr\/#\/schema\/person\/4fb14a46c1071083d5de459c14a82f7c\",\"name\":\"oikonadministracija\",\"image\":{\"@type\":\"ImageObject\",\"inLanguage\":\"hr-HR\",\"@id\":\"https:\/\/oikon.hr\/#\/schema\/person\/image\/\",\"url\":\"https:\/\/secure.gravatar.com\/avatar\/e247aba33e5428fc6a24bbca24b92af36ceafa9a824508df7d1d40391c5f0748?s=96&d=mm&r=g\",\"contentUrl\":\"https:\/\/secure.gravatar.com\/avatar\/e247aba33e5428fc6a24bbca24b92af36ceafa9a824508df7d1d40391c5f0748?s=96&d=mm&r=g\",\"caption\":\"oikonadministracija\"},\"url\":\"https:\/\/oikon.hr\/hr\/author\/oikonadministracija\/\"}]}<\/script>\n<!-- \/ Yoast SEO plugin. -->","yoast_head_json":{"title":"Antropogeni utjecaj na kopnenu makrofaunu s te\u017ei\u0161tem na za\u0161ti\u0107ene svojte u Republici Hrvatskoj &#8211; Oikon d.o.o.","robots":{"index":"index","follow":"follow","max-snippet":"max-snippet:-1","max-image-preview":"max-image-preview:large","max-video-preview":"max-video-preview:-1"},"canonical":"https:\/\/oikon.hr\/hr\/anthropogenic-influence-on-land-macrofauna-with-focus-on-protected-taxa-in-the-republic-of-croatia\/","og_locale":"hr_HR","og_type":"article","og_title":"Antropogeni utjecaj na kopnenu makrofaunu s te\u017ei\u0161tem na za\u0161ti\u0107ene svojte u Republici Hrvatskoj &#8211; Oikon d.o.o.","og_url":"https:\/\/oikon.hr\/hr\/anthropogenic-influence-on-land-macrofauna-with-focus-on-protected-taxa-in-the-republic-of-croatia\/","og_site_name":"Oikon d.o.o.","article_publisher":"http:\/\/www.facebook.com\/OikonLtd\/","article_published_time":"2018-07-11T10:20:29+00:00","article_modified_time":"2018-07-11T10:28:56+00:00","og_image":[{"width":850,"height":1309,"url":"https:\/\/oikon.hr\/cms\/wp-content\/uploads\/2018\/07\/DSC_0060.jpg","type":"image\/jpeg"}],"author":"oikonadministracija","twitter_card":"summary_large_image","twitter_creator":"@OikonLtd","twitter_site":"@OikonLtd","twitter_misc":{"Written by":"oikonadministracija","Est. reading time":"5 minutes"},"schema":{"@context":"https:\/\/schema.org","@graph":[{"@type":"Article","@id":"https:\/\/oikon.hr\/hr\/anthropogenic-influence-on-land-macrofauna-with-focus-on-protected-taxa-in-the-republic-of-croatia\/#article","isPartOf":{"@id":"https:\/\/oikon.hr\/hr\/anthropogenic-influence-on-land-macrofauna-with-focus-on-protected-taxa-in-the-republic-of-croatia\/"},"author":{"name":"oikonadministracija","@id":"https:\/\/oikon.hr\/#\/schema\/person\/4fb14a46c1071083d5de459c14a82f7c"},"headline":"Antropogeni utjecaj na kopnenu makrofaunu s te\u017ei\u0161tem na za\u0161ti\u0107ene svojte u Republici Hrvatskoj","datePublished":"2018-07-11T10:20:29+00:00","dateModified":"2018-07-11T10:28:56+00:00","mainEntityOfPage":{"@id":"https:\/\/oikon.hr\/hr\/anthropogenic-influence-on-land-macrofauna-with-focus-on-protected-taxa-in-the-republic-of-croatia\/"},"wordCount":1069,"commentCount":0,"publisher":{"@id":"https:\/\/oikon.hr\/#organization"},"image":{"@id":"https:\/\/oikon.hr\/hr\/anthropogenic-influence-on-land-macrofauna-with-focus-on-protected-taxa-in-the-republic-of-croatia\/#primaryimage"},"thumbnailUrl":"https:\/\/oikon.hr\/cms\/wp-content\/uploads\/2018\/07\/DSC_0060.jpg","keywords":["anthropogenic influence","antropogeni utjecaj","autoceste","oikon","Oikon\u017e"],"articleSection":["Monitoring okoli\u0161a i prirode","PROJEKTI"],"inLanguage":"hr-HR","potentialAction":[{"@type":"CommentAction","name":"Comment","target":["https:\/\/oikon.hr\/hr\/anthropogenic-influence-on-land-macrofauna-with-focus-on-protected-taxa-in-the-republic-of-croatia\/#respond"]}]},{"@type":"WebPage","@id":"https:\/\/oikon.hr\/hr\/anthropogenic-influence-on-land-macrofauna-with-focus-on-protected-taxa-in-the-republic-of-croatia\/","url":"https:\/\/oikon.hr\/hr\/anthropogenic-influence-on-land-macrofauna-with-focus-on-protected-taxa-in-the-republic-of-croatia\/","name":"Antropogeni utjecaj na kopnenu makrofaunu s te\u017ei\u0161tem na za\u0161ti\u0107ene svojte u Republici Hrvatskoj &#8211; Oikon d.o.o.","isPartOf":{"@id":"https:\/\/oikon.hr\/#website"},"primaryImageOfPage":{"@id":"https:\/\/oikon.hr\/hr\/anthropogenic-influence-on-land-macrofauna-with-focus-on-protected-taxa-in-the-republic-of-croatia\/#primaryimage"},"image":{"@id":"https:\/\/oikon.hr\/hr\/anthropogenic-influence-on-land-macrofauna-with-focus-on-protected-taxa-in-the-republic-of-croatia\/#primaryimage"},"thumbnailUrl":"https:\/\/oikon.hr\/cms\/wp-content\/uploads\/2018\/07\/DSC_0060.jpg","datePublished":"2018-07-11T10:20:29+00:00","dateModified":"2018-07-11T10:28:56+00:00","breadcrumb":{"@id":"https:\/\/oikon.hr\/hr\/anthropogenic-influence-on-land-macrofauna-with-focus-on-protected-taxa-in-the-republic-of-croatia\/#breadcrumb"},"inLanguage":"hr-HR","potentialAction":[{"@type":"ReadAction","target":["https:\/\/oikon.hr\/hr\/anthropogenic-influence-on-land-macrofauna-with-focus-on-protected-taxa-in-the-republic-of-croatia\/"]}]},{"@type":"ImageObject","inLanguage":"hr-HR","@id":"https:\/\/oikon.hr\/hr\/anthropogenic-influence-on-land-macrofauna-with-focus-on-protected-taxa-in-the-republic-of-croatia\/#primaryimage","url":"https:\/\/oikon.hr\/cms\/wp-content\/uploads\/2018\/07\/DSC_0060.jpg","contentUrl":"https:\/\/oikon.hr\/cms\/wp-content\/uploads\/2018\/07\/DSC_0060.jpg","width":850,"height":1309},{"@type":"BreadcrumbList","@id":"https:\/\/oikon.hr\/hr\/anthropogenic-influence-on-land-macrofauna-with-focus-on-protected-taxa-in-the-republic-of-croatia\/#breadcrumb","itemListElement":[{"@type":"ListItem","position":1,"name":"","item":"https:\/\/oikon.hr\/hr\/"},{"@type":"ListItem","position":2,"name":"PROJEKTI","item":"https:\/\/oikon.hr\/hr\/topic\/projekti\/"},{"@type":"ListItem","position":3,"name":"Monitoring okoli\u0161a i prirode","item":"https:\/\/oikon.hr\/hr\/topic\/projekti\/monitoring-okolisa-i-prirode\/"},{"@type":"ListItem","position":4,"name":"Antropogeni utjecaj na kopnenu makrofaunu s te\u017ei\u0161tem na za\u0161ti\u0107ene svojte u Republici Hrvatskoj"}]},{"@type":"WebSite","@id":"https:\/\/oikon.hr\/#website","url":"https:\/\/oikon.hr\/","name":"Oikon d.o.o.","description":"Institut za primijenjenu ekologiju","publisher":{"@id":"https:\/\/oikon.hr\/#organization"},"alternateName":"OIKON","potentialAction":[{"@type":"SearchAction","target":{"@type":"EntryPoint","urlTemplate":"https:\/\/oikon.hr\/?s={search_term_string}"},"query-input":{"@type":"PropertyValueSpecification","valueRequired":true,"valueName":"search_term_string"}}],"inLanguage":"hr-HR"},{"@type":"Organization","@id":"https:\/\/oikon.hr\/#organization","name":"Oikon d.o.o. - Institut za primijenjenu ekologiju","alternateName":"OIKON","url":"https:\/\/oikon.hr\/","logo":{"@type":"ImageObject","inLanguage":"hr-HR","@id":"https:\/\/oikon.hr\/#\/schema\/logo\/image\/","url":"https:\/\/oikon.hr\/cms\/wp-content\/uploads\/2021\/01\/OIKON_R_logo_transparent.png","contentUrl":"https:\/\/oikon.hr\/cms\/wp-content\/uploads\/2021\/01\/OIKON_R_logo_transparent.png","width":1660,"height":541,"caption":"Oikon d.o.o. - Institut za primijenjenu ekologiju"},"image":{"@id":"https:\/\/oikon.hr\/#\/schema\/logo\/image\/"},"sameAs":["http:\/\/www.facebook.com\/OikonLtd\/","https:\/\/x.com\/OikonLtd","https:\/\/www.instagram.com\/oikon_ltd\/","https:\/\/www.linkedin.com\/company\/oikon---institute-for-applied-technology\/","https:\/\/www.youtube.com\/channel\/UCu_eJ0ct90AEN8D85KWcRHQ"]},{"@type":"Person","@id":"https:\/\/oikon.hr\/#\/schema\/person\/4fb14a46c1071083d5de459c14a82f7c","name":"oikonadministracija","image":{"@type":"ImageObject","inLanguage":"hr-HR","@id":"https:\/\/oikon.hr\/#\/schema\/person\/image\/","url":"https:\/\/secure.gravatar.com\/avatar\/e247aba33e5428fc6a24bbca24b92af36ceafa9a824508df7d1d40391c5f0748?s=96&d=mm&r=g","contentUrl":"https:\/\/secure.gravatar.com\/avatar\/e247aba33e5428fc6a24bbca24b92af36ceafa9a824508df7d1d40391c5f0748?s=96&d=mm&r=g","caption":"oikonadministracija"},"url":"https:\/\/oikon.hr\/hr\/author\/oikonadministracija\/"}]}},"_links":{"self":[{"href":"https:\/\/oikon.hr\/hr\/wp-json\/wp\/v2\/posts\/2656","targetHints":{"allow":["GET"]}}],"collection":[{"href":"https:\/\/oikon.hr\/hr\/wp-json\/wp\/v2\/posts"}],"about":[{"href":"https:\/\/oikon.hr\/hr\/wp-json\/wp\/v2\/types\/post"}],"author":[{"embeddable":true,"href":"https:\/\/oikon.hr\/hr\/wp-json\/wp\/v2\/users\/2"}],"replies":[{"embeddable":true,"href":"https:\/\/oikon.hr\/hr\/wp-json\/wp\/v2\/comments?post=2656"}],"version-history":[{"count":0,"href":"https:\/\/oikon.hr\/hr\/wp-json\/wp\/v2\/posts\/2656\/revisions"}],"wp:featuredmedia":[{"embeddable":true,"href":"https:\/\/oikon.hr\/hr\/wp-json\/wp\/v2\/media\/2640"}],"wp:attachment":[{"href":"https:\/\/oikon.hr\/hr\/wp-json\/wp\/v2\/media?parent=2656"}],"wp:term":[{"taxonomy":"category","embeddable":true,"href":"https:\/\/oikon.hr\/hr\/wp-json\/wp\/v2\/categories?post=2656"},{"taxonomy":"post_tag","embeddable":true,"href":"https:\/\/oikon.hr\/hr\/wp-json\/wp\/v2\/tags?post=2656"}],"curies":[{"name":"wp","href":"https:\/\/api.w.org\/{rel}","templated":true}]}}