{"id":3164,"date":"2019-03-20T14:30:08","date_gmt":"2019-03-20T13:30:08","guid":{"rendered":"https:\/\/oikon.hr\/?p=3164"},"modified":"2019-03-20T14:30:56","modified_gmt":"2019-03-20T13:30:56","slug":"plan-gospodarenja-otpadom-grada-zagreba","status":"publish","type":"post","link":"https:\/\/oikon.hr\/hr\/plan-gospodarenja-otpadom-grada-zagreba\/","title":{"rendered":"Plan gospodarenja otpadom Grada Zagreba"},"content":{"rendered":"\n<p><strong>Naziv projekta:\u00a0<\/strong>Plan gospodarenja otpadom Grada Zagreba<\/p>\n\n\n\n<p><strong>Klijent:<\/strong>\u00a0Grad Zagreb<br><strong>Razdoblje:\u00a0<\/strong>02\/2017 \u2013 04\/2018\u00a0<br><strong>Financira:\u00a0<\/strong>Dr\u017eavni prora\u010dun<br><strong>Lokacija:<\/strong>\u00a0Hrvatska<\/p>\n\n\n\n<hr class=\"wp-block-separator\"\/>\n\n\n\n<p>Izrada dokumenta Plana gospodarenja otpadom Grada Zagreba uklju\u010dila je:<\/p>\n\n\n\n<ol class=\"wp-block-list\"><li>analizu, te ocjenu stanja i potreba u gospodarenju otpadom na podru\u010dju jedinice lokalne samouprave, odnosno Grada Zagreba, uklju\u010duju\u0107i ostvarivanje ciljeva,<\/li><li>podatke o vrstama i koli\u010dinama proizvedenog otpada, odvojeno sakupljenog otpada, odlaganju komunalnog i biorazgradivog otpada te ostvarivanju ciljeva,<\/li><li>podatke o postoje\u0107im i planiranim gra\u0111evinama i ure\u0111ajima za gospodarenje otpadom te statusu sanacije neuskla\u0111enih odlagali\u0161ta i lokacija one\u010di\u0161\u0107enih otpadom,<\/li><li>podatke o lokacijama odba\u010denog otpada i njihovom uklanjanju,<\/li><li>mjere potrebne za ostvarenje ciljeva smanjivanja ili sprje\u010davanja nastanka otpada, uklju\u010duju\u0107i izobrazno-informativne aktivnosti i akcije prikupljanja otpada,<\/li><li>op\u0107e mjere za gospodarenje otpadom, opasnim otpadom i posebnim kategorijama otpada,<\/li><li>mjere prikupljanja mije\u0161anog komunalnog otpada i biorazgradivog komunalnog otpada,<\/li><li>mjere odvojenog prikupljanja otpadnog papira, metala, stakla i plastike te krupnog (glomaznog) komunalnog otpada,<\/li><li>popis projekata va\u017enih za provedbu odredbi Plana,<\/li><li>organizacijske aspekte, izvore i visinu financijskih sredstava za provedbu mjera gospodarenja otpadom,<\/li><li>rokove i nositelje izvr\u0161enja Plana.<\/li><\/ol>\n\n\n\n<figure class=\"wp-block-image\"><img loading=\"lazy\" decoding=\"async\" width=\"640\" height=\"423\" src=\"https:\/\/oikon.hr\/cms\/wp-content\/uploads\/2019\/03\/dump.jpg\" alt=\"\" class=\"wp-image-3162\" srcset=\"https:\/\/oikon.hr\/cms\/wp-content\/uploads\/2019\/03\/dump.jpg 640w, https:\/\/oikon.hr\/cms\/wp-content\/uploads\/2019\/03\/dump-150x99.jpg 150w, https:\/\/oikon.hr\/cms\/wp-content\/uploads\/2019\/03\/dump-300x198.jpg 300w\" sizes=\"auto, (max-width: 640px) 100vw, 640px\" \/><\/figure>\n","protected":false},"excerpt":{"rendered":"<p>Grad Zagreb<\/p>\n","protected":false},"author":2,"featured_media":3162,"comment_status":"open","ping_status":"open","sticky":false,"template":"","format":"standard","meta":{"_acf_changed":false,"footnotes":""},"categories":[799,802],"tags":[1068,835,1067],"class_list":["post-3164","post","type-post","status-publish","format-standard","has-post-thumbnail","hentry","category-projekti","category-zastita-okolisa","tag-grad-zagreb","tag-oikon-hr","tag-plan-gospodarenja-otpadom"],"acf":[],"yoast_head":"<!-- This site is optimized with the Yoast SEO plugin v27.0 - https:\/\/yoast.com\/product\/yoast-seo-wordpress\/ -->\n<title>Plan gospodarenja otpadom Grada Zagreba &#8211; Oikon d.o.o.<\/title>\n<meta name=\"description\" content=\"Grad Zagreb\" \/>\n<meta name=\"robots\" content=\"index, follow, max-snippet:-1, max-image-preview:large, max-video-preview:-1\" \/>\n<link rel=\"canonical\" href=\"https:\/\/oikon.hr\/hr\/plan-gospodarenja-otpadom-grada-zagreba\/\" \/>\n<meta property=\"og:locale\" content=\"hr_HR\" \/>\n<meta property=\"og:type\" content=\"article\" \/>\n<meta property=\"og:title\" content=\"Plan gospodarenja otpadom Grada Zagreba &#8211; Oikon d.o.o.\" \/>\n<meta property=\"og:description\" content=\"Grad Zagreb\" \/>\n<meta property=\"og:url\" content=\"https:\/\/oikon.hr\/hr\/plan-gospodarenja-otpadom-grada-zagreba\/\" \/>\n<meta property=\"og:site_name\" content=\"Oikon d.o.o.\" \/>\n<meta property=\"article:publisher\" content=\"http:\/\/www.facebook.com\/OikonLtd\/\" \/>\n<meta property=\"article:published_time\" content=\"2019-03-20T13:30:08+00:00\" \/>\n<meta property=\"article:modified_time\" content=\"2019-03-20T13:30:56+00:00\" \/>\n<meta property=\"og:image\" content=\"https:\/\/oikon.hr\/cms\/wp-content\/uploads\/2019\/03\/dump.jpg\" \/>\n\t<meta property=\"og:image:width\" content=\"640\" \/>\n\t<meta property=\"og:image:height\" content=\"423\" \/>\n\t<meta property=\"og:image:type\" content=\"image\/jpeg\" \/>\n<meta name=\"author\" content=\"oikonadministracija\" \/>\n<meta name=\"twitter:card\" content=\"summary_large_image\" \/>\n<meta name=\"twitter:creator\" content=\"@OikonLtd\" \/>\n<meta name=\"twitter:site\" content=\"@OikonLtd\" \/>\n<meta name=\"twitter:label1\" content=\"Written by\" \/>\n\t<meta name=\"twitter:data1\" content=\"oikonadministracija\" \/>\n\t<meta name=\"twitter:label2\" content=\"Est. reading time\" \/>\n\t<meta name=\"twitter:data2\" content=\"1 minute\" \/>\n<script type=\"application\/ld+json\" class=\"yoast-schema-graph\">{\"@context\":\"https:\/\/schema.org\",\"@graph\":[{\"@type\":\"Article\",\"@id\":\"https:\/\/oikon.hr\/hr\/plan-gospodarenja-otpadom-grada-zagreba\/#article\",\"isPartOf\":{\"@id\":\"https:\/\/oikon.hr\/hr\/plan-gospodarenja-otpadom-grada-zagreba\/\"},\"author\":{\"name\":\"oikonadministracija\",\"@id\":\"https:\/\/oikon.hr\/#\/schema\/person\/4fb14a46c1071083d5de459c14a82f7c\"},\"headline\":\"Plan gospodarenja otpadom Grada Zagreba\",\"datePublished\":\"2019-03-20T13:30:08+00:00\",\"dateModified\":\"2019-03-20T13:30:56+00:00\",\"mainEntityOfPage\":{\"@id\":\"https:\/\/oikon.hr\/hr\/plan-gospodarenja-otpadom-grada-zagreba\/\"},\"wordCount\":193,\"commentCount\":0,\"publisher\":{\"@id\":\"https:\/\/oikon.hr\/#organization\"},\"image\":{\"@id\":\"https:\/\/oikon.hr\/hr\/plan-gospodarenja-otpadom-grada-zagreba\/#primaryimage\"},\"thumbnailUrl\":\"https:\/\/oikon.hr\/cms\/wp-content\/uploads\/2019\/03\/dump.jpg\",\"keywords\":[\"Grad Zagreb\",\"oikon\",\"Plan gospodarenja otpadom\"],\"articleSection\":[\"PROJEKTI\",\"Za\u0161tita okoli\u0161a\"],\"inLanguage\":\"hr-HR\",\"potentialAction\":[{\"@type\":\"CommentAction\",\"name\":\"Comment\",\"target\":[\"https:\/\/oikon.hr\/hr\/plan-gospodarenja-otpadom-grada-zagreba\/#respond\"]}]},{\"@type\":\"WebPage\",\"@id\":\"https:\/\/oikon.hr\/hr\/plan-gospodarenja-otpadom-grada-zagreba\/\",\"url\":\"https:\/\/oikon.hr\/hr\/plan-gospodarenja-otpadom-grada-zagreba\/\",\"name\":\"Plan gospodarenja otpadom Grada Zagreba &#8211; Oikon d.o.o.\",\"isPartOf\":{\"@id\":\"https:\/\/oikon.hr\/#website\"},\"primaryImageOfPage\":{\"@id\":\"https:\/\/oikon.hr\/hr\/plan-gospodarenja-otpadom-grada-zagreba\/#primaryimage\"},\"image\":{\"@id\":\"https:\/\/oikon.hr\/hr\/plan-gospodarenja-otpadom-grada-zagreba\/#primaryimage\"},\"thumbnailUrl\":\"https:\/\/oikon.hr\/cms\/wp-content\/uploads\/2019\/03\/dump.jpg\",\"datePublished\":\"2019-03-20T13:30:08+00:00\",\"dateModified\":\"2019-03-20T13:30:56+00:00\",\"description\":\"Grad Zagreb\",\"breadcrumb\":{\"@id\":\"https:\/\/oikon.hr\/hr\/plan-gospodarenja-otpadom-grada-zagreba\/#breadcrumb\"},\"inLanguage\":\"hr-HR\",\"potentialAction\":[{\"@type\":\"ReadAction\",\"target\":[\"https:\/\/oikon.hr\/hr\/plan-gospodarenja-otpadom-grada-zagreba\/\"]}]},{\"@type\":\"ImageObject\",\"inLanguage\":\"hr-HR\",\"@id\":\"https:\/\/oikon.hr\/hr\/plan-gospodarenja-otpadom-grada-zagreba\/#primaryimage\",\"url\":\"https:\/\/oikon.hr\/cms\/wp-content\/uploads\/2019\/03\/dump.jpg\",\"contentUrl\":\"https:\/\/oikon.hr\/cms\/wp-content\/uploads\/2019\/03\/dump.jpg\",\"width\":640,\"height\":423},{\"@type\":\"BreadcrumbList\",\"@id\":\"https:\/\/oikon.hr\/hr\/plan-gospodarenja-otpadom-grada-zagreba\/#breadcrumb\",\"itemListElement\":[{\"@type\":\"ListItem\",\"position\":1,\"name\":\"\",\"item\":\"https:\/\/oikon.hr\/hr\/\"},{\"@type\":\"ListItem\",\"position\":2,\"name\":\"Nekategorizirano\",\"item\":\"https:\/\/oikon.hr\/topic\/nekategorizirano\/\"},{\"@type\":\"ListItem\",\"position\":3,\"name\":\"Plan gospodarenja otpadom Grada Zagreba\"}]},{\"@type\":\"WebSite\",\"@id\":\"https:\/\/oikon.hr\/#website\",\"url\":\"https:\/\/oikon.hr\/\",\"name\":\"Oikon d.o.o.\",\"description\":\"Institut za primijenjenu ekologiju\",\"publisher\":{\"@id\":\"https:\/\/oikon.hr\/#organization\"},\"alternateName\":\"OIKON\",\"potentialAction\":[{\"@type\":\"SearchAction\",\"target\":{\"@type\":\"EntryPoint\",\"urlTemplate\":\"https:\/\/oikon.hr\/?s={search_term_string}\"},\"query-input\":{\"@type\":\"PropertyValueSpecification\",\"valueRequired\":true,\"valueName\":\"search_term_string\"}}],\"inLanguage\":\"hr-HR\"},{\"@type\":\"Organization\",\"@id\":\"https:\/\/oikon.hr\/#organization\",\"name\":\"Oikon d.o.o. - Institut za primijenjenu ekologiju\",\"alternateName\":\"OIKON\",\"url\":\"https:\/\/oikon.hr\/\",\"logo\":{\"@type\":\"ImageObject\",\"inLanguage\":\"hr-HR\",\"@id\":\"https:\/\/oikon.hr\/#\/schema\/logo\/image\/\",\"url\":\"https:\/\/oikon.hr\/cms\/wp-content\/uploads\/2021\/01\/OIKON_R_logo_transparent.png\",\"contentUrl\":\"https:\/\/oikon.hr\/cms\/wp-content\/uploads\/2021\/01\/OIKON_R_logo_transparent.png\",\"width\":1660,\"height\":541,\"caption\":\"Oikon d.o.o. - Institut za primijenjenu ekologiju\"},\"image\":{\"@id\":\"https:\/\/oikon.hr\/#\/schema\/logo\/image\/\"},\"sameAs\":[\"http:\/\/www.facebook.com\/OikonLtd\/\",\"https:\/\/x.com\/OikonLtd\",\"https:\/\/www.instagram.com\/oikon_ltd\/\",\"https:\/\/www.linkedin.com\/company\/oikon---institute-for-applied-technology\/\",\"https:\/\/www.youtube.com\/channel\/UCu_eJ0ct90AEN8D85KWcRHQ\"]},{\"@type\":\"Person\",\"@id\":\"https:\/\/oikon.hr\/#\/schema\/person\/4fb14a46c1071083d5de459c14a82f7c\",\"name\":\"oikonadministracija\",\"image\":{\"@type\":\"ImageObject\",\"inLanguage\":\"hr-HR\",\"@id\":\"https:\/\/oikon.hr\/#\/schema\/person\/image\/\",\"url\":\"https:\/\/secure.gravatar.com\/avatar\/e247aba33e5428fc6a24bbca24b92af36ceafa9a824508df7d1d40391c5f0748?s=96&d=mm&r=g\",\"contentUrl\":\"https:\/\/secure.gravatar.com\/avatar\/e247aba33e5428fc6a24bbca24b92af36ceafa9a824508df7d1d40391c5f0748?s=96&d=mm&r=g\",\"caption\":\"oikonadministracija\"},\"url\":\"https:\/\/oikon.hr\/hr\/author\/oikonadministracija\/\"}]}<\/script>\n<!-- \/ Yoast SEO plugin. -->","yoast_head_json":{"title":"Plan gospodarenja otpadom Grada Zagreba &#8211; Oikon d.o.o.","description":"Grad Zagreb","robots":{"index":"index","follow":"follow","max-snippet":"max-snippet:-1","max-image-preview":"max-image-preview:large","max-video-preview":"max-video-preview:-1"},"canonical":"https:\/\/oikon.hr\/hr\/plan-gospodarenja-otpadom-grada-zagreba\/","og_locale":"hr_HR","og_type":"article","og_title":"Plan gospodarenja otpadom Grada Zagreba &#8211; Oikon d.o.o.","og_description":"Grad Zagreb","og_url":"https:\/\/oikon.hr\/hr\/plan-gospodarenja-otpadom-grada-zagreba\/","og_site_name":"Oikon d.o.o.","article_publisher":"http:\/\/www.facebook.com\/OikonLtd\/","article_published_time":"2019-03-20T13:30:08+00:00","article_modified_time":"2019-03-20T13:30:56+00:00","og_image":[{"width":640,"height":423,"url":"https:\/\/oikon.hr\/cms\/wp-content\/uploads\/2019\/03\/dump.jpg","type":"image\/jpeg"}],"author":"oikonadministracija","twitter_card":"summary_large_image","twitter_creator":"@OikonLtd","twitter_site":"@OikonLtd","twitter_misc":{"Written by":"oikonadministracija","Est. reading time":"1 minute"},"schema":{"@context":"https:\/\/schema.org","@graph":[{"@type":"Article","@id":"https:\/\/oikon.hr\/hr\/plan-gospodarenja-otpadom-grada-zagreba\/#article","isPartOf":{"@id":"https:\/\/oikon.hr\/hr\/plan-gospodarenja-otpadom-grada-zagreba\/"},"author":{"name":"oikonadministracija","@id":"https:\/\/oikon.hr\/#\/schema\/person\/4fb14a46c1071083d5de459c14a82f7c"},"headline":"Plan gospodarenja otpadom Grada Zagreba","datePublished":"2019-03-20T13:30:08+00:00","dateModified":"2019-03-20T13:30:56+00:00","mainEntityOfPage":{"@id":"https:\/\/oikon.hr\/hr\/plan-gospodarenja-otpadom-grada-zagreba\/"},"wordCount":193,"commentCount":0,"publisher":{"@id":"https:\/\/oikon.hr\/#organization"},"image":{"@id":"https:\/\/oikon.hr\/hr\/plan-gospodarenja-otpadom-grada-zagreba\/#primaryimage"},"thumbnailUrl":"https:\/\/oikon.hr\/cms\/wp-content\/uploads\/2019\/03\/dump.jpg","keywords":["Grad Zagreb","oikon","Plan gospodarenja otpadom"],"articleSection":["PROJEKTI","Za\u0161tita okoli\u0161a"],"inLanguage":"hr-HR","potentialAction":[{"@type":"CommentAction","name":"Comment","target":["https:\/\/oikon.hr\/hr\/plan-gospodarenja-otpadom-grada-zagreba\/#respond"]}]},{"@type":"WebPage","@id":"https:\/\/oikon.hr\/hr\/plan-gospodarenja-otpadom-grada-zagreba\/","url":"https:\/\/oikon.hr\/hr\/plan-gospodarenja-otpadom-grada-zagreba\/","name":"Plan gospodarenja otpadom Grada Zagreba &#8211; Oikon d.o.o.","isPartOf":{"@id":"https:\/\/oikon.hr\/#website"},"primaryImageOfPage":{"@id":"https:\/\/oikon.hr\/hr\/plan-gospodarenja-otpadom-grada-zagreba\/#primaryimage"},"image":{"@id":"https:\/\/oikon.hr\/hr\/plan-gospodarenja-otpadom-grada-zagreba\/#primaryimage"},"thumbnailUrl":"https:\/\/oikon.hr\/cms\/wp-content\/uploads\/2019\/03\/dump.jpg","datePublished":"2019-03-20T13:30:08+00:00","dateModified":"2019-03-20T13:30:56+00:00","description":"Grad Zagreb","breadcrumb":{"@id":"https:\/\/oikon.hr\/hr\/plan-gospodarenja-otpadom-grada-zagreba\/#breadcrumb"},"inLanguage":"hr-HR","potentialAction":[{"@type":"ReadAction","target":["https:\/\/oikon.hr\/hr\/plan-gospodarenja-otpadom-grada-zagreba\/"]}]},{"@type":"ImageObject","inLanguage":"hr-HR","@id":"https:\/\/oikon.hr\/hr\/plan-gospodarenja-otpadom-grada-zagreba\/#primaryimage","url":"https:\/\/oikon.hr\/cms\/wp-content\/uploads\/2019\/03\/dump.jpg","contentUrl":"https:\/\/oikon.hr\/cms\/wp-content\/uploads\/2019\/03\/dump.jpg","width":640,"height":423},{"@type":"BreadcrumbList","@id":"https:\/\/oikon.hr\/hr\/plan-gospodarenja-otpadom-grada-zagreba\/#breadcrumb","itemListElement":[{"@type":"ListItem","position":1,"name":"","item":"https:\/\/oikon.hr\/hr\/"},{"@type":"ListItem","position":2,"name":"Nekategorizirano","item":"https:\/\/oikon.hr\/topic\/nekategorizirano\/"},{"@type":"ListItem","position":3,"name":"Plan gospodarenja otpadom Grada Zagreba"}]},{"@type":"WebSite","@id":"https:\/\/oikon.hr\/#website","url":"https:\/\/oikon.hr\/","name":"Oikon d.o.o.","description":"Institut za primijenjenu ekologiju","publisher":{"@id":"https:\/\/oikon.hr\/#organization"},"alternateName":"OIKON","potentialAction":[{"@type":"SearchAction","target":{"@type":"EntryPoint","urlTemplate":"https:\/\/oikon.hr\/?s={search_term_string}"},"query-input":{"@type":"PropertyValueSpecification","valueRequired":true,"valueName":"search_term_string"}}],"inLanguage":"hr-HR"},{"@type":"Organization","@id":"https:\/\/oikon.hr\/#organization","name":"Oikon d.o.o. - Institut za primijenjenu ekologiju","alternateName":"OIKON","url":"https:\/\/oikon.hr\/","logo":{"@type":"ImageObject","inLanguage":"hr-HR","@id":"https:\/\/oikon.hr\/#\/schema\/logo\/image\/","url":"https:\/\/oikon.hr\/cms\/wp-content\/uploads\/2021\/01\/OIKON_R_logo_transparent.png","contentUrl":"https:\/\/oikon.hr\/cms\/wp-content\/uploads\/2021\/01\/OIKON_R_logo_transparent.png","width":1660,"height":541,"caption":"Oikon d.o.o. - Institut za primijenjenu ekologiju"},"image":{"@id":"https:\/\/oikon.hr\/#\/schema\/logo\/image\/"},"sameAs":["http:\/\/www.facebook.com\/OikonLtd\/","https:\/\/x.com\/OikonLtd","https:\/\/www.instagram.com\/oikon_ltd\/","https:\/\/www.linkedin.com\/company\/oikon---institute-for-applied-technology\/","https:\/\/www.youtube.com\/channel\/UCu_eJ0ct90AEN8D85KWcRHQ"]},{"@type":"Person","@id":"https:\/\/oikon.hr\/#\/schema\/person\/4fb14a46c1071083d5de459c14a82f7c","name":"oikonadministracija","image":{"@type":"ImageObject","inLanguage":"hr-HR","@id":"https:\/\/oikon.hr\/#\/schema\/person\/image\/","url":"https:\/\/secure.gravatar.com\/avatar\/e247aba33e5428fc6a24bbca24b92af36ceafa9a824508df7d1d40391c5f0748?s=96&d=mm&r=g","contentUrl":"https:\/\/secure.gravatar.com\/avatar\/e247aba33e5428fc6a24bbca24b92af36ceafa9a824508df7d1d40391c5f0748?s=96&d=mm&r=g","caption":"oikonadministracija"},"url":"https:\/\/oikon.hr\/hr\/author\/oikonadministracija\/"}]}},"_links":{"self":[{"href":"https:\/\/oikon.hr\/hr\/wp-json\/wp\/v2\/posts\/3164","targetHints":{"allow":["GET"]}}],"collection":[{"href":"https:\/\/oikon.hr\/hr\/wp-json\/wp\/v2\/posts"}],"about":[{"href":"https:\/\/oikon.hr\/hr\/wp-json\/wp\/v2\/types\/post"}],"author":[{"embeddable":true,"href":"https:\/\/oikon.hr\/hr\/wp-json\/wp\/v2\/users\/2"}],"replies":[{"embeddable":true,"href":"https:\/\/oikon.hr\/hr\/wp-json\/wp\/v2\/comments?post=3164"}],"version-history":[{"count":0,"href":"https:\/\/oikon.hr\/hr\/wp-json\/wp\/v2\/posts\/3164\/revisions"}],"wp:featuredmedia":[{"embeddable":true,"href":"https:\/\/oikon.hr\/hr\/wp-json\/wp\/v2\/media\/3162"}],"wp:attachment":[{"href":"https:\/\/oikon.hr\/hr\/wp-json\/wp\/v2\/media?parent=3164"}],"wp:term":[{"taxonomy":"category","embeddable":true,"href":"https:\/\/oikon.hr\/hr\/wp-json\/wp\/v2\/categories?post=3164"},{"taxonomy":"post_tag","embeddable":true,"href":"https:\/\/oikon.hr\/hr\/wp-json\/wp\/v2\/tags?post=3164"}],"curies":[{"name":"wp","href":"https:\/\/api.w.org\/{rel}","templated":true}]}}