{"id":3579,"date":"2019-07-04T16:21:02","date_gmt":"2019-07-04T14:21:02","guid":{"rendered":"https:\/\/oikon.hr\/39th-annual-earsel-symposium\/"},"modified":"2019-07-11T11:46:24","modified_gmt":"2019-07-11T09:46:24","slug":"39th-annual-earsel-symposium","status":"publish","type":"post","link":"https:\/\/oikon.hr\/hr\/39th-annual-earsel-symposium\/","title":{"rendered":"39. godi\u0161nji EARSeL simpozij"},"content":{"rendered":"\n<p>4. srpnja 2019. &#8211; na\u0161a Ivona \u017di\u017ea sudjelovala je na 39. godi\u0161njem EARSeL simpoziju, odr\u017eanom u Salzburgu u Austriji.<\/p>\n\n\n\n<p>Ivona i ostale kolege pripremili su za tu prigodu poster &#8211; Automatsko kartiranje usjeva usitnjenih parcela kori\u0161tenjem vi\u0161eslojnih satelitskih snimaka Sentinel 1 i Sentinel 2 satelita: studija slu\u010daja za Hrvatsku.<\/p>\n\n\n\n<p>Za vi\u0161e informacija o ovom doga\u0111aju posjetite: <a href=\"http:\/\/symposium.earsel.org\/39th-symposium-Salzburg\/\" target=\"_blank\" rel=\"noreferrer noopener\" aria-label=\" (opens in a new tab)\">http:\/\/symposium.earsel.org\/39th-symposium-Salzburg\/<\/a><\/p>\n\n\n\n<ul class=\"wp-block-gallery columns-2 is-cropped wp-block-gallery-1 is-layout-flex wp-block-gallery-is-layout-flex\"><li class=\"blocks-gallery-item\"><figure><a href=\"https:\/\/oikon.hr\/cms\/wp-content\/uploads\/2019\/07\/Ivona-EARSeL-2019-908x1024.jpg\" data-rel=\"lightbox-gallery-Xu8jk35t\" data-rl_title=\"\" data-rl_caption=\"\" title=\"\"><img loading=\"lazy\" decoding=\"async\" width=\"908\" height=\"1024\" src=\"https:\/\/oikon.hr\/cms\/wp-content\/uploads\/2019\/07\/Ivona-EARSeL-2019-908x1024.jpg\" alt=\"\" data-id=\"3572\" data-link=\"https:\/\/oikon.hr\/?attachment_id=3572\" class=\"wp-image-3572\" srcset=\"https:\/\/oikon.hr\/cms\/wp-content\/uploads\/2019\/07\/Ivona-EARSeL-2019-908x1024.jpg 908w, https:\/\/oikon.hr\/cms\/wp-content\/uploads\/2019\/07\/Ivona-EARSeL-2019-133x150.jpg 133w, https:\/\/oikon.hr\/cms\/wp-content\/uploads\/2019\/07\/Ivona-EARSeL-2019-266x300.jpg 266w, https:\/\/oikon.hr\/cms\/wp-content\/uploads\/2019\/07\/Ivona-EARSeL-2019-768x866.jpg 768w, https:\/\/oikon.hr\/cms\/wp-content\/uploads\/2019\/07\/Ivona-EARSeL-2019.jpg 1773w\" sizes=\"auto, (max-width: 908px) 100vw, 908px\" \/><\/a><\/figure><\/li><li class=\"blocks-gallery-item\"><figure><a href=\"https:\/\/oikon.hr\/cms\/wp-content\/uploads\/2019\/07\/EARSeL-2019-1024x768.jpg\" data-rel=\"lightbox-gallery-Xu8jk35t\" data-rl_title=\"\" data-rl_caption=\"\" title=\"\"><img loading=\"lazy\" decoding=\"async\" width=\"1024\" height=\"768\" src=\"https:\/\/oikon.hr\/cms\/wp-content\/uploads\/2019\/07\/EARSeL-2019-1024x768.jpg\" alt=\"\" data-id=\"3574\" data-link=\"https:\/\/oikon.hr\/?attachment_id=3574\" class=\"wp-image-3574\" srcset=\"https:\/\/oikon.hr\/cms\/wp-content\/uploads\/2019\/07\/EARSeL-2019-1024x768.jpg 1024w, https:\/\/oikon.hr\/cms\/wp-content\/uploads\/2019\/07\/EARSeL-2019-150x113.jpg 150w, https:\/\/oikon.hr\/cms\/wp-content\/uploads\/2019\/07\/EARSeL-2019-300x225.jpg 300w, https:\/\/oikon.hr\/cms\/wp-content\/uploads\/2019\/07\/EARSeL-2019-768x576.jpg 768w, https:\/\/oikon.hr\/cms\/wp-content\/uploads\/2019\/07\/EARSeL-2019.jpg 2000w\" sizes=\"auto, (max-width: 1024px) 100vw, 1024px\" \/><\/a><\/figure><\/li><\/ul>\n","protected":false},"excerpt":{"rendered":"<p>4. srpnja 2019. &#8211; na\u0161a Ivona \u017di\u017ea sudjelovala je na 39. godi\u0161njem EARSeL simpoziju, odr\u017eanom u Salzburgu u Austriji. Ivona i ostale kolege pripremili su za tu prigodu poster &#8211; Automatsko kartiranje usjeva usitnjenih parcela kori\u0161tenjem vi\u0161eslojnih satelitskih snimaka Sentinel 1 i Sentinel 2 satelita: studija slu\u010daja za Hrvatsku. Za vi\u0161e informacija o ovom doga\u0111aju &hellip; <a href=\"https:\/\/oikon.hr\/hr\/39th-annual-earsel-symposium\/\">Saznajte vi\u0161e<\/a><\/p>\n","protected":false},"author":2,"featured_media":3573,"comment_status":"open","ping_status":"open","sticky":false,"template":"","format":"standard","meta":{"_acf_changed":false,"footnotes":""},"categories":[798],"tags":[1133,1132,1051,1134],"class_list":["post-3579","post","type-post","status-publish","format-standard","has-post-thumbnail","hentry","category-vijesti","tag-39th-annual-earsel-symposium-hr","tag-39th-annual-earsel-symposium","tag-earsel","tag-earsel-hr"],"acf":[],"yoast_head":"<!-- This site is optimized with the Yoast SEO plugin v27.0 - https:\/\/yoast.com\/product\/yoast-seo-wordpress\/ -->\n<title>39. godi\u0161nji EARSeL simpozij &#8211; Oikon d.o.o.<\/title>\n<meta name=\"description\" content=\"4. srpnja 2019. - na\u0161a Ivona \u017di\u017ea sudjelovala je na 39. godi\u0161njem EARSeL simpoziju, odr\u017eanom u Salzburgu u Austriji. Ivona i ostale kolege pripremili su\" \/>\n<meta name=\"robots\" content=\"index, follow, max-snippet:-1, max-image-preview:large, max-video-preview:-1\" \/>\n<link rel=\"canonical\" href=\"https:\/\/oikon.hr\/hr\/39th-annual-earsel-symposium\/\" \/>\n<meta property=\"og:locale\" content=\"hr_HR\" \/>\n<meta property=\"og:type\" content=\"article\" \/>\n<meta property=\"og:title\" content=\"39. godi\u0161nji EARSeL simpozij &#8211; Oikon d.o.o.\" \/>\n<meta property=\"og:description\" content=\"4. srpnja 2019. - na\u0161a Ivona \u017di\u017ea sudjelovala je na 39. godi\u0161njem EARSeL simpoziju, odr\u017eanom u Salzburgu u Austriji. Ivona i ostale kolege pripremili su\" \/>\n<meta property=\"og:url\" content=\"https:\/\/oikon.hr\/hr\/39th-annual-earsel-symposium\/\" \/>\n<meta property=\"og:site_name\" content=\"Oikon d.o.o.\" \/>\n<meta property=\"article:publisher\" content=\"http:\/\/www.facebook.com\/OikonLtd\/\" \/>\n<meta property=\"article:published_time\" content=\"2019-07-04T14:21:02+00:00\" \/>\n<meta property=\"article:modified_time\" content=\"2019-07-11T09:46:24+00:00\" \/>\n<meta property=\"og:image\" content=\"https:\/\/oikon.hr\/cms\/wp-content\/uploads\/2019\/07\/Ivona-EARSeL-2019.jpg\" \/>\n\t<meta property=\"og:image:width\" content=\"1773\" \/>\n\t<meta property=\"og:image:height\" content=\"2000\" \/>\n\t<meta property=\"og:image:type\" content=\"image\/jpeg\" \/>\n<meta name=\"author\" content=\"oikonadministracija\" \/>\n<meta name=\"twitter:card\" content=\"summary_large_image\" \/>\n<meta name=\"twitter:creator\" content=\"@OikonLtd\" \/>\n<meta name=\"twitter:site\" content=\"@OikonLtd\" \/>\n<meta name=\"twitter:label1\" content=\"Written by\" \/>\n\t<meta name=\"twitter:data1\" content=\"oikonadministracija\" \/>\n<script type=\"application\/ld+json\" class=\"yoast-schema-graph\">{\"@context\":\"https:\/\/schema.org\",\"@graph\":[{\"@type\":\"Article\",\"@id\":\"https:\/\/oikon.hr\/hr\/39th-annual-earsel-symposium\/#article\",\"isPartOf\":{\"@id\":\"https:\/\/oikon.hr\/hr\/39th-annual-earsel-symposium\/\"},\"author\":{\"name\":\"oikonadministracija\",\"@id\":\"https:\/\/oikon.hr\/#\/schema\/person\/4fb14a46c1071083d5de459c14a82f7c\"},\"headline\":\"39. godi\u0161nji EARSeL simpozij\",\"datePublished\":\"2019-07-04T14:21:02+00:00\",\"dateModified\":\"2019-07-11T09:46:24+00:00\",\"mainEntityOfPage\":{\"@id\":\"https:\/\/oikon.hr\/hr\/39th-annual-earsel-symposium\/\"},\"wordCount\":69,\"commentCount\":0,\"publisher\":{\"@id\":\"https:\/\/oikon.hr\/#organization\"},\"image\":{\"@id\":\"https:\/\/oikon.hr\/hr\/39th-annual-earsel-symposium\/#primaryimage\"},\"thumbnailUrl\":\"https:\/\/oikon.hr\/cms\/wp-content\/uploads\/2019\/07\/Ivona-EARSeL-2019.jpg\",\"keywords\":[\"39th Annual EARSeL Symposium\",\"39th Annual EARSeL Symposium\",\"EARSel\",\"EARSel\"],\"articleSection\":[\"VIJESTI\"],\"inLanguage\":\"hr-HR\",\"potentialAction\":[{\"@type\":\"CommentAction\",\"name\":\"Comment\",\"target\":[\"https:\/\/oikon.hr\/hr\/39th-annual-earsel-symposium\/#respond\"]}]},{\"@type\":\"WebPage\",\"@id\":\"https:\/\/oikon.hr\/hr\/39th-annual-earsel-symposium\/\",\"url\":\"https:\/\/oikon.hr\/hr\/39th-annual-earsel-symposium\/\",\"name\":\"39. godi\u0161nji EARSeL simpozij &#8211; Oikon d.o.o.\",\"isPartOf\":{\"@id\":\"https:\/\/oikon.hr\/#website\"},\"primaryImageOfPage\":{\"@id\":\"https:\/\/oikon.hr\/hr\/39th-annual-earsel-symposium\/#primaryimage\"},\"image\":{\"@id\":\"https:\/\/oikon.hr\/hr\/39th-annual-earsel-symposium\/#primaryimage\"},\"thumbnailUrl\":\"https:\/\/oikon.hr\/cms\/wp-content\/uploads\/2019\/07\/Ivona-EARSeL-2019.jpg\",\"datePublished\":\"2019-07-04T14:21:02+00:00\",\"dateModified\":\"2019-07-11T09:46:24+00:00\",\"description\":\"4. srpnja 2019. - na\u0161a Ivona \u017di\u017ea sudjelovala je na 39. godi\u0161njem EARSeL simpoziju, odr\u017eanom u Salzburgu u Austriji. Ivona i ostale kolege pripremili su\",\"breadcrumb\":{\"@id\":\"https:\/\/oikon.hr\/hr\/39th-annual-earsel-symposium\/#breadcrumb\"},\"inLanguage\":\"hr-HR\",\"potentialAction\":[{\"@type\":\"ReadAction\",\"target\":[\"https:\/\/oikon.hr\/hr\/39th-annual-earsel-symposium\/\"]}]},{\"@type\":\"ImageObject\",\"inLanguage\":\"hr-HR\",\"@id\":\"https:\/\/oikon.hr\/hr\/39th-annual-earsel-symposium\/#primaryimage\",\"url\":\"https:\/\/oikon.hr\/cms\/wp-content\/uploads\/2019\/07\/Ivona-EARSeL-2019.jpg\",\"contentUrl\":\"https:\/\/oikon.hr\/cms\/wp-content\/uploads\/2019\/07\/Ivona-EARSeL-2019.jpg\",\"width\":1773,\"height\":2000},{\"@type\":\"BreadcrumbList\",\"@id\":\"https:\/\/oikon.hr\/hr\/39th-annual-earsel-symposium\/#breadcrumb\",\"itemListElement\":[{\"@type\":\"ListItem\",\"position\":1,\"name\":\"\",\"item\":\"https:\/\/oikon.hr\/hr\/\"},{\"@type\":\"ListItem\",\"position\":2,\"name\":\"VIJESTI\",\"item\":\"https:\/\/oikon.hr\/hr\/topic\/vijesti\/\"},{\"@type\":\"ListItem\",\"position\":3,\"name\":\"39. godi\u0161nji EARSeL simpozij\"}]},{\"@type\":\"WebSite\",\"@id\":\"https:\/\/oikon.hr\/#website\",\"url\":\"https:\/\/oikon.hr\/\",\"name\":\"Oikon d.o.o.\",\"description\":\"Institut za primijenjenu ekologiju\",\"publisher\":{\"@id\":\"https:\/\/oikon.hr\/#organization\"},\"alternateName\":\"OIKON\",\"potentialAction\":[{\"@type\":\"SearchAction\",\"target\":{\"@type\":\"EntryPoint\",\"urlTemplate\":\"https:\/\/oikon.hr\/?s={search_term_string}\"},\"query-input\":{\"@type\":\"PropertyValueSpecification\",\"valueRequired\":true,\"valueName\":\"search_term_string\"}}],\"inLanguage\":\"hr-HR\"},{\"@type\":\"Organization\",\"@id\":\"https:\/\/oikon.hr\/#organization\",\"name\":\"Oikon d.o.o. - Institut za primijenjenu ekologiju\",\"alternateName\":\"OIKON\",\"url\":\"https:\/\/oikon.hr\/\",\"logo\":{\"@type\":\"ImageObject\",\"inLanguage\":\"hr-HR\",\"@id\":\"https:\/\/oikon.hr\/#\/schema\/logo\/image\/\",\"url\":\"https:\/\/oikon.hr\/cms\/wp-content\/uploads\/2021\/01\/OIKON_R_logo_transparent.png\",\"contentUrl\":\"https:\/\/oikon.hr\/cms\/wp-content\/uploads\/2021\/01\/OIKON_R_logo_transparent.png\",\"width\":1660,\"height\":541,\"caption\":\"Oikon d.o.o. - Institut za primijenjenu ekologiju\"},\"image\":{\"@id\":\"https:\/\/oikon.hr\/#\/schema\/logo\/image\/\"},\"sameAs\":[\"http:\/\/www.facebook.com\/OikonLtd\/\",\"https:\/\/x.com\/OikonLtd\",\"https:\/\/www.instagram.com\/oikon_ltd\/\",\"https:\/\/www.linkedin.com\/company\/oikon---institute-for-applied-technology\/\",\"https:\/\/www.youtube.com\/channel\/UCu_eJ0ct90AEN8D85KWcRHQ\"]},{\"@type\":\"Person\",\"@id\":\"https:\/\/oikon.hr\/#\/schema\/person\/4fb14a46c1071083d5de459c14a82f7c\",\"name\":\"oikonadministracija\",\"image\":{\"@type\":\"ImageObject\",\"inLanguage\":\"hr-HR\",\"@id\":\"https:\/\/oikon.hr\/#\/schema\/person\/image\/\",\"url\":\"https:\/\/secure.gravatar.com\/avatar\/e247aba33e5428fc6a24bbca24b92af36ceafa9a824508df7d1d40391c5f0748?s=96&d=mm&r=g\",\"contentUrl\":\"https:\/\/secure.gravatar.com\/avatar\/e247aba33e5428fc6a24bbca24b92af36ceafa9a824508df7d1d40391c5f0748?s=96&d=mm&r=g\",\"caption\":\"oikonadministracija\"},\"url\":\"https:\/\/oikon.hr\/hr\/author\/oikonadministracija\/\"}]}<\/script>\n<!-- \/ Yoast SEO plugin. -->","yoast_head_json":{"title":"39. godi\u0161nji EARSeL simpozij &#8211; Oikon d.o.o.","description":"4. srpnja 2019. - na\u0161a Ivona \u017di\u017ea sudjelovala je na 39. godi\u0161njem EARSeL simpoziju, odr\u017eanom u Salzburgu u Austriji. Ivona i ostale kolege pripremili su","robots":{"index":"index","follow":"follow","max-snippet":"max-snippet:-1","max-image-preview":"max-image-preview:large","max-video-preview":"max-video-preview:-1"},"canonical":"https:\/\/oikon.hr\/hr\/39th-annual-earsel-symposium\/","og_locale":"hr_HR","og_type":"article","og_title":"39. godi\u0161nji EARSeL simpozij &#8211; Oikon d.o.o.","og_description":"4. srpnja 2019. - na\u0161a Ivona \u017di\u017ea sudjelovala je na 39. godi\u0161njem EARSeL simpoziju, odr\u017eanom u Salzburgu u Austriji. Ivona i ostale kolege pripremili su","og_url":"https:\/\/oikon.hr\/hr\/39th-annual-earsel-symposium\/","og_site_name":"Oikon d.o.o.","article_publisher":"http:\/\/www.facebook.com\/OikonLtd\/","article_published_time":"2019-07-04T14:21:02+00:00","article_modified_time":"2019-07-11T09:46:24+00:00","og_image":[{"width":1773,"height":2000,"url":"https:\/\/oikon.hr\/cms\/wp-content\/uploads\/2019\/07\/Ivona-EARSeL-2019.jpg","type":"image\/jpeg"}],"author":"oikonadministracija","twitter_card":"summary_large_image","twitter_creator":"@OikonLtd","twitter_site":"@OikonLtd","twitter_misc":{"Written by":"oikonadministracija"},"schema":{"@context":"https:\/\/schema.org","@graph":[{"@type":"Article","@id":"https:\/\/oikon.hr\/hr\/39th-annual-earsel-symposium\/#article","isPartOf":{"@id":"https:\/\/oikon.hr\/hr\/39th-annual-earsel-symposium\/"},"author":{"name":"oikonadministracija","@id":"https:\/\/oikon.hr\/#\/schema\/person\/4fb14a46c1071083d5de459c14a82f7c"},"headline":"39. godi\u0161nji EARSeL simpozij","datePublished":"2019-07-04T14:21:02+00:00","dateModified":"2019-07-11T09:46:24+00:00","mainEntityOfPage":{"@id":"https:\/\/oikon.hr\/hr\/39th-annual-earsel-symposium\/"},"wordCount":69,"commentCount":0,"publisher":{"@id":"https:\/\/oikon.hr\/#organization"},"image":{"@id":"https:\/\/oikon.hr\/hr\/39th-annual-earsel-symposium\/#primaryimage"},"thumbnailUrl":"https:\/\/oikon.hr\/cms\/wp-content\/uploads\/2019\/07\/Ivona-EARSeL-2019.jpg","keywords":["39th Annual EARSeL Symposium","39th Annual EARSeL Symposium","EARSel","EARSel"],"articleSection":["VIJESTI"],"inLanguage":"hr-HR","potentialAction":[{"@type":"CommentAction","name":"Comment","target":["https:\/\/oikon.hr\/hr\/39th-annual-earsel-symposium\/#respond"]}]},{"@type":"WebPage","@id":"https:\/\/oikon.hr\/hr\/39th-annual-earsel-symposium\/","url":"https:\/\/oikon.hr\/hr\/39th-annual-earsel-symposium\/","name":"39. godi\u0161nji EARSeL simpozij &#8211; Oikon d.o.o.","isPartOf":{"@id":"https:\/\/oikon.hr\/#website"},"primaryImageOfPage":{"@id":"https:\/\/oikon.hr\/hr\/39th-annual-earsel-symposium\/#primaryimage"},"image":{"@id":"https:\/\/oikon.hr\/hr\/39th-annual-earsel-symposium\/#primaryimage"},"thumbnailUrl":"https:\/\/oikon.hr\/cms\/wp-content\/uploads\/2019\/07\/Ivona-EARSeL-2019.jpg","datePublished":"2019-07-04T14:21:02+00:00","dateModified":"2019-07-11T09:46:24+00:00","description":"4. srpnja 2019. - na\u0161a Ivona \u017di\u017ea sudjelovala je na 39. godi\u0161njem EARSeL simpoziju, odr\u017eanom u Salzburgu u Austriji. Ivona i ostale kolege pripremili su","breadcrumb":{"@id":"https:\/\/oikon.hr\/hr\/39th-annual-earsel-symposium\/#breadcrumb"},"inLanguage":"hr-HR","potentialAction":[{"@type":"ReadAction","target":["https:\/\/oikon.hr\/hr\/39th-annual-earsel-symposium\/"]}]},{"@type":"ImageObject","inLanguage":"hr-HR","@id":"https:\/\/oikon.hr\/hr\/39th-annual-earsel-symposium\/#primaryimage","url":"https:\/\/oikon.hr\/cms\/wp-content\/uploads\/2019\/07\/Ivona-EARSeL-2019.jpg","contentUrl":"https:\/\/oikon.hr\/cms\/wp-content\/uploads\/2019\/07\/Ivona-EARSeL-2019.jpg","width":1773,"height":2000},{"@type":"BreadcrumbList","@id":"https:\/\/oikon.hr\/hr\/39th-annual-earsel-symposium\/#breadcrumb","itemListElement":[{"@type":"ListItem","position":1,"name":"","item":"https:\/\/oikon.hr\/hr\/"},{"@type":"ListItem","position":2,"name":"VIJESTI","item":"https:\/\/oikon.hr\/hr\/topic\/vijesti\/"},{"@type":"ListItem","position":3,"name":"39. godi\u0161nji EARSeL simpozij"}]},{"@type":"WebSite","@id":"https:\/\/oikon.hr\/#website","url":"https:\/\/oikon.hr\/","name":"Oikon d.o.o.","description":"Institut za primijenjenu ekologiju","publisher":{"@id":"https:\/\/oikon.hr\/#organization"},"alternateName":"OIKON","potentialAction":[{"@type":"SearchAction","target":{"@type":"EntryPoint","urlTemplate":"https:\/\/oikon.hr\/?s={search_term_string}"},"query-input":{"@type":"PropertyValueSpecification","valueRequired":true,"valueName":"search_term_string"}}],"inLanguage":"hr-HR"},{"@type":"Organization","@id":"https:\/\/oikon.hr\/#organization","name":"Oikon d.o.o. - Institut za primijenjenu ekologiju","alternateName":"OIKON","url":"https:\/\/oikon.hr\/","logo":{"@type":"ImageObject","inLanguage":"hr-HR","@id":"https:\/\/oikon.hr\/#\/schema\/logo\/image\/","url":"https:\/\/oikon.hr\/cms\/wp-content\/uploads\/2021\/01\/OIKON_R_logo_transparent.png","contentUrl":"https:\/\/oikon.hr\/cms\/wp-content\/uploads\/2021\/01\/OIKON_R_logo_transparent.png","width":1660,"height":541,"caption":"Oikon d.o.o. - Institut za primijenjenu ekologiju"},"image":{"@id":"https:\/\/oikon.hr\/#\/schema\/logo\/image\/"},"sameAs":["http:\/\/www.facebook.com\/OikonLtd\/","https:\/\/x.com\/OikonLtd","https:\/\/www.instagram.com\/oikon_ltd\/","https:\/\/www.linkedin.com\/company\/oikon---institute-for-applied-technology\/","https:\/\/www.youtube.com\/channel\/UCu_eJ0ct90AEN8D85KWcRHQ"]},{"@type":"Person","@id":"https:\/\/oikon.hr\/#\/schema\/person\/4fb14a46c1071083d5de459c14a82f7c","name":"oikonadministracija","image":{"@type":"ImageObject","inLanguage":"hr-HR","@id":"https:\/\/oikon.hr\/#\/schema\/person\/image\/","url":"https:\/\/secure.gravatar.com\/avatar\/e247aba33e5428fc6a24bbca24b92af36ceafa9a824508df7d1d40391c5f0748?s=96&d=mm&r=g","contentUrl":"https:\/\/secure.gravatar.com\/avatar\/e247aba33e5428fc6a24bbca24b92af36ceafa9a824508df7d1d40391c5f0748?s=96&d=mm&r=g","caption":"oikonadministracija"},"url":"https:\/\/oikon.hr\/hr\/author\/oikonadministracija\/"}]}},"_links":{"self":[{"href":"https:\/\/oikon.hr\/hr\/wp-json\/wp\/v2\/posts\/3579","targetHints":{"allow":["GET"]}}],"collection":[{"href":"https:\/\/oikon.hr\/hr\/wp-json\/wp\/v2\/posts"}],"about":[{"href":"https:\/\/oikon.hr\/hr\/wp-json\/wp\/v2\/types\/post"}],"author":[{"embeddable":true,"href":"https:\/\/oikon.hr\/hr\/wp-json\/wp\/v2\/users\/2"}],"replies":[{"embeddable":true,"href":"https:\/\/oikon.hr\/hr\/wp-json\/wp\/v2\/comments?post=3579"}],"version-history":[{"count":0,"href":"https:\/\/oikon.hr\/hr\/wp-json\/wp\/v2\/posts\/3579\/revisions"}],"wp:featuredmedia":[{"embeddable":true,"href":"https:\/\/oikon.hr\/hr\/wp-json\/wp\/v2\/media\/3573"}],"wp:attachment":[{"href":"https:\/\/oikon.hr\/hr\/wp-json\/wp\/v2\/media?parent=3579"}],"wp:term":[{"taxonomy":"category","embeddable":true,"href":"https:\/\/oikon.hr\/hr\/wp-json\/wp\/v2\/categories?post=3579"},{"taxonomy":"post_tag","embeddable":true,"href":"https:\/\/oikon.hr\/hr\/wp-json\/wp\/v2\/tags?post=3579"}],"curies":[{"name":"wp","href":"https:\/\/api.w.org\/{rel}","templated":true}]}}