{"id":3635,"date":"2019-09-03T12:22:43","date_gmt":"2019-09-03T10:22:43","guid":{"rendered":"https:\/\/oikon.hr\/?p=3635"},"modified":"2019-09-04T15:40:44","modified_gmt":"2019-09-04T13:40:44","slug":"sirenje-hrastove-mrezaste-stjenice-u-hrvatskoj","status":"publish","type":"post","link":"https:\/\/oikon.hr\/hr\/sirenje-hrastove-mrezaste-stjenice-u-hrvatskoj\/","title":{"rendered":"\u0160irenje hrastove mre\u017easte stjenice u Hrvatskoj"},"content":{"rendered":"\n<p>3. rujna 2019. &#8211; Vjerojatno ste primijetili male prozirne kukce veli\u010dine do 2\nmm koji nam dosa\u0111uju i \u201egrizu\u201c nas cijelo ljeto. Rije\u010d je o hrastovoj mre\u017eastoj\nstjenici (<em>Corythucha arcuata<\/em>) koja je\ninvazivna vrsta i \u0161tetnik na hrastu. Dolazi iz Sjeverne Amerike, a u Europi se\npojavila 2000.<\/p>\n\n\n\n<div class=\"wp-block-image\"><figure class=\"alignleft\"><a href=\"https:\/\/oikon.hr\/cms\/wp-content\/uploads\/2019\/03\/oak-lace-bug-111x150.png\" data-rel=\"lightbox-gallery-xdQCCfJP\" data-rl_title=\"\" data-rl_caption=\"\" title=\"\"><img decoding=\"async\" src=\"https:\/\/oikon.hr\/cms\/wp-content\/uploads\/2019\/03\/oak-lace-bug-111x150.png\" alt=\"\"\/><\/a><\/figure><\/div>\n\n\n\n<p>U Hrvatskoj je ovaj \u0161tetnik prvi puta uo\u010den 2013. godine u\nblizini grani\u010dnog prijelaza Bajakovo i prvog odmori\u0161ta nakon grani\u010dnog\nprijelaza, dok se 2014. pro\u0161irio na ve\u0107i dio Spa\u010dvanskog bazena na kojem se\nnalazi jedan od najvrjednijih i najve\u0107ih kompleksa hrasta lu\u017enjaka u Europi. U\ngodinama 2015. i 2016. jo\u0161 uvijek je bio samo na podru\u010dju Spa\u010dvanskog bazena.\nMe\u0111utim, 2017. je otkriven u ve\u0107ini krajeva nizinske kontinentalne Hrvatske, a\n2018. godine napad se poja\u010davao intenzitetom i povr\u0161inom. Tako da su danas zara\u017eene\ngotovo sve sastojine hrasta lu\u017enjaka (preko 200.000 ha), a uo\u010deno je da se \u0161iri\ni na hrast kitnjak koji \u010dini ve\u0107inu \u0161uma u brdskim krajevima.<\/p>\n\n\n\n<p>Oikonov tim stru\u010dnjaka iz Laboratorija za daljinska\nistra\u017eivanja i GIS na \u010delu s dr. sc. Alenom Bertom kartirali su njegovo \u0161irenje\nkroz Hrvatsku na osnovu metoda daljinskog istra\u017eivanja (preko satelita) i \u0161tete\nkoju \u010dini \u0161umama, \u0161to mo\u017eete vidjeti iz prilo\u017eenih karata.<\/p>\n\n\n\n<figure class=\"wp-block-image\"><img loading=\"lazy\" decoding=\"async\" width=\"770\" height=\"544\" src=\"https:\/\/oikon.hr\/cms\/wp-content\/uploads\/2019\/09\/napad_gif.gif\" alt=\"\" class=\"wp-image-3631\"\/><figcaption> \u0160irenje i intenzitet napada hrastove mre\u017easte stjenice kroz Spa\u010dvanski bazen (2013-2017) <\/figcaption><\/figure>\n\n\n\n<figure class=\"wp-block-image\"><img loading=\"lazy\" decoding=\"async\" width=\"2000\" height=\"1972\" src=\"https:\/\/oikon.hr\/cms\/wp-content\/uploads\/2019\/09\/HMS_sirenje_ceste_cr.jpg\" alt=\"\" class=\"wp-image-3633\" srcset=\"https:\/\/oikon.hr\/cms\/wp-content\/uploads\/2019\/09\/HMS_sirenje_ceste_cr.jpg 2000w, https:\/\/oikon.hr\/cms\/wp-content\/uploads\/2019\/09\/HMS_sirenje_ceste_cr-150x148.jpg 150w, https:\/\/oikon.hr\/cms\/wp-content\/uploads\/2019\/09\/HMS_sirenje_ceste_cr-300x296.jpg 300w, https:\/\/oikon.hr\/cms\/wp-content\/uploads\/2019\/09\/HMS_sirenje_ceste_cr-768x757.jpg 768w, https:\/\/oikon.hr\/cms\/wp-content\/uploads\/2019\/09\/HMS_sirenje_ceste_cr-1024x1010.jpg 1024w\" sizes=\"auto, (max-width: 2000px) 100vw, 2000px\" \/><figcaption> Zavr\u0161na karta \u0161irenja hrastove mre\u017easte stjenice nakon provedene analize (2018) <\/figcaption><\/figure>\n\n\n\n<p>Iako ovaj kukac nije dobar leta\u010d, zbog svoje brojnosti i\ndimenzija prenosio se uz najve\u0107e prometne pravce i odmori\u0161ta kamiona. Zamislite\nsamo njegovu brojnost kada ima 4-5 generacija godi\u0161nje, a svaka jedinka polo\u017ei\ndo 100 jaja\u0161aca. To zna\u010di da jedan jedini kukac koji pre\u017eivi zimu unutar kore na\njesen ima do 10 milijardi praprapraunuka. Da, dobro ste pro\u010ditali \u2013 njih 10.000.000.000\nod samo jednog kukca!<\/p>\n\n\n\n<p>Kukac si\u0161e klorofil, zbog \u010dega listovi posme\u0111e, zbog \u010dega\nstablo ne mo\u017ee raditi fotosintezu i stvarati hranu te gladuje. Pitanje je samo\nkoliko \u0107e na\u0161 najvrjedniji hrast izdr\u017eati tu \u201edijetu\u201c koja u nekim krajevima\ntraje ve\u0107 5-6 godina.<\/p>\n\n\n\n<p>Vi\u0161e informacija o samom projektu: <a rel=\"noreferrer noopener\" href=\"https:\/\/oikon.hr\/hr\/studija-o-ucinkovitosti-sprjecavanja-sirenja-hrastove-mrezaste-stjenice\/\" target=\"_blank\">https:\/\/oikon.hr\/hr\/studija-o-ucinkovitosti-sprjecavanja-sirenja-hrastove-mrezaste-stjenice\/<\/a><\/p>\n\n\n\n<p>O ovome smo informacije i izjavu dali i za Ve\u010dernji list:   <a href=\"https:\/\/www.vecernji.hr\/vijesti\/biljne-stjenice-grickaju-ljude-no-evo-kakvu-stetu-cine-sumama-1342792?fbclid=IwAR1lCtSzGJhWsNg0deL9-IHyC7MdTNp4BC069aFEcuqkOu251d-zhWL6Dho\">https:\/\/www.vecernji.hr\/vijesti\/biljne-stjenice-grickaju-ljude-no-evo-kakvu-stetu-cine-sumama-1342792?fbclid=IwAR1lCtSzGJhWsNg0deL9-IHyC7MdTNp4BC069aFEcuqkOu251d-zhWL6Dho<\/a> <\/p>\n\n\n\n<p><\/p>\n","protected":false},"excerpt":{"rendered":"<p>3. rujna 2019. &#8211; Vjerojatno ste primijetili male prozirne kukce veli\u010dine do 2 mm koji nam dosa\u0111uju i \u201egrizu\u201c nas cijelo ljeto. Rije\u010d je o hrastovoj mre\u017eastoj stjenici (Corythucha arcuata) koja je invazivna vrsta i \u0161tetnik na hrastu. Dolazi iz Sjeverne Amerike, a u Europi se pojavila 2000. U Hrvatskoj je ovaj \u0161tetnik prvi puta &hellip; <a href=\"https:\/\/oikon.hr\/hr\/sirenje-hrastove-mrezaste-stjenice-u-hrvatskoj\/\">Saznajte vi\u0161e<\/a><\/p>\n","protected":false},"author":2,"featured_media":3631,"comment_status":"open","ping_status":"open","sticky":false,"template":"","format":"standard","meta":{"_acf_changed":false,"footnotes":""},"categories":[798],"tags":[1149,377,1152],"class_list":["post-3635","post","type-post","status-publish","format-standard","has-post-thumbnail","hentry","category-vijesti","tag-bajakovo","tag-remote-sensing","tag-stetnik"],"acf":[],"yoast_head":"<!-- This site is optimized with the Yoast SEO plugin v27.0 - https:\/\/yoast.com\/product\/yoast-seo-wordpress\/ -->\n<title>\u0160irenje hrastove mre\u017easte stjenice u Hrvatskoj &#8211; Oikon d.o.o.<\/title>\n<meta name=\"description\" content=\"3. rujna 2019. - Vjerojatno ste primijetili male prozirne kukce veli\u010dine do 2 mm koji nam dosa\u0111uju i \u201egrizu\u201c nas cijelo ljeto. Rije\u010d je o hrastovoj\" \/>\n<meta name=\"robots\" content=\"index, follow, max-snippet:-1, max-image-preview:large, max-video-preview:-1\" \/>\n<link rel=\"canonical\" href=\"https:\/\/oikon.hr\/hr\/sirenje-hrastove-mrezaste-stjenice-u-hrvatskoj\/\" \/>\n<meta property=\"og:locale\" content=\"hr_HR\" \/>\n<meta property=\"og:type\" content=\"article\" \/>\n<meta property=\"og:title\" content=\"\u0160irenje hrastove mre\u017easte stjenice u Hrvatskoj &#8211; Oikon d.o.o.\" \/>\n<meta property=\"og:description\" content=\"3. rujna 2019. - Vjerojatno ste primijetili male prozirne kukce veli\u010dine do 2 mm koji nam dosa\u0111uju i \u201egrizu\u201c nas cijelo ljeto. Rije\u010d je o hrastovoj\" \/>\n<meta property=\"og:url\" content=\"https:\/\/oikon.hr\/hr\/sirenje-hrastove-mrezaste-stjenice-u-hrvatskoj\/\" \/>\n<meta property=\"og:site_name\" content=\"Oikon d.o.o.\" \/>\n<meta property=\"article:publisher\" content=\"http:\/\/www.facebook.com\/OikonLtd\/\" \/>\n<meta property=\"article:published_time\" content=\"2019-09-03T10:22:43+00:00\" \/>\n<meta property=\"article:modified_time\" content=\"2019-09-04T13:40:44+00:00\" \/>\n<meta property=\"og:image\" content=\"https:\/\/oikon.hr\/cms\/wp-content\/uploads\/2019\/09\/napad_gif.gif\" \/>\n\t<meta property=\"og:image:width\" content=\"770\" \/>\n\t<meta property=\"og:image:height\" content=\"544\" \/>\n\t<meta property=\"og:image:type\" content=\"image\/gif\" \/>\n<meta name=\"author\" content=\"oikonadministracija\" \/>\n<meta name=\"twitter:card\" content=\"summary_large_image\" \/>\n<meta name=\"twitter:creator\" content=\"@OikonLtd\" \/>\n<meta name=\"twitter:site\" content=\"@OikonLtd\" \/>\n<meta name=\"twitter:label1\" content=\"Written by\" \/>\n\t<meta name=\"twitter:data1\" content=\"oikonadministracija\" \/>\n\t<meta name=\"twitter:label2\" content=\"Est. reading time\" \/>\n\t<meta name=\"twitter:data2\" content=\"2 minutes\" \/>\n<script type=\"application\/ld+json\" class=\"yoast-schema-graph\">{\"@context\":\"https:\/\/schema.org\",\"@graph\":[{\"@type\":\"Article\",\"@id\":\"https:\/\/oikon.hr\/hr\/sirenje-hrastove-mrezaste-stjenice-u-hrvatskoj\/#article\",\"isPartOf\":{\"@id\":\"https:\/\/oikon.hr\/hr\/sirenje-hrastove-mrezaste-stjenice-u-hrvatskoj\/\"},\"author\":{\"name\":\"oikonadministracija\",\"@id\":\"https:\/\/oikon.hr\/#\/schema\/person\/4fb14a46c1071083d5de459c14a82f7c\"},\"headline\":\"\u0160irenje hrastove mre\u017easte stjenice u Hrvatskoj\",\"datePublished\":\"2019-09-03T10:22:43+00:00\",\"dateModified\":\"2019-09-04T13:40:44+00:00\",\"mainEntityOfPage\":{\"@id\":\"https:\/\/oikon.hr\/hr\/sirenje-hrastove-mrezaste-stjenice-u-hrvatskoj\/\"},\"wordCount\":393,\"commentCount\":0,\"publisher\":{\"@id\":\"https:\/\/oikon.hr\/#organization\"},\"image\":{\"@id\":\"https:\/\/oikon.hr\/hr\/sirenje-hrastove-mrezaste-stjenice-u-hrvatskoj\/#primaryimage\"},\"thumbnailUrl\":\"https:\/\/oikon.hr\/cms\/wp-content\/uploads\/2019\/09\/napad_gif.gif\",\"keywords\":[\"Bajakovo\",\"remote sensing\",\"\u0161tetnik\"],\"articleSection\":[\"VIJESTI\"],\"inLanguage\":\"hr-HR\",\"potentialAction\":[{\"@type\":\"CommentAction\",\"name\":\"Comment\",\"target\":[\"https:\/\/oikon.hr\/hr\/sirenje-hrastove-mrezaste-stjenice-u-hrvatskoj\/#respond\"]}]},{\"@type\":\"WebPage\",\"@id\":\"https:\/\/oikon.hr\/hr\/sirenje-hrastove-mrezaste-stjenice-u-hrvatskoj\/\",\"url\":\"https:\/\/oikon.hr\/hr\/sirenje-hrastove-mrezaste-stjenice-u-hrvatskoj\/\",\"name\":\"\u0160irenje hrastove mre\u017easte stjenice u Hrvatskoj &#8211; Oikon d.o.o.\",\"isPartOf\":{\"@id\":\"https:\/\/oikon.hr\/#website\"},\"primaryImageOfPage\":{\"@id\":\"https:\/\/oikon.hr\/hr\/sirenje-hrastove-mrezaste-stjenice-u-hrvatskoj\/#primaryimage\"},\"image\":{\"@id\":\"https:\/\/oikon.hr\/hr\/sirenje-hrastove-mrezaste-stjenice-u-hrvatskoj\/#primaryimage\"},\"thumbnailUrl\":\"https:\/\/oikon.hr\/cms\/wp-content\/uploads\/2019\/09\/napad_gif.gif\",\"datePublished\":\"2019-09-03T10:22:43+00:00\",\"dateModified\":\"2019-09-04T13:40:44+00:00\",\"description\":\"3. rujna 2019. - Vjerojatno ste primijetili male prozirne kukce veli\u010dine do 2 mm koji nam dosa\u0111uju i \u201egrizu\u201c nas cijelo ljeto. Rije\u010d je o hrastovoj\",\"breadcrumb\":{\"@id\":\"https:\/\/oikon.hr\/hr\/sirenje-hrastove-mrezaste-stjenice-u-hrvatskoj\/#breadcrumb\"},\"inLanguage\":\"hr-HR\",\"potentialAction\":[{\"@type\":\"ReadAction\",\"target\":[\"https:\/\/oikon.hr\/hr\/sirenje-hrastove-mrezaste-stjenice-u-hrvatskoj\/\"]}]},{\"@type\":\"ImageObject\",\"inLanguage\":\"hr-HR\",\"@id\":\"https:\/\/oikon.hr\/hr\/sirenje-hrastove-mrezaste-stjenice-u-hrvatskoj\/#primaryimage\",\"url\":\"https:\/\/oikon.hr\/cms\/wp-content\/uploads\/2019\/09\/napad_gif.gif\",\"contentUrl\":\"https:\/\/oikon.hr\/cms\/wp-content\/uploads\/2019\/09\/napad_gif.gif\",\"width\":770,\"height\":544},{\"@type\":\"BreadcrumbList\",\"@id\":\"https:\/\/oikon.hr\/hr\/sirenje-hrastove-mrezaste-stjenice-u-hrvatskoj\/#breadcrumb\",\"itemListElement\":[{\"@type\":\"ListItem\",\"position\":1,\"name\":\"\",\"item\":\"https:\/\/oikon.hr\/hr\/\"},{\"@type\":\"ListItem\",\"position\":2,\"name\":\"VIJESTI\",\"item\":\"https:\/\/oikon.hr\/hr\/topic\/vijesti\/\"},{\"@type\":\"ListItem\",\"position\":3,\"name\":\"\u0160irenje hrastove mre\u017easte stjenice u Hrvatskoj\"}]},{\"@type\":\"WebSite\",\"@id\":\"https:\/\/oikon.hr\/#website\",\"url\":\"https:\/\/oikon.hr\/\",\"name\":\"Oikon d.o.o.\",\"description\":\"Institut za primijenjenu ekologiju\",\"publisher\":{\"@id\":\"https:\/\/oikon.hr\/#organization\"},\"alternateName\":\"OIKON\",\"potentialAction\":[{\"@type\":\"SearchAction\",\"target\":{\"@type\":\"EntryPoint\",\"urlTemplate\":\"https:\/\/oikon.hr\/?s={search_term_string}\"},\"query-input\":{\"@type\":\"PropertyValueSpecification\",\"valueRequired\":true,\"valueName\":\"search_term_string\"}}],\"inLanguage\":\"hr-HR\"},{\"@type\":\"Organization\",\"@id\":\"https:\/\/oikon.hr\/#organization\",\"name\":\"Oikon d.o.o. - Institut za primijenjenu ekologiju\",\"alternateName\":\"OIKON\",\"url\":\"https:\/\/oikon.hr\/\",\"logo\":{\"@type\":\"ImageObject\",\"inLanguage\":\"hr-HR\",\"@id\":\"https:\/\/oikon.hr\/#\/schema\/logo\/image\/\",\"url\":\"https:\/\/oikon.hr\/cms\/wp-content\/uploads\/2021\/01\/OIKON_R_logo_transparent.png\",\"contentUrl\":\"https:\/\/oikon.hr\/cms\/wp-content\/uploads\/2021\/01\/OIKON_R_logo_transparent.png\",\"width\":1660,\"height\":541,\"caption\":\"Oikon d.o.o. - Institut za primijenjenu ekologiju\"},\"image\":{\"@id\":\"https:\/\/oikon.hr\/#\/schema\/logo\/image\/\"},\"sameAs\":[\"http:\/\/www.facebook.com\/OikonLtd\/\",\"https:\/\/x.com\/OikonLtd\",\"https:\/\/www.instagram.com\/oikon_ltd\/\",\"https:\/\/www.linkedin.com\/company\/oikon---institute-for-applied-technology\/\",\"https:\/\/www.youtube.com\/channel\/UCu_eJ0ct90AEN8D85KWcRHQ\"]},{\"@type\":\"Person\",\"@id\":\"https:\/\/oikon.hr\/#\/schema\/person\/4fb14a46c1071083d5de459c14a82f7c\",\"name\":\"oikonadministracija\",\"image\":{\"@type\":\"ImageObject\",\"inLanguage\":\"hr-HR\",\"@id\":\"https:\/\/oikon.hr\/#\/schema\/person\/image\/\",\"url\":\"https:\/\/secure.gravatar.com\/avatar\/e247aba33e5428fc6a24bbca24b92af36ceafa9a824508df7d1d40391c5f0748?s=96&d=mm&r=g\",\"contentUrl\":\"https:\/\/secure.gravatar.com\/avatar\/e247aba33e5428fc6a24bbca24b92af36ceafa9a824508df7d1d40391c5f0748?s=96&d=mm&r=g\",\"caption\":\"oikonadministracija\"},\"url\":\"https:\/\/oikon.hr\/hr\/author\/oikonadministracija\/\"}]}<\/script>\n<!-- \/ Yoast SEO plugin. -->","yoast_head_json":{"title":"\u0160irenje hrastove mre\u017easte stjenice u Hrvatskoj &#8211; Oikon d.o.o.","description":"3. rujna 2019. - Vjerojatno ste primijetili male prozirne kukce veli\u010dine do 2 mm koji nam dosa\u0111uju i \u201egrizu\u201c nas cijelo ljeto. Rije\u010d je o hrastovoj","robots":{"index":"index","follow":"follow","max-snippet":"max-snippet:-1","max-image-preview":"max-image-preview:large","max-video-preview":"max-video-preview:-1"},"canonical":"https:\/\/oikon.hr\/hr\/sirenje-hrastove-mrezaste-stjenice-u-hrvatskoj\/","og_locale":"hr_HR","og_type":"article","og_title":"\u0160irenje hrastove mre\u017easte stjenice u Hrvatskoj &#8211; Oikon d.o.o.","og_description":"3. rujna 2019. - Vjerojatno ste primijetili male prozirne kukce veli\u010dine do 2 mm koji nam dosa\u0111uju i \u201egrizu\u201c nas cijelo ljeto. Rije\u010d je o hrastovoj","og_url":"https:\/\/oikon.hr\/hr\/sirenje-hrastove-mrezaste-stjenice-u-hrvatskoj\/","og_site_name":"Oikon d.o.o.","article_publisher":"http:\/\/www.facebook.com\/OikonLtd\/","article_published_time":"2019-09-03T10:22:43+00:00","article_modified_time":"2019-09-04T13:40:44+00:00","og_image":[{"width":770,"height":544,"url":"https:\/\/oikon.hr\/cms\/wp-content\/uploads\/2019\/09\/napad_gif.gif","type":"image\/gif"}],"author":"oikonadministracija","twitter_card":"summary_large_image","twitter_creator":"@OikonLtd","twitter_site":"@OikonLtd","twitter_misc":{"Written by":"oikonadministracija","Est. reading time":"2 minutes"},"schema":{"@context":"https:\/\/schema.org","@graph":[{"@type":"Article","@id":"https:\/\/oikon.hr\/hr\/sirenje-hrastove-mrezaste-stjenice-u-hrvatskoj\/#article","isPartOf":{"@id":"https:\/\/oikon.hr\/hr\/sirenje-hrastove-mrezaste-stjenice-u-hrvatskoj\/"},"author":{"name":"oikonadministracija","@id":"https:\/\/oikon.hr\/#\/schema\/person\/4fb14a46c1071083d5de459c14a82f7c"},"headline":"\u0160irenje hrastove mre\u017easte stjenice u Hrvatskoj","datePublished":"2019-09-03T10:22:43+00:00","dateModified":"2019-09-04T13:40:44+00:00","mainEntityOfPage":{"@id":"https:\/\/oikon.hr\/hr\/sirenje-hrastove-mrezaste-stjenice-u-hrvatskoj\/"},"wordCount":393,"commentCount":0,"publisher":{"@id":"https:\/\/oikon.hr\/#organization"},"image":{"@id":"https:\/\/oikon.hr\/hr\/sirenje-hrastove-mrezaste-stjenice-u-hrvatskoj\/#primaryimage"},"thumbnailUrl":"https:\/\/oikon.hr\/cms\/wp-content\/uploads\/2019\/09\/napad_gif.gif","keywords":["Bajakovo","remote sensing","\u0161tetnik"],"articleSection":["VIJESTI"],"inLanguage":"hr-HR","potentialAction":[{"@type":"CommentAction","name":"Comment","target":["https:\/\/oikon.hr\/hr\/sirenje-hrastove-mrezaste-stjenice-u-hrvatskoj\/#respond"]}]},{"@type":"WebPage","@id":"https:\/\/oikon.hr\/hr\/sirenje-hrastove-mrezaste-stjenice-u-hrvatskoj\/","url":"https:\/\/oikon.hr\/hr\/sirenje-hrastove-mrezaste-stjenice-u-hrvatskoj\/","name":"\u0160irenje hrastove mre\u017easte stjenice u Hrvatskoj &#8211; Oikon d.o.o.","isPartOf":{"@id":"https:\/\/oikon.hr\/#website"},"primaryImageOfPage":{"@id":"https:\/\/oikon.hr\/hr\/sirenje-hrastove-mrezaste-stjenice-u-hrvatskoj\/#primaryimage"},"image":{"@id":"https:\/\/oikon.hr\/hr\/sirenje-hrastove-mrezaste-stjenice-u-hrvatskoj\/#primaryimage"},"thumbnailUrl":"https:\/\/oikon.hr\/cms\/wp-content\/uploads\/2019\/09\/napad_gif.gif","datePublished":"2019-09-03T10:22:43+00:00","dateModified":"2019-09-04T13:40:44+00:00","description":"3. rujna 2019. - Vjerojatno ste primijetili male prozirne kukce veli\u010dine do 2 mm koji nam dosa\u0111uju i \u201egrizu\u201c nas cijelo ljeto. Rije\u010d je o hrastovoj","breadcrumb":{"@id":"https:\/\/oikon.hr\/hr\/sirenje-hrastove-mrezaste-stjenice-u-hrvatskoj\/#breadcrumb"},"inLanguage":"hr-HR","potentialAction":[{"@type":"ReadAction","target":["https:\/\/oikon.hr\/hr\/sirenje-hrastove-mrezaste-stjenice-u-hrvatskoj\/"]}]},{"@type":"ImageObject","inLanguage":"hr-HR","@id":"https:\/\/oikon.hr\/hr\/sirenje-hrastove-mrezaste-stjenice-u-hrvatskoj\/#primaryimage","url":"https:\/\/oikon.hr\/cms\/wp-content\/uploads\/2019\/09\/napad_gif.gif","contentUrl":"https:\/\/oikon.hr\/cms\/wp-content\/uploads\/2019\/09\/napad_gif.gif","width":770,"height":544},{"@type":"BreadcrumbList","@id":"https:\/\/oikon.hr\/hr\/sirenje-hrastove-mrezaste-stjenice-u-hrvatskoj\/#breadcrumb","itemListElement":[{"@type":"ListItem","position":1,"name":"","item":"https:\/\/oikon.hr\/hr\/"},{"@type":"ListItem","position":2,"name":"VIJESTI","item":"https:\/\/oikon.hr\/hr\/topic\/vijesti\/"},{"@type":"ListItem","position":3,"name":"\u0160irenje hrastove mre\u017easte stjenice u Hrvatskoj"}]},{"@type":"WebSite","@id":"https:\/\/oikon.hr\/#website","url":"https:\/\/oikon.hr\/","name":"Oikon d.o.o.","description":"Institut za primijenjenu ekologiju","publisher":{"@id":"https:\/\/oikon.hr\/#organization"},"alternateName":"OIKON","potentialAction":[{"@type":"SearchAction","target":{"@type":"EntryPoint","urlTemplate":"https:\/\/oikon.hr\/?s={search_term_string}"},"query-input":{"@type":"PropertyValueSpecification","valueRequired":true,"valueName":"search_term_string"}}],"inLanguage":"hr-HR"},{"@type":"Organization","@id":"https:\/\/oikon.hr\/#organization","name":"Oikon d.o.o. - Institut za primijenjenu ekologiju","alternateName":"OIKON","url":"https:\/\/oikon.hr\/","logo":{"@type":"ImageObject","inLanguage":"hr-HR","@id":"https:\/\/oikon.hr\/#\/schema\/logo\/image\/","url":"https:\/\/oikon.hr\/cms\/wp-content\/uploads\/2021\/01\/OIKON_R_logo_transparent.png","contentUrl":"https:\/\/oikon.hr\/cms\/wp-content\/uploads\/2021\/01\/OIKON_R_logo_transparent.png","width":1660,"height":541,"caption":"Oikon d.o.o. - Institut za primijenjenu ekologiju"},"image":{"@id":"https:\/\/oikon.hr\/#\/schema\/logo\/image\/"},"sameAs":["http:\/\/www.facebook.com\/OikonLtd\/","https:\/\/x.com\/OikonLtd","https:\/\/www.instagram.com\/oikon_ltd\/","https:\/\/www.linkedin.com\/company\/oikon---institute-for-applied-technology\/","https:\/\/www.youtube.com\/channel\/UCu_eJ0ct90AEN8D85KWcRHQ"]},{"@type":"Person","@id":"https:\/\/oikon.hr\/#\/schema\/person\/4fb14a46c1071083d5de459c14a82f7c","name":"oikonadministracija","image":{"@type":"ImageObject","inLanguage":"hr-HR","@id":"https:\/\/oikon.hr\/#\/schema\/person\/image\/","url":"https:\/\/secure.gravatar.com\/avatar\/e247aba33e5428fc6a24bbca24b92af36ceafa9a824508df7d1d40391c5f0748?s=96&d=mm&r=g","contentUrl":"https:\/\/secure.gravatar.com\/avatar\/e247aba33e5428fc6a24bbca24b92af36ceafa9a824508df7d1d40391c5f0748?s=96&d=mm&r=g","caption":"oikonadministracija"},"url":"https:\/\/oikon.hr\/hr\/author\/oikonadministracija\/"}]}},"_links":{"self":[{"href":"https:\/\/oikon.hr\/hr\/wp-json\/wp\/v2\/posts\/3635","targetHints":{"allow":["GET"]}}],"collection":[{"href":"https:\/\/oikon.hr\/hr\/wp-json\/wp\/v2\/posts"}],"about":[{"href":"https:\/\/oikon.hr\/hr\/wp-json\/wp\/v2\/types\/post"}],"author":[{"embeddable":true,"href":"https:\/\/oikon.hr\/hr\/wp-json\/wp\/v2\/users\/2"}],"replies":[{"embeddable":true,"href":"https:\/\/oikon.hr\/hr\/wp-json\/wp\/v2\/comments?post=3635"}],"version-history":[{"count":0,"href":"https:\/\/oikon.hr\/hr\/wp-json\/wp\/v2\/posts\/3635\/revisions"}],"wp:featuredmedia":[{"embeddable":true,"href":"https:\/\/oikon.hr\/hr\/wp-json\/wp\/v2\/media\/3631"}],"wp:attachment":[{"href":"https:\/\/oikon.hr\/hr\/wp-json\/wp\/v2\/media?parent=3635"}],"wp:term":[{"taxonomy":"category","embeddable":true,"href":"https:\/\/oikon.hr\/hr\/wp-json\/wp\/v2\/categories?post=3635"},{"taxonomy":"post_tag","embeddable":true,"href":"https:\/\/oikon.hr\/hr\/wp-json\/wp\/v2\/tags?post=3635"}],"curies":[{"name":"wp","href":"https:\/\/api.w.org\/{rel}","templated":true}]}}