{"id":3777,"date":"2019-09-20T18:17:43","date_gmt":"2019-09-20T16:17:43","guid":{"rendered":"https:\/\/oikon.hr\/strong-presence-at-the-4th-regional-eia-conference-huszpo\/"},"modified":"2019-09-20T18:22:48","modified_gmt":"2019-09-20T16:22:48","slug":"strong-presence-at-the-4th-regional-eia-conference-huszpo","status":"publish","type":"post","link":"https:\/\/oikon.hr\/hr\/strong-presence-at-the-4th-regional-eia-conference-huszpo\/","title":{"rendered":"Jaka prisutnost na 4. regionalnoj HUSZPO konferenciji"},"content":{"rendered":"\n<p>20. rujna\n2019. \u2212 \u010cetvrta regionalna konferencija o procjeni utjecaja na okoli\u0161 u\norganizaciji Hrvatske udruge stru\u010dnjaka za\u0161tite prirode i okoli\u0161a (HUSZPO), a\n\u010diji je OIKON glavni sponzor, odr\u017eana je u Vodicama.<\/p>\n\n\n\n<p>Intenzivni\ndvodnevni program, podijeljen u tri sekcije: Procjena utjecaja na okoli\u0161 (PUO),\nStrategija za\u0161tite prirode i okoli\u0161a te Odr\u017eivi i uklju\u010divi razvoj, obuhvatio\nje vi\u0161e od 80 usmenih izlaganja, sedam posterskih izlaganja i dva okrugla stola.\nKonferencija je okupila oko 300 sudionika iz Slovenije, Bosne i Hercegovine,\nKosova, Sjeverne Makedonije, predstavnike tijela dr\u017eavne uprave, ovla\u0161tenike na\nposlovima za\u0161tite okoli\u0161a, poduzetnike i investitore te udruge civilnoga\ndru\u0161tva.<\/p>\n\n\n\n<p>Oikonovih\n18 stru\u010dnjaka odr\u017ealo je \u010dak 21 usmeno i \u010detiri posterska izlaganja. Tako jakom\nprisutno\u0161\u0107u na konferenciji, Oikon je dokazao svoj utjecaj i va\u017enost na podru\u010dju\nza\u0161tite prirode i okoli\u0161a u Hrvatskoj, ali i regiji. <\/p>\n\n\n\n<p>Cilj HUSZPO\nkonferencije je okupiti dionike postupaka u podru\u010dju za\u0161tite prirode i okoli\u0161a\nte im omogu\u0107iti da kroz konstruktivan i demokratski dijalog me\u0111usobno podijele\nsvoja znanja, iskustva i stavove.<\/p>\n\n\n\n<p>Vi\u0161e informacija o konferenciji prona\u0107i \u0107ete na: <a href=\"http:\/\/www.huszpo-konferencija.com\/\" target=\"_blank\" rel=\"noreferrer noopener\" aria-label=\" (opens in a new tab)\">www.huszpo-konferencija.com<\/a> <\/p>\n\n\n\n<p>Neke od prezentacija na\u0161ih stru\u010dnjaka bit \u0107e uskoro dostupne na na\u0161em YouTube kanalu: <a rel=\"noreferrer noopener\" aria-label=\" (opens in a new tab)\" href=\"https:\/\/bit.ly\/2mqJcar\" target=\"_blank\">https:\/\/bit.ly\/2mqJcar<\/a>. Pretplatite se da ih ne propustite.<\/p>\n\n\n\n<ul class=\"wp-block-gallery columns-3 is-cropped wp-block-gallery-1 is-layout-flex wp-block-gallery-is-layout-flex\"><li class=\"blocks-gallery-item\"><figure><img loading=\"lazy\" decoding=\"async\" width=\"1024\" height=\"768\" src=\"https:\/\/oikon.hr\/cms\/wp-content\/uploads\/2019\/09\/HUSZPO-2019-registration-1024x768.jpg\" alt=\"\" data-id=\"3724\" data-link=\"https:\/\/oikon.hr\/?attachment_id=3724\" class=\"wp-image-3724\" srcset=\"https:\/\/oikon.hr\/cms\/wp-content\/uploads\/2019\/09\/HUSZPO-2019-registration-1024x768.jpg 1024w, https:\/\/oikon.hr\/cms\/wp-content\/uploads\/2019\/09\/HUSZPO-2019-registration-150x113.jpg 150w, https:\/\/oikon.hr\/cms\/wp-content\/uploads\/2019\/09\/HUSZPO-2019-registration-300x225.jpg 300w, https:\/\/oikon.hr\/cms\/wp-content\/uploads\/2019\/09\/HUSZPO-2019-registration-768x576.jpg 768w, https:\/\/oikon.hr\/cms\/wp-content\/uploads\/2019\/09\/HUSZPO-2019-registration.jpg 1200w\" sizes=\"auto, (max-width: 1024px) 100vw, 1024px\" \/><\/figure><\/li><li class=\"blocks-gallery-item\"><figure><img loading=\"lazy\" decoding=\"async\" width=\"1024\" height=\"768\" src=\"https:\/\/oikon.hr\/cms\/wp-content\/uploads\/2019\/09\/HUSZPO-2019-opening-ceremony-1024x768.jpg\" alt=\"\" data-id=\"3726\" data-link=\"https:\/\/oikon.hr\/?attachment_id=3726\" class=\"wp-image-3726\" srcset=\"https:\/\/oikon.hr\/cms\/wp-content\/uploads\/2019\/09\/HUSZPO-2019-opening-ceremony-1024x768.jpg 1024w, https:\/\/oikon.hr\/cms\/wp-content\/uploads\/2019\/09\/HUSZPO-2019-opening-ceremony-150x113.jpg 150w, https:\/\/oikon.hr\/cms\/wp-content\/uploads\/2019\/09\/HUSZPO-2019-opening-ceremony-300x225.jpg 300w, https:\/\/oikon.hr\/cms\/wp-content\/uploads\/2019\/09\/HUSZPO-2019-opening-ceremony-768x576.jpg 768w, https:\/\/oikon.hr\/cms\/wp-content\/uploads\/2019\/09\/HUSZPO-2019-opening-ceremony.jpg 1600w\" sizes=\"auto, (max-width: 1024px) 100vw, 1024px\" \/><\/figure><\/li><li class=\"blocks-gallery-item\"><figure><img loading=\"lazy\" decoding=\"async\" width=\"1024\" height=\"768\" src=\"https:\/\/oikon.hr\/cms\/wp-content\/uploads\/2019\/09\/Bozica-Sorgic-HUSZPO-1024x768.jpg\" alt=\"\" data-id=\"3728\" data-link=\"https:\/\/oikon.hr\/?attachment_id=3728\" class=\"wp-image-3728\" srcset=\"https:\/\/oikon.hr\/cms\/wp-content\/uploads\/2019\/09\/Bozica-Sorgic-HUSZPO-1024x768.jpg 1024w, https:\/\/oikon.hr\/cms\/wp-content\/uploads\/2019\/09\/Bozica-Sorgic-HUSZPO-150x113.jpg 150w, https:\/\/oikon.hr\/cms\/wp-content\/uploads\/2019\/09\/Bozica-Sorgic-HUSZPO-300x225.jpg 300w, https:\/\/oikon.hr\/cms\/wp-content\/uploads\/2019\/09\/Bozica-Sorgic-HUSZPO-768x576.jpg 768w, https:\/\/oikon.hr\/cms\/wp-content\/uploads\/2019\/09\/Bozica-Sorgic-HUSZPO.jpg 1600w\" sizes=\"auto, (max-width: 1024px) 100vw, 1024px\" \/><\/figure><\/li><li class=\"blocks-gallery-item\"><figure><img loading=\"lazy\" decoding=\"async\" width=\"1024\" height=\"768\" src=\"https:\/\/oikon.hr\/cms\/wp-content\/uploads\/2019\/09\/Mia-Vucevac-HUSZPO-1-1024x768.jpg\" alt=\"\" data-id=\"3730\" data-link=\"https:\/\/oikon.hr\/?attachment_id=3730\" class=\"wp-image-3730\" srcset=\"https:\/\/oikon.hr\/cms\/wp-content\/uploads\/2019\/09\/Mia-Vucevac-HUSZPO-1-1024x768.jpg 1024w, https:\/\/oikon.hr\/cms\/wp-content\/uploads\/2019\/09\/Mia-Vucevac-HUSZPO-1-150x113.jpg 150w, https:\/\/oikon.hr\/cms\/wp-content\/uploads\/2019\/09\/Mia-Vucevac-HUSZPO-1-300x225.jpg 300w, https:\/\/oikon.hr\/cms\/wp-content\/uploads\/2019\/09\/Mia-Vucevac-HUSZPO-1-768x576.jpg 768w, https:\/\/oikon.hr\/cms\/wp-content\/uploads\/2019\/09\/Mia-Vucevac-HUSZPO-1.jpg 1600w\" sizes=\"auto, (max-width: 1024px) 100vw, 1024px\" \/><\/figure><\/li><li class=\"blocks-gallery-item\"><figure><img loading=\"lazy\" decoding=\"async\" width=\"1024\" height=\"768\" src=\"https:\/\/oikon.hr\/cms\/wp-content\/uploads\/2019\/09\/Nela-Jantol-HUSZPO-1-1024x768.jpg\" alt=\"\" data-id=\"3732\" data-link=\"https:\/\/oikon.hr\/?attachment_id=3732\" class=\"wp-image-3732\" srcset=\"https:\/\/oikon.hr\/cms\/wp-content\/uploads\/2019\/09\/Nela-Jantol-HUSZPO-1-1024x768.jpg 1024w, https:\/\/oikon.hr\/cms\/wp-content\/uploads\/2019\/09\/Nela-Jantol-HUSZPO-1-150x113.jpg 150w, https:\/\/oikon.hr\/cms\/wp-content\/uploads\/2019\/09\/Nela-Jantol-HUSZPO-1-300x225.jpg 300w, https:\/\/oikon.hr\/cms\/wp-content\/uploads\/2019\/09\/Nela-Jantol-HUSZPO-1-768x576.jpg 768w, https:\/\/oikon.hr\/cms\/wp-content\/uploads\/2019\/09\/Nela-Jantol-HUSZPO-1.jpg 1600w\" sizes=\"auto, (max-width: 1024px) 100vw, 1024px\" \/><\/figure><\/li><li class=\"blocks-gallery-item\"><figure><img loading=\"lazy\" decoding=\"async\" width=\"1024\" height=\"768\" src=\"https:\/\/oikon.hr\/cms\/wp-content\/uploads\/2019\/09\/Zrinka-Mesic-HUSZPO-1-1024x768.jpg\" alt=\"\" data-id=\"3734\" data-link=\"https:\/\/oikon.hr\/?attachment_id=3734\" class=\"wp-image-3734\" srcset=\"https:\/\/oikon.hr\/cms\/wp-content\/uploads\/2019\/09\/Zrinka-Mesic-HUSZPO-1-1024x768.jpg 1024w, https:\/\/oikon.hr\/cms\/wp-content\/uploads\/2019\/09\/Zrinka-Mesic-HUSZPO-1-150x113.jpg 150w, https:\/\/oikon.hr\/cms\/wp-content\/uploads\/2019\/09\/Zrinka-Mesic-HUSZPO-1-300x225.jpg 300w, https:\/\/oikon.hr\/cms\/wp-content\/uploads\/2019\/09\/Zrinka-Mesic-HUSZPO-1-768x576.jpg 768w, https:\/\/oikon.hr\/cms\/wp-content\/uploads\/2019\/09\/Zrinka-Mesic-HUSZPO-1.jpg 1600w\" sizes=\"auto, (max-width: 1024px) 100vw, 1024px\" \/><\/figure><\/li><li class=\"blocks-gallery-item\"><figure><img loading=\"lazy\" decoding=\"async\" width=\"1024\" height=\"768\" src=\"https:\/\/oikon.hr\/cms\/wp-content\/uploads\/2019\/09\/OIKON-posters-HUSZPO-2019-1024x768.jpg\" alt=\"\" data-id=\"3736\" data-link=\"https:\/\/oikon.hr\/?attachment_id=3736\" class=\"wp-image-3736\" srcset=\"https:\/\/oikon.hr\/cms\/wp-content\/uploads\/2019\/09\/OIKON-posters-HUSZPO-2019-1024x768.jpg 1024w, https:\/\/oikon.hr\/cms\/wp-content\/uploads\/2019\/09\/OIKON-posters-HUSZPO-2019-150x113.jpg 150w, https:\/\/oikon.hr\/cms\/wp-content\/uploads\/2019\/09\/OIKON-posters-HUSZPO-2019-300x225.jpg 300w, https:\/\/oikon.hr\/cms\/wp-content\/uploads\/2019\/09\/OIKON-posters-HUSZPO-2019-768x576.jpg 768w, https:\/\/oikon.hr\/cms\/wp-content\/uploads\/2019\/09\/OIKON-posters-HUSZPO-2019.jpg 1600w\" sizes=\"auto, (max-width: 1024px) 100vw, 1024px\" \/><\/figure><\/li><li class=\"blocks-gallery-item\"><figure><img loading=\"lazy\" decoding=\"async\" width=\"1024\" height=\"768\" src=\"https:\/\/oikon.hr\/cms\/wp-content\/uploads\/2019\/09\/Marija-Vuk-HUSZPO-1024x768.jpg\" alt=\"\" data-id=\"3738\" data-link=\"https:\/\/oikon.hr\/?attachment_id=3738\" class=\"wp-image-3738\" srcset=\"https:\/\/oikon.hr\/cms\/wp-content\/uploads\/2019\/09\/Marija-Vuk-HUSZPO-1024x768.jpg 1024w, https:\/\/oikon.hr\/cms\/wp-content\/uploads\/2019\/09\/Marija-Vuk-HUSZPO-150x113.jpg 150w, https:\/\/oikon.hr\/cms\/wp-content\/uploads\/2019\/09\/Marija-Vuk-HUSZPO-300x225.jpg 300w, https:\/\/oikon.hr\/cms\/wp-content\/uploads\/2019\/09\/Marija-Vuk-HUSZPO-768x576.jpg 768w, https:\/\/oikon.hr\/cms\/wp-content\/uploads\/2019\/09\/Marija-Vuk-HUSZPO.jpg 1600w\" sizes=\"auto, (max-width: 1024px) 100vw, 1024px\" \/><\/figure><\/li><li class=\"blocks-gallery-item\"><figure><img loading=\"lazy\" decoding=\"async\" width=\"1024\" height=\"768\" src=\"https:\/\/oikon.hr\/cms\/wp-content\/uploads\/2019\/09\/Nebojsa-Subanovic-HUSZPO-1024x768.jpg\" alt=\"\" data-id=\"3740\" data-link=\"https:\/\/oikon.hr\/?attachment_id=3740\" class=\"wp-image-3740\" srcset=\"https:\/\/oikon.hr\/cms\/wp-content\/uploads\/2019\/09\/Nebojsa-Subanovic-HUSZPO-1024x768.jpg 1024w, https:\/\/oikon.hr\/cms\/wp-content\/uploads\/2019\/09\/Nebojsa-Subanovic-HUSZPO-150x113.jpg 150w, https:\/\/oikon.hr\/cms\/wp-content\/uploads\/2019\/09\/Nebojsa-Subanovic-HUSZPO-300x225.jpg 300w, https:\/\/oikon.hr\/cms\/wp-content\/uploads\/2019\/09\/Nebojsa-Subanovic-HUSZPO-768x576.jpg 768w, https:\/\/oikon.hr\/cms\/wp-content\/uploads\/2019\/09\/Nebojsa-Subanovic-HUSZPO.jpg 1600w\" sizes=\"auto, (max-width: 1024px) 100vw, 1024px\" \/><\/figure><\/li><li class=\"blocks-gallery-item\"><figure><img loading=\"lazy\" decoding=\"async\" width=\"1024\" height=\"768\" src=\"https:\/\/oikon.hr\/cms\/wp-content\/uploads\/2019\/09\/Vjera-Pavic-HUSZPO-1024x768.jpg\" alt=\"\" data-id=\"3742\" data-link=\"https:\/\/oikon.hr\/?attachment_id=3742\" class=\"wp-image-3742\" srcset=\"https:\/\/oikon.hr\/cms\/wp-content\/uploads\/2019\/09\/Vjera-Pavic-HUSZPO-1024x768.jpg 1024w, https:\/\/oikon.hr\/cms\/wp-content\/uploads\/2019\/09\/Vjera-Pavic-HUSZPO-150x113.jpg 150w, https:\/\/oikon.hr\/cms\/wp-content\/uploads\/2019\/09\/Vjera-Pavic-HUSZPO-300x225.jpg 300w, https:\/\/oikon.hr\/cms\/wp-content\/uploads\/2019\/09\/Vjera-Pavic-HUSZPO-768x576.jpg 768w, https:\/\/oikon.hr\/cms\/wp-content\/uploads\/2019\/09\/Vjera-Pavic-HUSZPO.jpg 1600w\" sizes=\"auto, (max-width: 1024px) 100vw, 1024px\" \/><\/figure><\/li><li class=\"blocks-gallery-item\"><figure><img loading=\"lazy\" decoding=\"async\" width=\"1024\" height=\"768\" src=\"https:\/\/oikon.hr\/cms\/wp-content\/uploads\/2019\/09\/Zrinka-Mesic-HUSZPO-2-1024x768.jpg\" alt=\"\" data-id=\"3744\" data-link=\"https:\/\/oikon.hr\/?attachment_id=3744\" class=\"wp-image-3744\" srcset=\"https:\/\/oikon.hr\/cms\/wp-content\/uploads\/2019\/09\/Zrinka-Mesic-HUSZPO-2-1024x768.jpg 1024w, https:\/\/oikon.hr\/cms\/wp-content\/uploads\/2019\/09\/Zrinka-Mesic-HUSZPO-2-150x113.jpg 150w, https:\/\/oikon.hr\/cms\/wp-content\/uploads\/2019\/09\/Zrinka-Mesic-HUSZPO-2-300x225.jpg 300w, https:\/\/oikon.hr\/cms\/wp-content\/uploads\/2019\/09\/Zrinka-Mesic-HUSZPO-2-768x576.jpg 768w, https:\/\/oikon.hr\/cms\/wp-content\/uploads\/2019\/09\/Zrinka-Mesic-HUSZPO-2.jpg 1600w\" sizes=\"auto, (max-width: 1024px) 100vw, 1024px\" \/><\/figure><\/li><li class=\"blocks-gallery-item\"><figure><img loading=\"lazy\" decoding=\"async\" width=\"1024\" height=\"768\" src=\"https:\/\/oikon.hr\/cms\/wp-content\/uploads\/2019\/09\/Zrinka-Mesic-HUSZPO-3-1024x768.jpg\" alt=\"\" data-id=\"3746\" data-link=\"https:\/\/oikon.hr\/?attachment_id=3746\" class=\"wp-image-3746\" srcset=\"https:\/\/oikon.hr\/cms\/wp-content\/uploads\/2019\/09\/Zrinka-Mesic-HUSZPO-3-1024x768.jpg 1024w, https:\/\/oikon.hr\/cms\/wp-content\/uploads\/2019\/09\/Zrinka-Mesic-HUSZPO-3-150x113.jpg 150w, https:\/\/oikon.hr\/cms\/wp-content\/uploads\/2019\/09\/Zrinka-Mesic-HUSZPO-3-300x225.jpg 300w, https:\/\/oikon.hr\/cms\/wp-content\/uploads\/2019\/09\/Zrinka-Mesic-HUSZPO-3-768x576.jpg 768w, https:\/\/oikon.hr\/cms\/wp-content\/uploads\/2019\/09\/Zrinka-Mesic-HUSZPO-3.jpg 1600w\" sizes=\"auto, (max-width: 1024px) 100vw, 1024px\" \/><\/figure><\/li><li class=\"blocks-gallery-item\"><figure><img loading=\"lazy\" decoding=\"async\" width=\"1024\" height=\"768\" src=\"https:\/\/oikon.hr\/cms\/wp-content\/uploads\/2019\/09\/Ivan-Tomljenovic-HUSZPO-1-1024x768.jpg\" alt=\"\" data-id=\"3748\" data-link=\"https:\/\/oikon.hr\/?attachment_id=3748\" class=\"wp-image-3748\" srcset=\"https:\/\/oikon.hr\/cms\/wp-content\/uploads\/2019\/09\/Ivan-Tomljenovic-HUSZPO-1-1024x768.jpg 1024w, https:\/\/oikon.hr\/cms\/wp-content\/uploads\/2019\/09\/Ivan-Tomljenovic-HUSZPO-1-150x113.jpg 150w, https:\/\/oikon.hr\/cms\/wp-content\/uploads\/2019\/09\/Ivan-Tomljenovic-HUSZPO-1-300x225.jpg 300w, https:\/\/oikon.hr\/cms\/wp-content\/uploads\/2019\/09\/Ivan-Tomljenovic-HUSZPO-1-768x576.jpg 768w, https:\/\/oikon.hr\/cms\/wp-content\/uploads\/2019\/09\/Ivan-Tomljenovic-HUSZPO-1.jpg 1600w\" sizes=\"auto, (max-width: 1024px) 100vw, 1024px\" \/><\/figure><\/li><li class=\"blocks-gallery-item\"><figure><img loading=\"lazy\" decoding=\"async\" width=\"1024\" height=\"768\" src=\"https:\/\/oikon.hr\/cms\/wp-content\/uploads\/2019\/09\/Jelena-Mihalic-HUSZPO-1024x768.jpg\" alt=\"\" data-id=\"3750\" data-link=\"https:\/\/oikon.hr\/?attachment_id=3750\" class=\"wp-image-3750\" srcset=\"https:\/\/oikon.hr\/cms\/wp-content\/uploads\/2019\/09\/Jelena-Mihalic-HUSZPO-1024x768.jpg 1024w, https:\/\/oikon.hr\/cms\/wp-content\/uploads\/2019\/09\/Jelena-Mihalic-HUSZPO-150x113.jpg 150w, https:\/\/oikon.hr\/cms\/wp-content\/uploads\/2019\/09\/Jelena-Mihalic-HUSZPO-300x225.jpg 300w, https:\/\/oikon.hr\/cms\/wp-content\/uploads\/2019\/09\/Jelena-Mihalic-HUSZPO-768x576.jpg 768w, https:\/\/oikon.hr\/cms\/wp-content\/uploads\/2019\/09\/Jelena-Mihalic-HUSZPO.jpg 1600w\" sizes=\"auto, (max-width: 1024px) 100vw, 1024px\" \/><\/figure><\/li><li class=\"blocks-gallery-item\"><figure><img loading=\"lazy\" decoding=\"async\" width=\"1024\" height=\"768\" src=\"https:\/\/oikon.hr\/cms\/wp-content\/uploads\/2019\/09\/Ivan-Tomljenovic-HUSZPO-2-1024x768.jpg\" alt=\"\" data-id=\"3752\" data-link=\"https:\/\/oikon.hr\/?attachment_id=3752\" class=\"wp-image-3752\" srcset=\"https:\/\/oikon.hr\/cms\/wp-content\/uploads\/2019\/09\/Ivan-Tomljenovic-HUSZPO-2-1024x768.jpg 1024w, https:\/\/oikon.hr\/cms\/wp-content\/uploads\/2019\/09\/Ivan-Tomljenovic-HUSZPO-2-150x113.jpg 150w, https:\/\/oikon.hr\/cms\/wp-content\/uploads\/2019\/09\/Ivan-Tomljenovic-HUSZPO-2-300x225.jpg 300w, https:\/\/oikon.hr\/cms\/wp-content\/uploads\/2019\/09\/Ivan-Tomljenovic-HUSZPO-2-768x576.jpg 768w, https:\/\/oikon.hr\/cms\/wp-content\/uploads\/2019\/09\/Ivan-Tomljenovic-HUSZPO-2.jpg 1600w\" sizes=\"auto, (max-width: 1024px) 100vw, 1024px\" \/><\/figure><\/li><li class=\"blocks-gallery-item\"><figure><img loading=\"lazy\" decoding=\"async\" width=\"1024\" height=\"768\" src=\"https:\/\/oikon.hr\/cms\/wp-content\/uploads\/2019\/09\/Matija-Kresonja-HUSZPO-1024x768.jpg\" alt=\"\" data-id=\"3754\" data-link=\"https:\/\/oikon.hr\/?attachment_id=3754\" class=\"wp-image-3754\" srcset=\"https:\/\/oikon.hr\/cms\/wp-content\/uploads\/2019\/09\/Matija-Kresonja-HUSZPO-1024x768.jpg 1024w, https:\/\/oikon.hr\/cms\/wp-content\/uploads\/2019\/09\/Matija-Kresonja-HUSZPO-150x113.jpg 150w, https:\/\/oikon.hr\/cms\/wp-content\/uploads\/2019\/09\/Matija-Kresonja-HUSZPO-300x225.jpg 300w, https:\/\/oikon.hr\/cms\/wp-content\/uploads\/2019\/09\/Matija-Kresonja-HUSZPO-768x576.jpg 768w, https:\/\/oikon.hr\/cms\/wp-content\/uploads\/2019\/09\/Matija-Kresonja-HUSZPO.jpg 1600w\" sizes=\"auto, (max-width: 1024px) 100vw, 1024px\" \/><\/figure><\/li><li class=\"blocks-gallery-item\"><figure><img loading=\"lazy\" decoding=\"async\" width=\"1024\" height=\"768\" src=\"https:\/\/oikon.hr\/cms\/wp-content\/uploads\/2019\/09\/Branimir-Radun-HUSZPO-1024x768.jpg\" alt=\"\" data-id=\"3756\" data-link=\"https:\/\/oikon.hr\/?attachment_id=3756\" class=\"wp-image-3756\" srcset=\"https:\/\/oikon.hr\/cms\/wp-content\/uploads\/2019\/09\/Branimir-Radun-HUSZPO-1024x768.jpg 1024w, https:\/\/oikon.hr\/cms\/wp-content\/uploads\/2019\/09\/Branimir-Radun-HUSZPO-150x113.jpg 150w, https:\/\/oikon.hr\/cms\/wp-content\/uploads\/2019\/09\/Branimir-Radun-HUSZPO-300x225.jpg 300w, https:\/\/oikon.hr\/cms\/wp-content\/uploads\/2019\/09\/Branimir-Radun-HUSZPO-768x576.jpg 768w, https:\/\/oikon.hr\/cms\/wp-content\/uploads\/2019\/09\/Branimir-Radun-HUSZPO.jpg 1600w\" sizes=\"auto, (max-width: 1024px) 100vw, 1024px\" \/><\/figure><\/li><li class=\"blocks-gallery-item\"><figure><img loading=\"lazy\" decoding=\"async\" width=\"1024\" height=\"768\" src=\"https:\/\/oikon.hr\/cms\/wp-content\/uploads\/2019\/09\/Vladimir-Kusan-HUSZPO-1024x768.jpg\" alt=\"\" data-id=\"3758\" data-link=\"https:\/\/oikon.hr\/?attachment_id=3758\" class=\"wp-image-3758\" srcset=\"https:\/\/oikon.hr\/cms\/wp-content\/uploads\/2019\/09\/Vladimir-Kusan-HUSZPO-1024x768.jpg 1024w, https:\/\/oikon.hr\/cms\/wp-content\/uploads\/2019\/09\/Vladimir-Kusan-HUSZPO-150x113.jpg 150w, https:\/\/oikon.hr\/cms\/wp-content\/uploads\/2019\/09\/Vladimir-Kusan-HUSZPO-300x225.jpg 300w, https:\/\/oikon.hr\/cms\/wp-content\/uploads\/2019\/09\/Vladimir-Kusan-HUSZPO-768x576.jpg 768w, https:\/\/oikon.hr\/cms\/wp-content\/uploads\/2019\/09\/Vladimir-Kusan-HUSZPO.jpg 1600w\" sizes=\"auto, (max-width: 1024px) 100vw, 1024px\" \/><\/figure><\/li><li class=\"blocks-gallery-item\"><figure><img loading=\"lazy\" decoding=\"async\" width=\"1024\" height=\"768\" src=\"https:\/\/oikon.hr\/cms\/wp-content\/uploads\/2019\/09\/Sonja-Sviben-HUSZPO-1024x768.jpg\" alt=\"\" data-id=\"3760\" data-link=\"https:\/\/oikon.hr\/?attachment_id=3760\" class=\"wp-image-3760\" srcset=\"https:\/\/oikon.hr\/cms\/wp-content\/uploads\/2019\/09\/Sonja-Sviben-HUSZPO-1024x768.jpg 1024w, https:\/\/oikon.hr\/cms\/wp-content\/uploads\/2019\/09\/Sonja-Sviben-HUSZPO-150x113.jpg 150w, https:\/\/oikon.hr\/cms\/wp-content\/uploads\/2019\/09\/Sonja-Sviben-HUSZPO-300x225.jpg 300w, https:\/\/oikon.hr\/cms\/wp-content\/uploads\/2019\/09\/Sonja-Sviben-HUSZPO-768x576.jpg 768w, https:\/\/oikon.hr\/cms\/wp-content\/uploads\/2019\/09\/Sonja-Sviben-HUSZPO.jpg 1600w\" sizes=\"auto, (max-width: 1024px) 100vw, 1024px\" \/><\/figure><\/li><li class=\"blocks-gallery-item\"><figure><img loading=\"lazy\" decoding=\"async\" width=\"1024\" height=\"768\" src=\"https:\/\/oikon.hr\/cms\/wp-content\/uploads\/2019\/09\/Zrinka-Mesi\u0107-HUSZPO-4-1024x768.jpg\" alt=\"\" data-id=\"3762\" data-link=\"https:\/\/oikon.hr\/?attachment_id=3762\" class=\"wp-image-3762\" srcset=\"https:\/\/oikon.hr\/cms\/wp-content\/uploads\/2019\/09\/Zrinka-Mesi\u0107-HUSZPO-4-1024x768.jpg 1024w, https:\/\/oikon.hr\/cms\/wp-content\/uploads\/2019\/09\/Zrinka-Mesi\u0107-HUSZPO-4-150x113.jpg 150w, https:\/\/oikon.hr\/cms\/wp-content\/uploads\/2019\/09\/Zrinka-Mesi\u0107-HUSZPO-4-300x225.jpg 300w, https:\/\/oikon.hr\/cms\/wp-content\/uploads\/2019\/09\/Zrinka-Mesi\u0107-HUSZPO-4-768x576.jpg 768w, https:\/\/oikon.hr\/cms\/wp-content\/uploads\/2019\/09\/Zrinka-Mesi\u0107-HUSZPO-4.jpg 1600w\" sizes=\"auto, (max-width: 1024px) 100vw, 1024px\" \/><\/figure><\/li><li class=\"blocks-gallery-item\"><figure><img loading=\"lazy\" decoding=\"async\" width=\"1024\" height=\"768\" src=\"https:\/\/oikon.hr\/cms\/wp-content\/uploads\/2019\/09\/Nela-Jantol-HUSZPO-2-1024x768.jpg\" alt=\"\" data-id=\"3764\" data-link=\"https:\/\/oikon.hr\/?attachment_id=3764\" class=\"wp-image-3764\" srcset=\"https:\/\/oikon.hr\/cms\/wp-content\/uploads\/2019\/09\/Nela-Jantol-HUSZPO-2-1024x768.jpg 1024w, https:\/\/oikon.hr\/cms\/wp-content\/uploads\/2019\/09\/Nela-Jantol-HUSZPO-2-150x113.jpg 150w, https:\/\/oikon.hr\/cms\/wp-content\/uploads\/2019\/09\/Nela-Jantol-HUSZPO-2-300x225.jpg 300w, https:\/\/oikon.hr\/cms\/wp-content\/uploads\/2019\/09\/Nela-Jantol-HUSZPO-2-768x576.jpg 768w, https:\/\/oikon.hr\/cms\/wp-content\/uploads\/2019\/09\/Nela-Jantol-HUSZPO-2.jpg 1600w\" sizes=\"auto, (max-width: 1024px) 100vw, 1024px\" \/><\/figure><\/li><li class=\"blocks-gallery-item\"><figure><img loading=\"lazy\" decoding=\"async\" width=\"1024\" height=\"768\" src=\"https:\/\/oikon.hr\/cms\/wp-content\/uploads\/2019\/09\/Monika-Petkovic-HUSZPO-1024x768.jpg\" alt=\"\" data-id=\"3766\" data-link=\"https:\/\/oikon.hr\/?attachment_id=3766\" class=\"wp-image-3766\" srcset=\"https:\/\/oikon.hr\/cms\/wp-content\/uploads\/2019\/09\/Monika-Petkovic-HUSZPO-1024x768.jpg 1024w, https:\/\/oikon.hr\/cms\/wp-content\/uploads\/2019\/09\/Monika-Petkovic-HUSZPO-150x113.jpg 150w, https:\/\/oikon.hr\/cms\/wp-content\/uploads\/2019\/09\/Monika-Petkovic-HUSZPO-300x225.jpg 300w, https:\/\/oikon.hr\/cms\/wp-content\/uploads\/2019\/09\/Monika-Petkovic-HUSZPO-768x576.jpg 768w, https:\/\/oikon.hr\/cms\/wp-content\/uploads\/2019\/09\/Monika-Petkovic-HUSZPO.jpg 1600w\" sizes=\"auto, (max-width: 1024px) 100vw, 1024px\" \/><\/figure><\/li><li class=\"blocks-gallery-item\"><figure><img loading=\"lazy\" decoding=\"async\" width=\"1024\" height=\"768\" src=\"https:\/\/oikon.hr\/cms\/wp-content\/uploads\/2019\/09\/Bojana-Boric-HUSZPO-1024x768.jpg\" alt=\"\" data-id=\"3768\" data-link=\"https:\/\/oikon.hr\/?attachment_id=3768\" class=\"wp-image-3768\" srcset=\"https:\/\/oikon.hr\/cms\/wp-content\/uploads\/2019\/09\/Bojana-Boric-HUSZPO-1024x768.jpg 1024w, https:\/\/oikon.hr\/cms\/wp-content\/uploads\/2019\/09\/Bojana-Boric-HUSZPO-150x113.jpg 150w, https:\/\/oikon.hr\/cms\/wp-content\/uploads\/2019\/09\/Bojana-Boric-HUSZPO-300x225.jpg 300w, https:\/\/oikon.hr\/cms\/wp-content\/uploads\/2019\/09\/Bojana-Boric-HUSZPO-768x576.jpg 768w, https:\/\/oikon.hr\/cms\/wp-content\/uploads\/2019\/09\/Bojana-Boric-HUSZPO.jpg 1600w\" sizes=\"auto, (max-width: 1024px) 100vw, 1024px\" \/><\/figure><\/li><li class=\"blocks-gallery-item\"><figure><img loading=\"lazy\" decoding=\"async\" width=\"1024\" height=\"768\" src=\"https:\/\/oikon.hr\/cms\/wp-content\/uploads\/2019\/09\/Mia-Vucevac-HUSZPO-3-1024x768.jpg\" alt=\"\" data-id=\"3770\" data-link=\"https:\/\/oikon.hr\/?attachment_id=3770\" class=\"wp-image-3770\" srcset=\"https:\/\/oikon.hr\/cms\/wp-content\/uploads\/2019\/09\/Mia-Vucevac-HUSZPO-3-1024x768.jpg 1024w, https:\/\/oikon.hr\/cms\/wp-content\/uploads\/2019\/09\/Mia-Vucevac-HUSZPO-3-150x113.jpg 150w, https:\/\/oikon.hr\/cms\/wp-content\/uploads\/2019\/09\/Mia-Vucevac-HUSZPO-3-300x225.jpg 300w, https:\/\/oikon.hr\/cms\/wp-content\/uploads\/2019\/09\/Mia-Vucevac-HUSZPO-3-768x576.jpg 768w, https:\/\/oikon.hr\/cms\/wp-content\/uploads\/2019\/09\/Mia-Vucevac-HUSZPO-3.jpg 1600w\" sizes=\"auto, (max-width: 1024px) 100vw, 1024px\" \/><\/figure><\/li><li class=\"blocks-gallery-item\"><figure><img loading=\"lazy\" decoding=\"async\" width=\"1024\" height=\"683\" src=\"https:\/\/oikon.hr\/cms\/wp-content\/uploads\/2019\/09\/Mia-Vucevac-HUSZPO-2-1024x683.jpg\" alt=\"\" data-id=\"3772\" data-link=\"https:\/\/oikon.hr\/?attachment_id=3772\" class=\"wp-image-3772\" srcset=\"https:\/\/oikon.hr\/cms\/wp-content\/uploads\/2019\/09\/Mia-Vucevac-HUSZPO-2-1024x683.jpg 1024w, https:\/\/oikon.hr\/cms\/wp-content\/uploads\/2019\/09\/Mia-Vucevac-HUSZPO-2-150x100.jpg 150w, https:\/\/oikon.hr\/cms\/wp-content\/uploads\/2019\/09\/Mia-Vucevac-HUSZPO-2-300x200.jpg 300w, https:\/\/oikon.hr\/cms\/wp-content\/uploads\/2019\/09\/Mia-Vucevac-HUSZPO-2-768x512.jpg 768w, https:\/\/oikon.hr\/cms\/wp-content\/uploads\/2019\/09\/Mia-Vucevac-HUSZPO-2-272x182.jpg 272w, https:\/\/oikon.hr\/cms\/wp-content\/uploads\/2019\/09\/Mia-Vucevac-HUSZPO-2.jpg 2000w\" sizes=\"auto, (max-width: 1024px) 100vw, 1024px\" \/><\/figure><\/li><\/ul>\n","protected":false},"excerpt":{"rendered":"<p>20. rujna 2019. \u2212 \u010cetvrta regionalna konferencija o procjeni utjecaja na okoli\u0161 u organizaciji Hrvatske udruge stru\u010dnjaka za\u0161tite prirode i okoli\u0161a (HUSZPO), a \u010diji je OIKON glavni sponzor, odr\u017eana je u Vodicama. Intenzivni dvodnevni program, podijeljen u tri sekcije: Procjena utjecaja na okoli\u0161 (PUO), Strategija za\u0161tite prirode i okoli\u0161a te Odr\u017eivi i uklju\u010divi razvoj, obuhvatio &hellip; <a href=\"https:\/\/oikon.hr\/hr\/strong-presence-at-the-4th-regional-eia-conference-huszpo\/\">Saznajte vi\u0161e<\/a><\/p>\n","protected":false},"author":2,"featured_media":3725,"comment_status":"open","ping_status":"open","sticky":false,"template":"","format":"standard","meta":{"_acf_changed":false,"footnotes":""},"categories":[798],"tags":[1155,1156,1159,1157,835,1158,1160],"class_list":["post-3777","post","type-post","status-publish","format-standard","has-post-thumbnail","hentry","category-vijesti","tag-eia-hr","tag-huszpo-hr","tag-konferencija-o-procjeni-utjecaja-na-okolis","tag-nature-hr","tag-oikon-hr","tag-regional-conference-on-environmental-impact-assessment-hr","tag-zastita-prirode-i-okolisa"],"acf":[],"yoast_head":"<!-- This site is optimized with the Yoast SEO plugin v27.0 - https:\/\/yoast.com\/product\/yoast-seo-wordpress\/ -->\n<title>Jaka prisutnost na 4. regionalnoj HUSZPO konferenciji &#8211; Oikon d.o.o.<\/title>\n<meta name=\"description\" content=\"20. rujna 2019. \u2212 \u010cetvrta regionalna konferencija o procjeni utjecaja na okoli\u0161 u organizaciji Hrvatske udruge stru\u010dnjaka za\u0161tite prirode i okoli\u0161a\" \/>\n<meta name=\"robots\" content=\"index, follow, max-snippet:-1, max-image-preview:large, max-video-preview:-1\" \/>\n<link rel=\"canonical\" href=\"https:\/\/oikon.hr\/hr\/strong-presence-at-the-4th-regional-eia-conference-huszpo\/\" \/>\n<meta property=\"og:locale\" content=\"hr_HR\" \/>\n<meta property=\"og:type\" content=\"article\" \/>\n<meta property=\"og:title\" content=\"Jaka prisutnost na 4. regionalnoj HUSZPO konferenciji &#8211; Oikon d.o.o.\" \/>\n<meta property=\"og:description\" content=\"20. rujna 2019. \u2212 \u010cetvrta regionalna konferencija o procjeni utjecaja na okoli\u0161 u organizaciji Hrvatske udruge stru\u010dnjaka za\u0161tite prirode i okoli\u0161a\" \/>\n<meta property=\"og:url\" content=\"https:\/\/oikon.hr\/hr\/strong-presence-at-the-4th-regional-eia-conference-huszpo\/\" \/>\n<meta property=\"og:site_name\" content=\"Oikon d.o.o.\" \/>\n<meta property=\"article:publisher\" content=\"http:\/\/www.facebook.com\/OikonLtd\/\" \/>\n<meta property=\"article:published_time\" content=\"2019-09-20T16:17:43+00:00\" \/>\n<meta property=\"article:modified_time\" content=\"2019-09-20T16:22:48+00:00\" \/>\n<meta property=\"og:image\" content=\"https:\/\/oikon.hr\/cms\/wp-content\/uploads\/2019\/09\/HUSZPO-2019-registration.jpg\" \/>\n\t<meta property=\"og:image:width\" content=\"1200\" \/>\n\t<meta property=\"og:image:height\" content=\"900\" \/>\n\t<meta property=\"og:image:type\" content=\"image\/jpeg\" \/>\n<meta name=\"author\" content=\"oikonadministracija\" \/>\n<meta name=\"twitter:card\" content=\"summary_large_image\" \/>\n<meta name=\"twitter:creator\" content=\"@OikonLtd\" \/>\n<meta name=\"twitter:site\" content=\"@OikonLtd\" \/>\n<meta name=\"twitter:label1\" content=\"Written by\" \/>\n\t<meta name=\"twitter:data1\" content=\"oikonadministracija\" \/>\n\t<meta name=\"twitter:label2\" content=\"Est. reading time\" \/>\n\t<meta name=\"twitter:data2\" content=\"1 minute\" \/>\n<script type=\"application\/ld+json\" class=\"yoast-schema-graph\">{\"@context\":\"https:\/\/schema.org\",\"@graph\":[{\"@type\":\"Article\",\"@id\":\"https:\/\/oikon.hr\/hr\/strong-presence-at-the-4th-regional-eia-conference-huszpo\/#article\",\"isPartOf\":{\"@id\":\"https:\/\/oikon.hr\/hr\/strong-presence-at-the-4th-regional-eia-conference-huszpo\/\"},\"author\":{\"name\":\"oikonadministracija\",\"@id\":\"https:\/\/oikon.hr\/#\/schema\/person\/4fb14a46c1071083d5de459c14a82f7c\"},\"headline\":\"Jaka prisutnost na 4. regionalnoj HUSZPO konferenciji\",\"datePublished\":\"2019-09-20T16:17:43+00:00\",\"dateModified\":\"2019-09-20T16:22:48+00:00\",\"mainEntityOfPage\":{\"@id\":\"https:\/\/oikon.hr\/hr\/strong-presence-at-the-4th-regional-eia-conference-huszpo\/\"},\"wordCount\":225,\"commentCount\":0,\"publisher\":{\"@id\":\"https:\/\/oikon.hr\/#organization\"},\"image\":{\"@id\":\"https:\/\/oikon.hr\/hr\/strong-presence-at-the-4th-regional-eia-conference-huszpo\/#primaryimage\"},\"thumbnailUrl\":\"https:\/\/oikon.hr\/cms\/wp-content\/uploads\/2019\/09\/HUSZPO-2019-registration.jpg\",\"keywords\":[\"EIA\",\"HUSZPO\",\"konferencija o procjeni utjecaja na okoli\u0161\",\"nature\",\"oikon\",\"Regional Conference on Environmental Impact Assessment\",\"za\u0161tita prirode i okoli\u0161a\"],\"articleSection\":[\"VIJESTI\"],\"inLanguage\":\"hr-HR\",\"potentialAction\":[{\"@type\":\"CommentAction\",\"name\":\"Comment\",\"target\":[\"https:\/\/oikon.hr\/hr\/strong-presence-at-the-4th-regional-eia-conference-huszpo\/#respond\"]}]},{\"@type\":\"WebPage\",\"@id\":\"https:\/\/oikon.hr\/hr\/strong-presence-at-the-4th-regional-eia-conference-huszpo\/\",\"url\":\"https:\/\/oikon.hr\/hr\/strong-presence-at-the-4th-regional-eia-conference-huszpo\/\",\"name\":\"Jaka prisutnost na 4. regionalnoj HUSZPO konferenciji &#8211; Oikon d.o.o.\",\"isPartOf\":{\"@id\":\"https:\/\/oikon.hr\/#website\"},\"primaryImageOfPage\":{\"@id\":\"https:\/\/oikon.hr\/hr\/strong-presence-at-the-4th-regional-eia-conference-huszpo\/#primaryimage\"},\"image\":{\"@id\":\"https:\/\/oikon.hr\/hr\/strong-presence-at-the-4th-regional-eia-conference-huszpo\/#primaryimage\"},\"thumbnailUrl\":\"https:\/\/oikon.hr\/cms\/wp-content\/uploads\/2019\/09\/HUSZPO-2019-registration.jpg\",\"datePublished\":\"2019-09-20T16:17:43+00:00\",\"dateModified\":\"2019-09-20T16:22:48+00:00\",\"description\":\"20. rujna 2019. \u2212 \u010cetvrta regionalna konferencija o procjeni utjecaja na okoli\u0161 u organizaciji Hrvatske udruge stru\u010dnjaka za\u0161tite prirode i okoli\u0161a\",\"breadcrumb\":{\"@id\":\"https:\/\/oikon.hr\/hr\/strong-presence-at-the-4th-regional-eia-conference-huszpo\/#breadcrumb\"},\"inLanguage\":\"hr-HR\",\"potentialAction\":[{\"@type\":\"ReadAction\",\"target\":[\"https:\/\/oikon.hr\/hr\/strong-presence-at-the-4th-regional-eia-conference-huszpo\/\"]}]},{\"@type\":\"ImageObject\",\"inLanguage\":\"hr-HR\",\"@id\":\"https:\/\/oikon.hr\/hr\/strong-presence-at-the-4th-regional-eia-conference-huszpo\/#primaryimage\",\"url\":\"https:\/\/oikon.hr\/cms\/wp-content\/uploads\/2019\/09\/HUSZPO-2019-registration.jpg\",\"contentUrl\":\"https:\/\/oikon.hr\/cms\/wp-content\/uploads\/2019\/09\/HUSZPO-2019-registration.jpg\",\"width\":1200,\"height\":900},{\"@type\":\"BreadcrumbList\",\"@id\":\"https:\/\/oikon.hr\/hr\/strong-presence-at-the-4th-regional-eia-conference-huszpo\/#breadcrumb\",\"itemListElement\":[{\"@type\":\"ListItem\",\"position\":1,\"name\":\"\",\"item\":\"https:\/\/oikon.hr\/hr\/\"},{\"@type\":\"ListItem\",\"position\":2,\"name\":\"VIJESTI\",\"item\":\"https:\/\/oikon.hr\/hr\/topic\/vijesti\/\"},{\"@type\":\"ListItem\",\"position\":3,\"name\":\"Jaka prisutnost na 4. regionalnoj HUSZPO konferenciji\"}]},{\"@type\":\"WebSite\",\"@id\":\"https:\/\/oikon.hr\/#website\",\"url\":\"https:\/\/oikon.hr\/\",\"name\":\"Oikon d.o.o.\",\"description\":\"Institut za primijenjenu ekologiju\",\"publisher\":{\"@id\":\"https:\/\/oikon.hr\/#organization\"},\"alternateName\":\"OIKON\",\"potentialAction\":[{\"@type\":\"SearchAction\",\"target\":{\"@type\":\"EntryPoint\",\"urlTemplate\":\"https:\/\/oikon.hr\/?s={search_term_string}\"},\"query-input\":{\"@type\":\"PropertyValueSpecification\",\"valueRequired\":true,\"valueName\":\"search_term_string\"}}],\"inLanguage\":\"hr-HR\"},{\"@type\":\"Organization\",\"@id\":\"https:\/\/oikon.hr\/#organization\",\"name\":\"Oikon d.o.o. - Institut za primijenjenu ekologiju\",\"alternateName\":\"OIKON\",\"url\":\"https:\/\/oikon.hr\/\",\"logo\":{\"@type\":\"ImageObject\",\"inLanguage\":\"hr-HR\",\"@id\":\"https:\/\/oikon.hr\/#\/schema\/logo\/image\/\",\"url\":\"https:\/\/oikon.hr\/cms\/wp-content\/uploads\/2021\/01\/OIKON_R_logo_transparent.png\",\"contentUrl\":\"https:\/\/oikon.hr\/cms\/wp-content\/uploads\/2021\/01\/OIKON_R_logo_transparent.png\",\"width\":1660,\"height\":541,\"caption\":\"Oikon d.o.o. - Institut za primijenjenu ekologiju\"},\"image\":{\"@id\":\"https:\/\/oikon.hr\/#\/schema\/logo\/image\/\"},\"sameAs\":[\"http:\/\/www.facebook.com\/OikonLtd\/\",\"https:\/\/x.com\/OikonLtd\",\"https:\/\/www.instagram.com\/oikon_ltd\/\",\"https:\/\/www.linkedin.com\/company\/oikon---institute-for-applied-technology\/\",\"https:\/\/www.youtube.com\/channel\/UCu_eJ0ct90AEN8D85KWcRHQ\"]},{\"@type\":\"Person\",\"@id\":\"https:\/\/oikon.hr\/#\/schema\/person\/4fb14a46c1071083d5de459c14a82f7c\",\"name\":\"oikonadministracija\",\"image\":{\"@type\":\"ImageObject\",\"inLanguage\":\"hr-HR\",\"@id\":\"https:\/\/oikon.hr\/#\/schema\/person\/image\/\",\"url\":\"https:\/\/secure.gravatar.com\/avatar\/e247aba33e5428fc6a24bbca24b92af36ceafa9a824508df7d1d40391c5f0748?s=96&d=mm&r=g\",\"contentUrl\":\"https:\/\/secure.gravatar.com\/avatar\/e247aba33e5428fc6a24bbca24b92af36ceafa9a824508df7d1d40391c5f0748?s=96&d=mm&r=g\",\"caption\":\"oikonadministracija\"},\"url\":\"https:\/\/oikon.hr\/hr\/author\/oikonadministracija\/\"}]}<\/script>\n<!-- \/ Yoast SEO plugin. -->","yoast_head_json":{"title":"Jaka prisutnost na 4. regionalnoj HUSZPO konferenciji &#8211; Oikon d.o.o.","description":"20. rujna 2019. \u2212 \u010cetvrta regionalna konferencija o procjeni utjecaja na okoli\u0161 u organizaciji Hrvatske udruge stru\u010dnjaka za\u0161tite prirode i okoli\u0161a","robots":{"index":"index","follow":"follow","max-snippet":"max-snippet:-1","max-image-preview":"max-image-preview:large","max-video-preview":"max-video-preview:-1"},"canonical":"https:\/\/oikon.hr\/hr\/strong-presence-at-the-4th-regional-eia-conference-huszpo\/","og_locale":"hr_HR","og_type":"article","og_title":"Jaka prisutnost na 4. regionalnoj HUSZPO konferenciji &#8211; Oikon d.o.o.","og_description":"20. rujna 2019. \u2212 \u010cetvrta regionalna konferencija o procjeni utjecaja na okoli\u0161 u organizaciji Hrvatske udruge stru\u010dnjaka za\u0161tite prirode i okoli\u0161a","og_url":"https:\/\/oikon.hr\/hr\/strong-presence-at-the-4th-regional-eia-conference-huszpo\/","og_site_name":"Oikon d.o.o.","article_publisher":"http:\/\/www.facebook.com\/OikonLtd\/","article_published_time":"2019-09-20T16:17:43+00:00","article_modified_time":"2019-09-20T16:22:48+00:00","og_image":[{"width":1200,"height":900,"url":"https:\/\/oikon.hr\/cms\/wp-content\/uploads\/2019\/09\/HUSZPO-2019-registration.jpg","type":"image\/jpeg"}],"author":"oikonadministracija","twitter_card":"summary_large_image","twitter_creator":"@OikonLtd","twitter_site":"@OikonLtd","twitter_misc":{"Written by":"oikonadministracija","Est. reading time":"1 minute"},"schema":{"@context":"https:\/\/schema.org","@graph":[{"@type":"Article","@id":"https:\/\/oikon.hr\/hr\/strong-presence-at-the-4th-regional-eia-conference-huszpo\/#article","isPartOf":{"@id":"https:\/\/oikon.hr\/hr\/strong-presence-at-the-4th-regional-eia-conference-huszpo\/"},"author":{"name":"oikonadministracija","@id":"https:\/\/oikon.hr\/#\/schema\/person\/4fb14a46c1071083d5de459c14a82f7c"},"headline":"Jaka prisutnost na 4. regionalnoj HUSZPO konferenciji","datePublished":"2019-09-20T16:17:43+00:00","dateModified":"2019-09-20T16:22:48+00:00","mainEntityOfPage":{"@id":"https:\/\/oikon.hr\/hr\/strong-presence-at-the-4th-regional-eia-conference-huszpo\/"},"wordCount":225,"commentCount":0,"publisher":{"@id":"https:\/\/oikon.hr\/#organization"},"image":{"@id":"https:\/\/oikon.hr\/hr\/strong-presence-at-the-4th-regional-eia-conference-huszpo\/#primaryimage"},"thumbnailUrl":"https:\/\/oikon.hr\/cms\/wp-content\/uploads\/2019\/09\/HUSZPO-2019-registration.jpg","keywords":["EIA","HUSZPO","konferencija o procjeni utjecaja na okoli\u0161","nature","oikon","Regional Conference on Environmental Impact Assessment","za\u0161tita prirode i okoli\u0161a"],"articleSection":["VIJESTI"],"inLanguage":"hr-HR","potentialAction":[{"@type":"CommentAction","name":"Comment","target":["https:\/\/oikon.hr\/hr\/strong-presence-at-the-4th-regional-eia-conference-huszpo\/#respond"]}]},{"@type":"WebPage","@id":"https:\/\/oikon.hr\/hr\/strong-presence-at-the-4th-regional-eia-conference-huszpo\/","url":"https:\/\/oikon.hr\/hr\/strong-presence-at-the-4th-regional-eia-conference-huszpo\/","name":"Jaka prisutnost na 4. regionalnoj HUSZPO konferenciji &#8211; Oikon d.o.o.","isPartOf":{"@id":"https:\/\/oikon.hr\/#website"},"primaryImageOfPage":{"@id":"https:\/\/oikon.hr\/hr\/strong-presence-at-the-4th-regional-eia-conference-huszpo\/#primaryimage"},"image":{"@id":"https:\/\/oikon.hr\/hr\/strong-presence-at-the-4th-regional-eia-conference-huszpo\/#primaryimage"},"thumbnailUrl":"https:\/\/oikon.hr\/cms\/wp-content\/uploads\/2019\/09\/HUSZPO-2019-registration.jpg","datePublished":"2019-09-20T16:17:43+00:00","dateModified":"2019-09-20T16:22:48+00:00","description":"20. rujna 2019. \u2212 \u010cetvrta regionalna konferencija o procjeni utjecaja na okoli\u0161 u organizaciji Hrvatske udruge stru\u010dnjaka za\u0161tite prirode i okoli\u0161a","breadcrumb":{"@id":"https:\/\/oikon.hr\/hr\/strong-presence-at-the-4th-regional-eia-conference-huszpo\/#breadcrumb"},"inLanguage":"hr-HR","potentialAction":[{"@type":"ReadAction","target":["https:\/\/oikon.hr\/hr\/strong-presence-at-the-4th-regional-eia-conference-huszpo\/"]}]},{"@type":"ImageObject","inLanguage":"hr-HR","@id":"https:\/\/oikon.hr\/hr\/strong-presence-at-the-4th-regional-eia-conference-huszpo\/#primaryimage","url":"https:\/\/oikon.hr\/cms\/wp-content\/uploads\/2019\/09\/HUSZPO-2019-registration.jpg","contentUrl":"https:\/\/oikon.hr\/cms\/wp-content\/uploads\/2019\/09\/HUSZPO-2019-registration.jpg","width":1200,"height":900},{"@type":"BreadcrumbList","@id":"https:\/\/oikon.hr\/hr\/strong-presence-at-the-4th-regional-eia-conference-huszpo\/#breadcrumb","itemListElement":[{"@type":"ListItem","position":1,"name":"","item":"https:\/\/oikon.hr\/hr\/"},{"@type":"ListItem","position":2,"name":"VIJESTI","item":"https:\/\/oikon.hr\/hr\/topic\/vijesti\/"},{"@type":"ListItem","position":3,"name":"Jaka prisutnost na 4. regionalnoj HUSZPO konferenciji"}]},{"@type":"WebSite","@id":"https:\/\/oikon.hr\/#website","url":"https:\/\/oikon.hr\/","name":"Oikon d.o.o.","description":"Institut za primijenjenu ekologiju","publisher":{"@id":"https:\/\/oikon.hr\/#organization"},"alternateName":"OIKON","potentialAction":[{"@type":"SearchAction","target":{"@type":"EntryPoint","urlTemplate":"https:\/\/oikon.hr\/?s={search_term_string}"},"query-input":{"@type":"PropertyValueSpecification","valueRequired":true,"valueName":"search_term_string"}}],"inLanguage":"hr-HR"},{"@type":"Organization","@id":"https:\/\/oikon.hr\/#organization","name":"Oikon d.o.o. - Institut za primijenjenu ekologiju","alternateName":"OIKON","url":"https:\/\/oikon.hr\/","logo":{"@type":"ImageObject","inLanguage":"hr-HR","@id":"https:\/\/oikon.hr\/#\/schema\/logo\/image\/","url":"https:\/\/oikon.hr\/cms\/wp-content\/uploads\/2021\/01\/OIKON_R_logo_transparent.png","contentUrl":"https:\/\/oikon.hr\/cms\/wp-content\/uploads\/2021\/01\/OIKON_R_logo_transparent.png","width":1660,"height":541,"caption":"Oikon d.o.o. - Institut za primijenjenu ekologiju"},"image":{"@id":"https:\/\/oikon.hr\/#\/schema\/logo\/image\/"},"sameAs":["http:\/\/www.facebook.com\/OikonLtd\/","https:\/\/x.com\/OikonLtd","https:\/\/www.instagram.com\/oikon_ltd\/","https:\/\/www.linkedin.com\/company\/oikon---institute-for-applied-technology\/","https:\/\/www.youtube.com\/channel\/UCu_eJ0ct90AEN8D85KWcRHQ"]},{"@type":"Person","@id":"https:\/\/oikon.hr\/#\/schema\/person\/4fb14a46c1071083d5de459c14a82f7c","name":"oikonadministracija","image":{"@type":"ImageObject","inLanguage":"hr-HR","@id":"https:\/\/oikon.hr\/#\/schema\/person\/image\/","url":"https:\/\/secure.gravatar.com\/avatar\/e247aba33e5428fc6a24bbca24b92af36ceafa9a824508df7d1d40391c5f0748?s=96&d=mm&r=g","contentUrl":"https:\/\/secure.gravatar.com\/avatar\/e247aba33e5428fc6a24bbca24b92af36ceafa9a824508df7d1d40391c5f0748?s=96&d=mm&r=g","caption":"oikonadministracija"},"url":"https:\/\/oikon.hr\/hr\/author\/oikonadministracija\/"}]}},"_links":{"self":[{"href":"https:\/\/oikon.hr\/hr\/wp-json\/wp\/v2\/posts\/3777","targetHints":{"allow":["GET"]}}],"collection":[{"href":"https:\/\/oikon.hr\/hr\/wp-json\/wp\/v2\/posts"}],"about":[{"href":"https:\/\/oikon.hr\/hr\/wp-json\/wp\/v2\/types\/post"}],"author":[{"embeddable":true,"href":"https:\/\/oikon.hr\/hr\/wp-json\/wp\/v2\/users\/2"}],"replies":[{"embeddable":true,"href":"https:\/\/oikon.hr\/hr\/wp-json\/wp\/v2\/comments?post=3777"}],"version-history":[{"count":0,"href":"https:\/\/oikon.hr\/hr\/wp-json\/wp\/v2\/posts\/3777\/revisions"}],"wp:featuredmedia":[{"embeddable":true,"href":"https:\/\/oikon.hr\/hr\/wp-json\/wp\/v2\/media\/3725"}],"wp:attachment":[{"href":"https:\/\/oikon.hr\/hr\/wp-json\/wp\/v2\/media?parent=3777"}],"wp:term":[{"taxonomy":"category","embeddable":true,"href":"https:\/\/oikon.hr\/hr\/wp-json\/wp\/v2\/categories?post=3777"},{"taxonomy":"post_tag","embeddable":true,"href":"https:\/\/oikon.hr\/hr\/wp-json\/wp\/v2\/tags?post=3777"}],"curies":[{"name":"wp","href":"https:\/\/api.w.org\/{rel}","templated":true}]}}