{"id":4793,"date":"2020-03-31T12:13:15","date_gmt":"2020-03-31T10:13:15","guid":{"rendered":"https:\/\/oikon.hr\/building-inspections-after-the-earthquake-in-zagreb\/"},"modified":"2020-03-31T12:16:42","modified_gmt":"2020-03-31T10:16:42","slug":"building-inspections-after-the-earthquake-in-zagreb","status":"publish","type":"post","link":"https:\/\/oikon.hr\/hr\/building-inspections-after-the-earthquake-in-zagreb\/","title":{"rendered":"Inspekcija zgrada nakon potresa u Zagrebu"},"content":{"rendered":"\n<p>31. o\u017eujka 2020. &#8211; Ponosni smo na na\u0161eg \u010dlana Uprave i prokurista \u017deljka Korena koji kao ovla\u0161teni in\u017eenjer gra\u0111evinarstva ve\u0107 nekoliko dana pregledava o\u0161te\u0107enja na zagreba\u010dkim gra\u0111evinama pogo\u0111enim razornim potresom.\u00a0<\/p>\n\n\n\n<p>Situacija je, ka\u017ee, te\u0161ka. Skupilo se \u010dak njih 500-tinjak gra\u0111evinara volontera koji obilaze zgrade i stanove i poma\u017eu ljudima gdje je najhitnije. Pritom, nagla\u0161ava, odra\u0111uju ne samo svoj, in\u017eenjerski dio posla, ve\u0107 i &#8220;psihoterapijski&#8221; dio posla. Ljudima nije lako.\u00a0<\/p>\n\n\n\n<p>\u017deljko o\u010dekuje da \u0107e im trebati jo\u0161 barem tjedan-dva dok ne obi\u0111u sve objekte. <\/p>\n\n\n\n<p>Nama u Oikonu je drago \u0161to smo barem na ovaj na\u010din mogli pomo\u0107i svojim sugra\u0111anima i Gradu Zagrebu u ovoj te\u0161koj situaciji.\u00a0&#x1f499; <\/p>\n\n\n\n<ul class=\"wp-block-gallery columns-3 is-cropped wp-block-gallery-1 is-layout-flex wp-block-gallery-is-layout-flex\"><li class=\"blocks-gallery-item\"><figure><img loading=\"lazy\" decoding=\"async\" width=\"768\" height=\"1024\" src=\"https:\/\/oikon.hr\/cms\/wp-content\/uploads\/2020\/03\/ZK_na-terenu-768x1024.jpg\" alt=\"\" data-id=\"4787\" data-link=\"https:\/\/oikon.hr\/?attachment_id=4787\" class=\"wp-image-4787\" srcset=\"https:\/\/oikon.hr\/cms\/wp-content\/uploads\/2020\/03\/ZK_na-terenu-768x1024.jpg 768w, https:\/\/oikon.hr\/cms\/wp-content\/uploads\/2020\/03\/ZK_na-terenu-113x150.jpg 113w, https:\/\/oikon.hr\/cms\/wp-content\/uploads\/2020\/03\/ZK_na-terenu-225x300.jpg 225w, https:\/\/oikon.hr\/cms\/wp-content\/uploads\/2020\/03\/ZK_na-terenu.jpg 960w\" sizes=\"auto, (max-width: 768px) 100vw, 768px\" \/><\/figure><\/li><li class=\"blocks-gallery-item\"><figure><img loading=\"lazy\" decoding=\"async\" width=\"768\" height=\"1024\" src=\"https:\/\/oikon.hr\/cms\/wp-content\/uploads\/2020\/03\/ZK_pregled-stana-768x1024.jpg\" alt=\"\" data-id=\"4783\" data-link=\"https:\/\/oikon.hr\/?attachment_id=4783\" class=\"wp-image-4783\" srcset=\"https:\/\/oikon.hr\/cms\/wp-content\/uploads\/2020\/03\/ZK_pregled-stana-768x1024.jpg 768w, https:\/\/oikon.hr\/cms\/wp-content\/uploads\/2020\/03\/ZK_pregled-stana-113x150.jpg 113w, https:\/\/oikon.hr\/cms\/wp-content\/uploads\/2020\/03\/ZK_pregled-stana-225x300.jpg 225w, https:\/\/oikon.hr\/cms\/wp-content\/uploads\/2020\/03\/ZK_pregled-stana.jpg 1500w\" sizes=\"auto, (max-width: 768px) 100vw, 768px\" \/><\/figure><\/li><li class=\"blocks-gallery-item\"><figure><img loading=\"lazy\" decoding=\"async\" width=\"1024\" height=\"768\" src=\"https:\/\/oikon.hr\/cms\/wp-content\/uploads\/2020\/03\/ZK_na-terenu_3-1024x768.jpg\" alt=\"\" data-id=\"4785\" data-link=\"https:\/\/oikon.hr\/?attachment_id=4785\" class=\"wp-image-4785\" srcset=\"https:\/\/oikon.hr\/cms\/wp-content\/uploads\/2020\/03\/ZK_na-terenu_3-1024x768.jpg 1024w, https:\/\/oikon.hr\/cms\/wp-content\/uploads\/2020\/03\/ZK_na-terenu_3-150x113.jpg 150w, https:\/\/oikon.hr\/cms\/wp-content\/uploads\/2020\/03\/ZK_na-terenu_3-300x225.jpg 300w, https:\/\/oikon.hr\/cms\/wp-content\/uploads\/2020\/03\/ZK_na-terenu_3-768x576.jpg 768w, https:\/\/oikon.hr\/cms\/wp-content\/uploads\/2020\/03\/ZK_na-terenu_3.jpg 1280w\" sizes=\"auto, (max-width: 1024px) 100vw, 1024px\" \/><\/figure><\/li><\/ul>\n","protected":false},"excerpt":{"rendered":"<p>31. o\u017eujka 2020. &#8211; Ponosni smo na na\u0161eg \u010dlana Uprave i prokurista \u017deljka Korena koji kao ovla\u0161teni in\u017eenjer gra\u0111evinarstva ve\u0107 nekoliko dana pregledava o\u0161te\u0107enja na zagreba\u010dkim gra\u0111evinama pogo\u0111enim razornim potresom.\u00a0 Situacija je, ka\u017ee, te\u0161ka. Skupilo se \u010dak njih 500-tinjak gra\u0111evinara volontera koji obilaze zgrade i stanove i poma\u017eu ljudima gdje je najhitnije. Pritom, nagla\u0161ava, odra\u0111uju &hellip; <a href=\"https:\/\/oikon.hr\/hr\/building-inspections-after-the-earthquake-in-zagreb\/\">Saznajte vi\u0161e<\/a><\/p>\n","protected":false},"author":2,"featured_media":4784,"comment_status":"open","ping_status":"open","sticky":false,"template":"","format":"standard","meta":{"_acf_changed":false,"footnotes":""},"categories":[798],"tags":[835,1357,1356,1229],"class_list":["post-4793","post","type-post","status-publish","format-standard","has-post-thumbnail","hentry","category-vijesti","tag-oikon-hr","tag-potres","tag-zagreb-2","tag-zeljko-koren-2"],"acf":[],"yoast_head":"<!-- This site is optimized with the Yoast SEO plugin v27.0 - https:\/\/yoast.com\/product\/yoast-seo-wordpress\/ -->\n<title>Inspekcija zgrada nakon potresa u Zagrebu &#8211; Oikon d.o.o.<\/title>\n<meta name=\"description\" content=\"31. o\u017eujka 2020. - Ponosni smo na na\u0161eg \u010dlana Uprave i prokurista \u017deljka Korena koji kao ovla\u0161teni in\u017eenjer gra\u0111evinarstva ve\u0107 nekoliko dana pregledava\" \/>\n<meta name=\"robots\" content=\"index, follow, max-snippet:-1, max-image-preview:large, max-video-preview:-1\" \/>\n<link rel=\"canonical\" href=\"https:\/\/oikon.hr\/hr\/building-inspections-after-the-earthquake-in-zagreb\/\" \/>\n<meta property=\"og:locale\" content=\"hr_HR\" \/>\n<meta property=\"og:type\" content=\"article\" \/>\n<meta property=\"og:title\" content=\"Inspekcija zgrada nakon potresa u Zagrebu &#8211; Oikon d.o.o.\" \/>\n<meta property=\"og:description\" content=\"31. o\u017eujka 2020. - Ponosni smo na na\u0161eg \u010dlana Uprave i prokurista \u017deljka Korena koji kao ovla\u0161teni in\u017eenjer gra\u0111evinarstva ve\u0107 nekoliko dana pregledava\" \/>\n<meta property=\"og:url\" content=\"https:\/\/oikon.hr\/hr\/building-inspections-after-the-earthquake-in-zagreb\/\" \/>\n<meta property=\"og:site_name\" content=\"Oikon d.o.o.\" \/>\n<meta property=\"article:publisher\" content=\"http:\/\/www.facebook.com\/OikonLtd\/\" \/>\n<meta property=\"article:published_time\" content=\"2020-03-31T10:13:15+00:00\" \/>\n<meta property=\"article:modified_time\" content=\"2020-03-31T10:16:42+00:00\" \/>\n<meta property=\"og:image\" content=\"https:\/\/oikon.hr\/cms\/wp-content\/uploads\/2020\/03\/ZK_pregled-stana.jpg\" \/>\n\t<meta property=\"og:image:width\" content=\"1500\" \/>\n\t<meta property=\"og:image:height\" content=\"2000\" \/>\n\t<meta property=\"og:image:type\" content=\"image\/jpeg\" \/>\n<meta name=\"author\" content=\"oikonadministracija\" \/>\n<meta name=\"twitter:card\" content=\"summary_large_image\" \/>\n<meta name=\"twitter:creator\" content=\"@OikonLtd\" \/>\n<meta name=\"twitter:site\" content=\"@OikonLtd\" \/>\n<meta name=\"twitter:label1\" content=\"Written by\" \/>\n\t<meta name=\"twitter:data1\" content=\"oikonadministracija\" \/>\n\t<meta name=\"twitter:label2\" content=\"Est. reading time\" \/>\n\t<meta name=\"twitter:data2\" content=\"1 minute\" \/>\n<script type=\"application\/ld+json\" class=\"yoast-schema-graph\">{\"@context\":\"https:\/\/schema.org\",\"@graph\":[{\"@type\":\"Article\",\"@id\":\"https:\/\/oikon.hr\/hr\/building-inspections-after-the-earthquake-in-zagreb\/#article\",\"isPartOf\":{\"@id\":\"https:\/\/oikon.hr\/hr\/building-inspections-after-the-earthquake-in-zagreb\/\"},\"author\":{\"name\":\"oikonadministracija\",\"@id\":\"https:\/\/oikon.hr\/#\/schema\/person\/4fb14a46c1071083d5de459c14a82f7c\"},\"headline\":\"Inspekcija zgrada nakon potresa u Zagrebu\",\"datePublished\":\"2020-03-31T10:13:15+00:00\",\"dateModified\":\"2020-03-31T10:16:42+00:00\",\"mainEntityOfPage\":{\"@id\":\"https:\/\/oikon.hr\/hr\/building-inspections-after-the-earthquake-in-zagreb\/\"},\"wordCount\":134,\"commentCount\":0,\"publisher\":{\"@id\":\"https:\/\/oikon.hr\/#organization\"},\"image\":{\"@id\":\"https:\/\/oikon.hr\/hr\/building-inspections-after-the-earthquake-in-zagreb\/#primaryimage\"},\"thumbnailUrl\":\"https:\/\/oikon.hr\/cms\/wp-content\/uploads\/2020\/03\/ZK_pregled-stana.jpg\",\"keywords\":[\"oikon\",\"potres\",\"Zagreb\",\"\u017deljko Koren\"],\"articleSection\":[\"VIJESTI\"],\"inLanguage\":\"hr-HR\",\"potentialAction\":[{\"@type\":\"CommentAction\",\"name\":\"Comment\",\"target\":[\"https:\/\/oikon.hr\/hr\/building-inspections-after-the-earthquake-in-zagreb\/#respond\"]}]},{\"@type\":\"WebPage\",\"@id\":\"https:\/\/oikon.hr\/hr\/building-inspections-after-the-earthquake-in-zagreb\/\",\"url\":\"https:\/\/oikon.hr\/hr\/building-inspections-after-the-earthquake-in-zagreb\/\",\"name\":\"Inspekcija zgrada nakon potresa u Zagrebu &#8211; Oikon d.o.o.\",\"isPartOf\":{\"@id\":\"https:\/\/oikon.hr\/#website\"},\"primaryImageOfPage\":{\"@id\":\"https:\/\/oikon.hr\/hr\/building-inspections-after-the-earthquake-in-zagreb\/#primaryimage\"},\"image\":{\"@id\":\"https:\/\/oikon.hr\/hr\/building-inspections-after-the-earthquake-in-zagreb\/#primaryimage\"},\"thumbnailUrl\":\"https:\/\/oikon.hr\/cms\/wp-content\/uploads\/2020\/03\/ZK_pregled-stana.jpg\",\"datePublished\":\"2020-03-31T10:13:15+00:00\",\"dateModified\":\"2020-03-31T10:16:42+00:00\",\"description\":\"31. o\u017eujka 2020. - Ponosni smo na na\u0161eg \u010dlana Uprave i prokurista \u017deljka Korena koji kao ovla\u0161teni in\u017eenjer gra\u0111evinarstva ve\u0107 nekoliko dana pregledava\",\"breadcrumb\":{\"@id\":\"https:\/\/oikon.hr\/hr\/building-inspections-after-the-earthquake-in-zagreb\/#breadcrumb\"},\"inLanguage\":\"hr-HR\",\"potentialAction\":[{\"@type\":\"ReadAction\",\"target\":[\"https:\/\/oikon.hr\/hr\/building-inspections-after-the-earthquake-in-zagreb\/\"]}]},{\"@type\":\"ImageObject\",\"inLanguage\":\"hr-HR\",\"@id\":\"https:\/\/oikon.hr\/hr\/building-inspections-after-the-earthquake-in-zagreb\/#primaryimage\",\"url\":\"https:\/\/oikon.hr\/cms\/wp-content\/uploads\/2020\/03\/ZK_pregled-stana.jpg\",\"contentUrl\":\"https:\/\/oikon.hr\/cms\/wp-content\/uploads\/2020\/03\/ZK_pregled-stana.jpg\",\"width\":1500,\"height\":2000},{\"@type\":\"BreadcrumbList\",\"@id\":\"https:\/\/oikon.hr\/hr\/building-inspections-after-the-earthquake-in-zagreb\/#breadcrumb\",\"itemListElement\":[{\"@type\":\"ListItem\",\"position\":1,\"name\":\"\",\"item\":\"https:\/\/oikon.hr\/hr\/\"},{\"@type\":\"ListItem\",\"position\":2,\"name\":\"VIJESTI\",\"item\":\"https:\/\/oikon.hr\/hr\/topic\/vijesti\/\"},{\"@type\":\"ListItem\",\"position\":3,\"name\":\"Inspekcija zgrada nakon potresa u Zagrebu\"}]},{\"@type\":\"WebSite\",\"@id\":\"https:\/\/oikon.hr\/#website\",\"url\":\"https:\/\/oikon.hr\/\",\"name\":\"Oikon d.o.o.\",\"description\":\"Institut za primijenjenu ekologiju\",\"publisher\":{\"@id\":\"https:\/\/oikon.hr\/#organization\"},\"alternateName\":\"OIKON\",\"potentialAction\":[{\"@type\":\"SearchAction\",\"target\":{\"@type\":\"EntryPoint\",\"urlTemplate\":\"https:\/\/oikon.hr\/?s={search_term_string}\"},\"query-input\":{\"@type\":\"PropertyValueSpecification\",\"valueRequired\":true,\"valueName\":\"search_term_string\"}}],\"inLanguage\":\"hr-HR\"},{\"@type\":\"Organization\",\"@id\":\"https:\/\/oikon.hr\/#organization\",\"name\":\"Oikon d.o.o. - Institut za primijenjenu ekologiju\",\"alternateName\":\"OIKON\",\"url\":\"https:\/\/oikon.hr\/\",\"logo\":{\"@type\":\"ImageObject\",\"inLanguage\":\"hr-HR\",\"@id\":\"https:\/\/oikon.hr\/#\/schema\/logo\/image\/\",\"url\":\"https:\/\/oikon.hr\/cms\/wp-content\/uploads\/2021\/01\/OIKON_R_logo_transparent.png\",\"contentUrl\":\"https:\/\/oikon.hr\/cms\/wp-content\/uploads\/2021\/01\/OIKON_R_logo_transparent.png\",\"width\":1660,\"height\":541,\"caption\":\"Oikon d.o.o. - Institut za primijenjenu ekologiju\"},\"image\":{\"@id\":\"https:\/\/oikon.hr\/#\/schema\/logo\/image\/\"},\"sameAs\":[\"http:\/\/www.facebook.com\/OikonLtd\/\",\"https:\/\/x.com\/OikonLtd\",\"https:\/\/www.instagram.com\/oikon_ltd\/\",\"https:\/\/www.linkedin.com\/company\/oikon---institute-for-applied-technology\/\",\"https:\/\/www.youtube.com\/channel\/UCu_eJ0ct90AEN8D85KWcRHQ\"]},{\"@type\":\"Person\",\"@id\":\"https:\/\/oikon.hr\/#\/schema\/person\/4fb14a46c1071083d5de459c14a82f7c\",\"name\":\"oikonadministracija\",\"image\":{\"@type\":\"ImageObject\",\"inLanguage\":\"hr-HR\",\"@id\":\"https:\/\/oikon.hr\/#\/schema\/person\/image\/\",\"url\":\"https:\/\/secure.gravatar.com\/avatar\/e247aba33e5428fc6a24bbca24b92af36ceafa9a824508df7d1d40391c5f0748?s=96&d=mm&r=g\",\"contentUrl\":\"https:\/\/secure.gravatar.com\/avatar\/e247aba33e5428fc6a24bbca24b92af36ceafa9a824508df7d1d40391c5f0748?s=96&d=mm&r=g\",\"caption\":\"oikonadministracija\"},\"url\":\"https:\/\/oikon.hr\/hr\/author\/oikonadministracija\/\"}]}<\/script>\n<!-- \/ Yoast SEO plugin. -->","yoast_head_json":{"title":"Inspekcija zgrada nakon potresa u Zagrebu &#8211; Oikon d.o.o.","description":"31. o\u017eujka 2020. - Ponosni smo na na\u0161eg \u010dlana Uprave i prokurista \u017deljka Korena koji kao ovla\u0161teni in\u017eenjer gra\u0111evinarstva ve\u0107 nekoliko dana pregledava","robots":{"index":"index","follow":"follow","max-snippet":"max-snippet:-1","max-image-preview":"max-image-preview:large","max-video-preview":"max-video-preview:-1"},"canonical":"https:\/\/oikon.hr\/hr\/building-inspections-after-the-earthquake-in-zagreb\/","og_locale":"hr_HR","og_type":"article","og_title":"Inspekcija zgrada nakon potresa u Zagrebu &#8211; Oikon d.o.o.","og_description":"31. o\u017eujka 2020. - Ponosni smo na na\u0161eg \u010dlana Uprave i prokurista \u017deljka Korena koji kao ovla\u0161teni in\u017eenjer gra\u0111evinarstva ve\u0107 nekoliko dana pregledava","og_url":"https:\/\/oikon.hr\/hr\/building-inspections-after-the-earthquake-in-zagreb\/","og_site_name":"Oikon d.o.o.","article_publisher":"http:\/\/www.facebook.com\/OikonLtd\/","article_published_time":"2020-03-31T10:13:15+00:00","article_modified_time":"2020-03-31T10:16:42+00:00","og_image":[{"width":1500,"height":2000,"url":"https:\/\/oikon.hr\/cms\/wp-content\/uploads\/2020\/03\/ZK_pregled-stana.jpg","type":"image\/jpeg"}],"author":"oikonadministracija","twitter_card":"summary_large_image","twitter_creator":"@OikonLtd","twitter_site":"@OikonLtd","twitter_misc":{"Written by":"oikonadministracija","Est. reading time":"1 minute"},"schema":{"@context":"https:\/\/schema.org","@graph":[{"@type":"Article","@id":"https:\/\/oikon.hr\/hr\/building-inspections-after-the-earthquake-in-zagreb\/#article","isPartOf":{"@id":"https:\/\/oikon.hr\/hr\/building-inspections-after-the-earthquake-in-zagreb\/"},"author":{"name":"oikonadministracija","@id":"https:\/\/oikon.hr\/#\/schema\/person\/4fb14a46c1071083d5de459c14a82f7c"},"headline":"Inspekcija zgrada nakon potresa u Zagrebu","datePublished":"2020-03-31T10:13:15+00:00","dateModified":"2020-03-31T10:16:42+00:00","mainEntityOfPage":{"@id":"https:\/\/oikon.hr\/hr\/building-inspections-after-the-earthquake-in-zagreb\/"},"wordCount":134,"commentCount":0,"publisher":{"@id":"https:\/\/oikon.hr\/#organization"},"image":{"@id":"https:\/\/oikon.hr\/hr\/building-inspections-after-the-earthquake-in-zagreb\/#primaryimage"},"thumbnailUrl":"https:\/\/oikon.hr\/cms\/wp-content\/uploads\/2020\/03\/ZK_pregled-stana.jpg","keywords":["oikon","potres","Zagreb","\u017deljko Koren"],"articleSection":["VIJESTI"],"inLanguage":"hr-HR","potentialAction":[{"@type":"CommentAction","name":"Comment","target":["https:\/\/oikon.hr\/hr\/building-inspections-after-the-earthquake-in-zagreb\/#respond"]}]},{"@type":"WebPage","@id":"https:\/\/oikon.hr\/hr\/building-inspections-after-the-earthquake-in-zagreb\/","url":"https:\/\/oikon.hr\/hr\/building-inspections-after-the-earthquake-in-zagreb\/","name":"Inspekcija zgrada nakon potresa u Zagrebu &#8211; Oikon d.o.o.","isPartOf":{"@id":"https:\/\/oikon.hr\/#website"},"primaryImageOfPage":{"@id":"https:\/\/oikon.hr\/hr\/building-inspections-after-the-earthquake-in-zagreb\/#primaryimage"},"image":{"@id":"https:\/\/oikon.hr\/hr\/building-inspections-after-the-earthquake-in-zagreb\/#primaryimage"},"thumbnailUrl":"https:\/\/oikon.hr\/cms\/wp-content\/uploads\/2020\/03\/ZK_pregled-stana.jpg","datePublished":"2020-03-31T10:13:15+00:00","dateModified":"2020-03-31T10:16:42+00:00","description":"31. o\u017eujka 2020. - Ponosni smo na na\u0161eg \u010dlana Uprave i prokurista \u017deljka Korena koji kao ovla\u0161teni in\u017eenjer gra\u0111evinarstva ve\u0107 nekoliko dana pregledava","breadcrumb":{"@id":"https:\/\/oikon.hr\/hr\/building-inspections-after-the-earthquake-in-zagreb\/#breadcrumb"},"inLanguage":"hr-HR","potentialAction":[{"@type":"ReadAction","target":["https:\/\/oikon.hr\/hr\/building-inspections-after-the-earthquake-in-zagreb\/"]}]},{"@type":"ImageObject","inLanguage":"hr-HR","@id":"https:\/\/oikon.hr\/hr\/building-inspections-after-the-earthquake-in-zagreb\/#primaryimage","url":"https:\/\/oikon.hr\/cms\/wp-content\/uploads\/2020\/03\/ZK_pregled-stana.jpg","contentUrl":"https:\/\/oikon.hr\/cms\/wp-content\/uploads\/2020\/03\/ZK_pregled-stana.jpg","width":1500,"height":2000},{"@type":"BreadcrumbList","@id":"https:\/\/oikon.hr\/hr\/building-inspections-after-the-earthquake-in-zagreb\/#breadcrumb","itemListElement":[{"@type":"ListItem","position":1,"name":"","item":"https:\/\/oikon.hr\/hr\/"},{"@type":"ListItem","position":2,"name":"VIJESTI","item":"https:\/\/oikon.hr\/hr\/topic\/vijesti\/"},{"@type":"ListItem","position":3,"name":"Inspekcija zgrada nakon potresa u Zagrebu"}]},{"@type":"WebSite","@id":"https:\/\/oikon.hr\/#website","url":"https:\/\/oikon.hr\/","name":"Oikon d.o.o.","description":"Institut za primijenjenu ekologiju","publisher":{"@id":"https:\/\/oikon.hr\/#organization"},"alternateName":"OIKON","potentialAction":[{"@type":"SearchAction","target":{"@type":"EntryPoint","urlTemplate":"https:\/\/oikon.hr\/?s={search_term_string}"},"query-input":{"@type":"PropertyValueSpecification","valueRequired":true,"valueName":"search_term_string"}}],"inLanguage":"hr-HR"},{"@type":"Organization","@id":"https:\/\/oikon.hr\/#organization","name":"Oikon d.o.o. - Institut za primijenjenu ekologiju","alternateName":"OIKON","url":"https:\/\/oikon.hr\/","logo":{"@type":"ImageObject","inLanguage":"hr-HR","@id":"https:\/\/oikon.hr\/#\/schema\/logo\/image\/","url":"https:\/\/oikon.hr\/cms\/wp-content\/uploads\/2021\/01\/OIKON_R_logo_transparent.png","contentUrl":"https:\/\/oikon.hr\/cms\/wp-content\/uploads\/2021\/01\/OIKON_R_logo_transparent.png","width":1660,"height":541,"caption":"Oikon d.o.o. - Institut za primijenjenu ekologiju"},"image":{"@id":"https:\/\/oikon.hr\/#\/schema\/logo\/image\/"},"sameAs":["http:\/\/www.facebook.com\/OikonLtd\/","https:\/\/x.com\/OikonLtd","https:\/\/www.instagram.com\/oikon_ltd\/","https:\/\/www.linkedin.com\/company\/oikon---institute-for-applied-technology\/","https:\/\/www.youtube.com\/channel\/UCu_eJ0ct90AEN8D85KWcRHQ"]},{"@type":"Person","@id":"https:\/\/oikon.hr\/#\/schema\/person\/4fb14a46c1071083d5de459c14a82f7c","name":"oikonadministracija","image":{"@type":"ImageObject","inLanguage":"hr-HR","@id":"https:\/\/oikon.hr\/#\/schema\/person\/image\/","url":"https:\/\/secure.gravatar.com\/avatar\/e247aba33e5428fc6a24bbca24b92af36ceafa9a824508df7d1d40391c5f0748?s=96&d=mm&r=g","contentUrl":"https:\/\/secure.gravatar.com\/avatar\/e247aba33e5428fc6a24bbca24b92af36ceafa9a824508df7d1d40391c5f0748?s=96&d=mm&r=g","caption":"oikonadministracija"},"url":"https:\/\/oikon.hr\/hr\/author\/oikonadministracija\/"}]}},"_links":{"self":[{"href":"https:\/\/oikon.hr\/hr\/wp-json\/wp\/v2\/posts\/4793","targetHints":{"allow":["GET"]}}],"collection":[{"href":"https:\/\/oikon.hr\/hr\/wp-json\/wp\/v2\/posts"}],"about":[{"href":"https:\/\/oikon.hr\/hr\/wp-json\/wp\/v2\/types\/post"}],"author":[{"embeddable":true,"href":"https:\/\/oikon.hr\/hr\/wp-json\/wp\/v2\/users\/2"}],"replies":[{"embeddable":true,"href":"https:\/\/oikon.hr\/hr\/wp-json\/wp\/v2\/comments?post=4793"}],"version-history":[{"count":0,"href":"https:\/\/oikon.hr\/hr\/wp-json\/wp\/v2\/posts\/4793\/revisions"}],"wp:featuredmedia":[{"embeddable":true,"href":"https:\/\/oikon.hr\/hr\/wp-json\/wp\/v2\/media\/4784"}],"wp:attachment":[{"href":"https:\/\/oikon.hr\/hr\/wp-json\/wp\/v2\/media?parent=4793"}],"wp:term":[{"taxonomy":"category","embeddable":true,"href":"https:\/\/oikon.hr\/hr\/wp-json\/wp\/v2\/categories?post=4793"},{"taxonomy":"post_tag","embeddable":true,"href":"https:\/\/oikon.hr\/hr\/wp-json\/wp\/v2\/tags?post=4793"}],"curies":[{"name":"wp","href":"https:\/\/api.w.org\/{rel}","templated":true}]}}