{"id":4804,"date":"2020-01-01T12:25:52","date_gmt":"2020-01-01T11:25:52","guid":{"rendered":"https:\/\/oikon.hr\/eia-screening-for-the-commercial-facility-retail-park-arena-in-laniste-zagreb\/"},"modified":"2020-04-01T12:35:15","modified_gmt":"2020-04-01T10:35:15","slug":"eia-screening-for-the-commercial-facility-retail-park-arena-in-laniste-zagreb","status":"publish","type":"post","link":"https:\/\/oikon.hr\/hr\/eia-screening-for-the-commercial-facility-retail-park-arena-in-laniste-zagreb\/","title":{"rendered":"Elaborat za\u0161tite okoli\u0161a za \u201eRetail park Arena\u201c na Lani\u0161tu u Zagrebu"},"content":{"rendered":"\n<p><strong>Naziv projekta:&nbsp;<\/strong>Elaborat za\u0161tite okoli\u0161a za objekt trgova\u010dke namjene \u201eRetail park Arena\u201c na Lani\u0161tu u Zagrebu<\/p>\n\n\n\n<p><strong>Klijent:\u00a0<\/strong>Experto Crede d.o.o.<br><strong>Trajanje:\u00a0<\/strong>08\/2018 \u2013 9\/2018<br><strong>Lokacija:\u00a0<\/strong>Zagreb, Hrvatska<\/p>\n\n\n\n<hr class=\"wp-block-separator\"\/>\n\n\n\n<p>Izrada Elaborata za\u0161tite okoli\u0161a uklju\u010dila je: <\/p>\n\n\n\n<ol class=\"wp-block-list\"><li>podatke o zahvatu i opis obilje\u017eja zahvata, <\/li><li>podatke o lokaciji i opis lokacije zahvata, <\/li><li>opis mogu\u0107ih zna\u010dajnih utjecaja zahvata na okoli\u0161, tijekom gra\u0111enja i\/ili kori\u0161tenja zahvata,<\/li><li>prijedlog mjera za\u0161tite okoli\u0161a.<\/li><\/ol>\n\n\n\n<div class=\"wp-block-image\"><figure class=\"aligncenter\"><img loading=\"lazy\" decoding=\"async\" width=\"500\" height=\"250\" src=\"https:\/\/oikon.hr\/cms\/wp-content\/uploads\/2020\/04\/Arena-Park-Zagreb_Photo-by-RTL-500x250.jpg\" alt=\"\" class=\"wp-image-4797\"\/><figcaption><em>Fotografija: RTL.hr<\/em><\/figcaption><\/figure><\/div>\n\n\n\n<p><\/p>\n","protected":false},"excerpt":{"rendered":"<p>Experto Crede d.o.o.<\/p>\n","protected":false},"author":2,"featured_media":4798,"comment_status":"open","ping_status":"open","sticky":false,"template":"","format":"standard","meta":{"_acf_changed":false,"footnotes":""},"categories":[799,802],"tags":[1358,1359,501,500,10,835],"class_list":["post-4804","post","type-post","status-publish","format-standard","has-post-thumbnail","hentry","category-projekti","category-zastita-okolisa","tag-arena-park-zagreb","tag-arena-park-zagreb-hr","tag-elaborat-zastite-okolisa","tag-ezo","tag-oikon","tag-oikon-hr"],"acf":[],"yoast_head":"<!-- This site is optimized with the Yoast SEO plugin v27.0 - https:\/\/yoast.com\/product\/yoast-seo-wordpress\/ -->\n<title>Elaborat za\u0161tite okoli\u0161a za \u201eRetail park Arena\u201c na Lani\u0161tu u Zagrebu &#8211; Oikon d.o.o.<\/title>\n<meta name=\"description\" content=\"Experto Crede d.o.o.\" \/>\n<meta name=\"robots\" content=\"index, follow, max-snippet:-1, max-image-preview:large, max-video-preview:-1\" \/>\n<link rel=\"canonical\" href=\"https:\/\/oikon.hr\/hr\/eia-screening-for-the-commercial-facility-retail-park-arena-in-laniste-zagreb\/\" \/>\n<meta property=\"og:locale\" content=\"hr_HR\" \/>\n<meta property=\"og:type\" content=\"article\" \/>\n<meta property=\"og:title\" content=\"Elaborat za\u0161tite okoli\u0161a za \u201eRetail park Arena\u201c na Lani\u0161tu u Zagrebu &#8211; Oikon d.o.o.\" \/>\n<meta property=\"og:description\" content=\"Experto Crede d.o.o.\" \/>\n<meta property=\"og:url\" content=\"https:\/\/oikon.hr\/hr\/eia-screening-for-the-commercial-facility-retail-park-arena-in-laniste-zagreb\/\" \/>\n<meta property=\"og:site_name\" content=\"Oikon d.o.o.\" \/>\n<meta property=\"article:publisher\" content=\"http:\/\/www.facebook.com\/OikonLtd\/\" \/>\n<meta property=\"article:published_time\" content=\"2020-01-01T11:25:52+00:00\" \/>\n<meta property=\"article:modified_time\" content=\"2020-04-01T10:35:15+00:00\" \/>\n<meta property=\"og:image\" content=\"https:\/\/oikon.hr\/cms\/wp-content\/uploads\/2020\/04\/Arena-Park-Zagreb_Photo-by-RTL.jpg\" \/>\n\t<meta property=\"og:image:width\" content=\"960\" \/>\n\t<meta property=\"og:image:height\" content=\"577\" \/>\n\t<meta property=\"og:image:type\" content=\"image\/jpeg\" \/>\n<meta name=\"author\" content=\"oikonadministracija\" \/>\n<meta name=\"twitter:card\" content=\"summary_large_image\" \/>\n<meta name=\"twitter:creator\" content=\"@OikonLtd\" \/>\n<meta name=\"twitter:site\" content=\"@OikonLtd\" \/>\n<meta name=\"twitter:label1\" content=\"Written by\" \/>\n\t<meta name=\"twitter:data1\" content=\"oikonadministracija\" \/>\n<script type=\"application\/ld+json\" class=\"yoast-schema-graph\">{\"@context\":\"https:\/\/schema.org\",\"@graph\":[{\"@type\":\"Article\",\"@id\":\"https:\/\/oikon.hr\/hr\/eia-screening-for-the-commercial-facility-retail-park-arena-in-laniste-zagreb\/#article\",\"isPartOf\":{\"@id\":\"https:\/\/oikon.hr\/hr\/eia-screening-for-the-commercial-facility-retail-park-arena-in-laniste-zagreb\/\"},\"author\":{\"name\":\"oikonadministracija\",\"@id\":\"https:\/\/oikon.hr\/#\/schema\/person\/4fb14a46c1071083d5de459c14a82f7c\"},\"headline\":\"Elaborat za\u0161tite okoli\u0161a za \u201eRetail park Arena\u201c na Lani\u0161tu u Zagrebu\",\"datePublished\":\"2020-01-01T11:25:52+00:00\",\"dateModified\":\"2020-04-01T10:35:15+00:00\",\"mainEntityOfPage\":{\"@id\":\"https:\/\/oikon.hr\/hr\/eia-screening-for-the-commercial-facility-retail-park-arena-in-laniste-zagreb\/\"},\"wordCount\":95,\"commentCount\":0,\"publisher\":{\"@id\":\"https:\/\/oikon.hr\/#organization\"},\"image\":{\"@id\":\"https:\/\/oikon.hr\/hr\/eia-screening-for-the-commercial-facility-retail-park-arena-in-laniste-zagreb\/#primaryimage\"},\"thumbnailUrl\":\"https:\/\/oikon.hr\/cms\/wp-content\/uploads\/2020\/04\/Arena-Park-Zagreb_Photo-by-RTL.jpg\",\"keywords\":[\"Arena Park Zagreb\",\"Arena Park Zagreb\",\"elaborat za\u0161tite okoli\u0161a\",\"EZO\",\"oikon\",\"oikon\"],\"articleSection\":[\"PROJEKTI\",\"Za\u0161tita okoli\u0161a\"],\"inLanguage\":\"hr-HR\",\"potentialAction\":[{\"@type\":\"CommentAction\",\"name\":\"Comment\",\"target\":[\"https:\/\/oikon.hr\/hr\/eia-screening-for-the-commercial-facility-retail-park-arena-in-laniste-zagreb\/#respond\"]}]},{\"@type\":\"WebPage\",\"@id\":\"https:\/\/oikon.hr\/hr\/eia-screening-for-the-commercial-facility-retail-park-arena-in-laniste-zagreb\/\",\"url\":\"https:\/\/oikon.hr\/hr\/eia-screening-for-the-commercial-facility-retail-park-arena-in-laniste-zagreb\/\",\"name\":\"Elaborat za\u0161tite okoli\u0161a za \u201eRetail park Arena\u201c na Lani\u0161tu u Zagrebu &#8211; Oikon d.o.o.\",\"isPartOf\":{\"@id\":\"https:\/\/oikon.hr\/#website\"},\"primaryImageOfPage\":{\"@id\":\"https:\/\/oikon.hr\/hr\/eia-screening-for-the-commercial-facility-retail-park-arena-in-laniste-zagreb\/#primaryimage\"},\"image\":{\"@id\":\"https:\/\/oikon.hr\/hr\/eia-screening-for-the-commercial-facility-retail-park-arena-in-laniste-zagreb\/#primaryimage\"},\"thumbnailUrl\":\"https:\/\/oikon.hr\/cms\/wp-content\/uploads\/2020\/04\/Arena-Park-Zagreb_Photo-by-RTL.jpg\",\"datePublished\":\"2020-01-01T11:25:52+00:00\",\"dateModified\":\"2020-04-01T10:35:15+00:00\",\"description\":\"Experto Crede d.o.o.\",\"breadcrumb\":{\"@id\":\"https:\/\/oikon.hr\/hr\/eia-screening-for-the-commercial-facility-retail-park-arena-in-laniste-zagreb\/#breadcrumb\"},\"inLanguage\":\"hr-HR\",\"potentialAction\":[{\"@type\":\"ReadAction\",\"target\":[\"https:\/\/oikon.hr\/hr\/eia-screening-for-the-commercial-facility-retail-park-arena-in-laniste-zagreb\/\"]}]},{\"@type\":\"ImageObject\",\"inLanguage\":\"hr-HR\",\"@id\":\"https:\/\/oikon.hr\/hr\/eia-screening-for-the-commercial-facility-retail-park-arena-in-laniste-zagreb\/#primaryimage\",\"url\":\"https:\/\/oikon.hr\/cms\/wp-content\/uploads\/2020\/04\/Arena-Park-Zagreb_Photo-by-RTL.jpg\",\"contentUrl\":\"https:\/\/oikon.hr\/cms\/wp-content\/uploads\/2020\/04\/Arena-Park-Zagreb_Photo-by-RTL.jpg\",\"width\":960,\"height\":577},{\"@type\":\"BreadcrumbList\",\"@id\":\"https:\/\/oikon.hr\/hr\/eia-screening-for-the-commercial-facility-retail-park-arena-in-laniste-zagreb\/#breadcrumb\",\"itemListElement\":[{\"@type\":\"ListItem\",\"position\":1,\"name\":\"\",\"item\":\"https:\/\/oikon.hr\/hr\/\"},{\"@type\":\"ListItem\",\"position\":2,\"name\":\"PROJEKTI\",\"item\":\"https:\/\/oikon.hr\/hr\/topic\/projekti\/\"},{\"@type\":\"ListItem\",\"position\":3,\"name\":\"Elaborat za\u0161tite okoli\u0161a za \u201eRetail park Arena\u201c na Lani\u0161tu u Zagrebu\"}]},{\"@type\":\"WebSite\",\"@id\":\"https:\/\/oikon.hr\/#website\",\"url\":\"https:\/\/oikon.hr\/\",\"name\":\"Oikon d.o.o.\",\"description\":\"Institut za primijenjenu ekologiju\",\"publisher\":{\"@id\":\"https:\/\/oikon.hr\/#organization\"},\"alternateName\":\"OIKON\",\"potentialAction\":[{\"@type\":\"SearchAction\",\"target\":{\"@type\":\"EntryPoint\",\"urlTemplate\":\"https:\/\/oikon.hr\/?s={search_term_string}\"},\"query-input\":{\"@type\":\"PropertyValueSpecification\",\"valueRequired\":true,\"valueName\":\"search_term_string\"}}],\"inLanguage\":\"hr-HR\"},{\"@type\":\"Organization\",\"@id\":\"https:\/\/oikon.hr\/#organization\",\"name\":\"Oikon d.o.o. - Institut za primijenjenu ekologiju\",\"alternateName\":\"OIKON\",\"url\":\"https:\/\/oikon.hr\/\",\"logo\":{\"@type\":\"ImageObject\",\"inLanguage\":\"hr-HR\",\"@id\":\"https:\/\/oikon.hr\/#\/schema\/logo\/image\/\",\"url\":\"https:\/\/oikon.hr\/cms\/wp-content\/uploads\/2021\/01\/OIKON_R_logo_transparent.png\",\"contentUrl\":\"https:\/\/oikon.hr\/cms\/wp-content\/uploads\/2021\/01\/OIKON_R_logo_transparent.png\",\"width\":1660,\"height\":541,\"caption\":\"Oikon d.o.o. - Institut za primijenjenu ekologiju\"},\"image\":{\"@id\":\"https:\/\/oikon.hr\/#\/schema\/logo\/image\/\"},\"sameAs\":[\"http:\/\/www.facebook.com\/OikonLtd\/\",\"https:\/\/x.com\/OikonLtd\",\"https:\/\/www.instagram.com\/oikon_ltd\/\",\"https:\/\/www.linkedin.com\/company\/oikon---institute-for-applied-technology\/\",\"https:\/\/www.youtube.com\/channel\/UCu_eJ0ct90AEN8D85KWcRHQ\"]},{\"@type\":\"Person\",\"@id\":\"https:\/\/oikon.hr\/#\/schema\/person\/4fb14a46c1071083d5de459c14a82f7c\",\"name\":\"oikonadministracija\",\"image\":{\"@type\":\"ImageObject\",\"inLanguage\":\"hr-HR\",\"@id\":\"https:\/\/oikon.hr\/#\/schema\/person\/image\/\",\"url\":\"https:\/\/secure.gravatar.com\/avatar\/e247aba33e5428fc6a24bbca24b92af36ceafa9a824508df7d1d40391c5f0748?s=96&d=mm&r=g\",\"contentUrl\":\"https:\/\/secure.gravatar.com\/avatar\/e247aba33e5428fc6a24bbca24b92af36ceafa9a824508df7d1d40391c5f0748?s=96&d=mm&r=g\",\"caption\":\"oikonadministracija\"},\"url\":\"https:\/\/oikon.hr\/hr\/author\/oikonadministracija\/\"}]}<\/script>\n<!-- \/ Yoast SEO plugin. -->","yoast_head_json":{"title":"Elaborat za\u0161tite okoli\u0161a za \u201eRetail park Arena\u201c na Lani\u0161tu u Zagrebu &#8211; Oikon d.o.o.","description":"Experto Crede d.o.o.","robots":{"index":"index","follow":"follow","max-snippet":"max-snippet:-1","max-image-preview":"max-image-preview:large","max-video-preview":"max-video-preview:-1"},"canonical":"https:\/\/oikon.hr\/hr\/eia-screening-for-the-commercial-facility-retail-park-arena-in-laniste-zagreb\/","og_locale":"hr_HR","og_type":"article","og_title":"Elaborat za\u0161tite okoli\u0161a za \u201eRetail park Arena\u201c na Lani\u0161tu u Zagrebu &#8211; Oikon d.o.o.","og_description":"Experto Crede d.o.o.","og_url":"https:\/\/oikon.hr\/hr\/eia-screening-for-the-commercial-facility-retail-park-arena-in-laniste-zagreb\/","og_site_name":"Oikon d.o.o.","article_publisher":"http:\/\/www.facebook.com\/OikonLtd\/","article_published_time":"2020-01-01T11:25:52+00:00","article_modified_time":"2020-04-01T10:35:15+00:00","og_image":[{"width":960,"height":577,"url":"https:\/\/oikon.hr\/cms\/wp-content\/uploads\/2020\/04\/Arena-Park-Zagreb_Photo-by-RTL.jpg","type":"image\/jpeg"}],"author":"oikonadministracija","twitter_card":"summary_large_image","twitter_creator":"@OikonLtd","twitter_site":"@OikonLtd","twitter_misc":{"Written by":"oikonadministracija"},"schema":{"@context":"https:\/\/schema.org","@graph":[{"@type":"Article","@id":"https:\/\/oikon.hr\/hr\/eia-screening-for-the-commercial-facility-retail-park-arena-in-laniste-zagreb\/#article","isPartOf":{"@id":"https:\/\/oikon.hr\/hr\/eia-screening-for-the-commercial-facility-retail-park-arena-in-laniste-zagreb\/"},"author":{"name":"oikonadministracija","@id":"https:\/\/oikon.hr\/#\/schema\/person\/4fb14a46c1071083d5de459c14a82f7c"},"headline":"Elaborat za\u0161tite okoli\u0161a za \u201eRetail park Arena\u201c na Lani\u0161tu u Zagrebu","datePublished":"2020-01-01T11:25:52+00:00","dateModified":"2020-04-01T10:35:15+00:00","mainEntityOfPage":{"@id":"https:\/\/oikon.hr\/hr\/eia-screening-for-the-commercial-facility-retail-park-arena-in-laniste-zagreb\/"},"wordCount":95,"commentCount":0,"publisher":{"@id":"https:\/\/oikon.hr\/#organization"},"image":{"@id":"https:\/\/oikon.hr\/hr\/eia-screening-for-the-commercial-facility-retail-park-arena-in-laniste-zagreb\/#primaryimage"},"thumbnailUrl":"https:\/\/oikon.hr\/cms\/wp-content\/uploads\/2020\/04\/Arena-Park-Zagreb_Photo-by-RTL.jpg","keywords":["Arena Park Zagreb","Arena Park Zagreb","elaborat za\u0161tite okoli\u0161a","EZO","oikon","oikon"],"articleSection":["PROJEKTI","Za\u0161tita okoli\u0161a"],"inLanguage":"hr-HR","potentialAction":[{"@type":"CommentAction","name":"Comment","target":["https:\/\/oikon.hr\/hr\/eia-screening-for-the-commercial-facility-retail-park-arena-in-laniste-zagreb\/#respond"]}]},{"@type":"WebPage","@id":"https:\/\/oikon.hr\/hr\/eia-screening-for-the-commercial-facility-retail-park-arena-in-laniste-zagreb\/","url":"https:\/\/oikon.hr\/hr\/eia-screening-for-the-commercial-facility-retail-park-arena-in-laniste-zagreb\/","name":"Elaborat za\u0161tite okoli\u0161a za \u201eRetail park Arena\u201c na Lani\u0161tu u Zagrebu &#8211; Oikon d.o.o.","isPartOf":{"@id":"https:\/\/oikon.hr\/#website"},"primaryImageOfPage":{"@id":"https:\/\/oikon.hr\/hr\/eia-screening-for-the-commercial-facility-retail-park-arena-in-laniste-zagreb\/#primaryimage"},"image":{"@id":"https:\/\/oikon.hr\/hr\/eia-screening-for-the-commercial-facility-retail-park-arena-in-laniste-zagreb\/#primaryimage"},"thumbnailUrl":"https:\/\/oikon.hr\/cms\/wp-content\/uploads\/2020\/04\/Arena-Park-Zagreb_Photo-by-RTL.jpg","datePublished":"2020-01-01T11:25:52+00:00","dateModified":"2020-04-01T10:35:15+00:00","description":"Experto Crede d.o.o.","breadcrumb":{"@id":"https:\/\/oikon.hr\/hr\/eia-screening-for-the-commercial-facility-retail-park-arena-in-laniste-zagreb\/#breadcrumb"},"inLanguage":"hr-HR","potentialAction":[{"@type":"ReadAction","target":["https:\/\/oikon.hr\/hr\/eia-screening-for-the-commercial-facility-retail-park-arena-in-laniste-zagreb\/"]}]},{"@type":"ImageObject","inLanguage":"hr-HR","@id":"https:\/\/oikon.hr\/hr\/eia-screening-for-the-commercial-facility-retail-park-arena-in-laniste-zagreb\/#primaryimage","url":"https:\/\/oikon.hr\/cms\/wp-content\/uploads\/2020\/04\/Arena-Park-Zagreb_Photo-by-RTL.jpg","contentUrl":"https:\/\/oikon.hr\/cms\/wp-content\/uploads\/2020\/04\/Arena-Park-Zagreb_Photo-by-RTL.jpg","width":960,"height":577},{"@type":"BreadcrumbList","@id":"https:\/\/oikon.hr\/hr\/eia-screening-for-the-commercial-facility-retail-park-arena-in-laniste-zagreb\/#breadcrumb","itemListElement":[{"@type":"ListItem","position":1,"name":"","item":"https:\/\/oikon.hr\/hr\/"},{"@type":"ListItem","position":2,"name":"PROJEKTI","item":"https:\/\/oikon.hr\/hr\/topic\/projekti\/"},{"@type":"ListItem","position":3,"name":"Elaborat za\u0161tite okoli\u0161a za \u201eRetail park Arena\u201c na Lani\u0161tu u Zagrebu"}]},{"@type":"WebSite","@id":"https:\/\/oikon.hr\/#website","url":"https:\/\/oikon.hr\/","name":"Oikon d.o.o.","description":"Institut za primijenjenu ekologiju","publisher":{"@id":"https:\/\/oikon.hr\/#organization"},"alternateName":"OIKON","potentialAction":[{"@type":"SearchAction","target":{"@type":"EntryPoint","urlTemplate":"https:\/\/oikon.hr\/?s={search_term_string}"},"query-input":{"@type":"PropertyValueSpecification","valueRequired":true,"valueName":"search_term_string"}}],"inLanguage":"hr-HR"},{"@type":"Organization","@id":"https:\/\/oikon.hr\/#organization","name":"Oikon d.o.o. - Institut za primijenjenu ekologiju","alternateName":"OIKON","url":"https:\/\/oikon.hr\/","logo":{"@type":"ImageObject","inLanguage":"hr-HR","@id":"https:\/\/oikon.hr\/#\/schema\/logo\/image\/","url":"https:\/\/oikon.hr\/cms\/wp-content\/uploads\/2021\/01\/OIKON_R_logo_transparent.png","contentUrl":"https:\/\/oikon.hr\/cms\/wp-content\/uploads\/2021\/01\/OIKON_R_logo_transparent.png","width":1660,"height":541,"caption":"Oikon d.o.o. - Institut za primijenjenu ekologiju"},"image":{"@id":"https:\/\/oikon.hr\/#\/schema\/logo\/image\/"},"sameAs":["http:\/\/www.facebook.com\/OikonLtd\/","https:\/\/x.com\/OikonLtd","https:\/\/www.instagram.com\/oikon_ltd\/","https:\/\/www.linkedin.com\/company\/oikon---institute-for-applied-technology\/","https:\/\/www.youtube.com\/channel\/UCu_eJ0ct90AEN8D85KWcRHQ"]},{"@type":"Person","@id":"https:\/\/oikon.hr\/#\/schema\/person\/4fb14a46c1071083d5de459c14a82f7c","name":"oikonadministracija","image":{"@type":"ImageObject","inLanguage":"hr-HR","@id":"https:\/\/oikon.hr\/#\/schema\/person\/image\/","url":"https:\/\/secure.gravatar.com\/avatar\/e247aba33e5428fc6a24bbca24b92af36ceafa9a824508df7d1d40391c5f0748?s=96&d=mm&r=g","contentUrl":"https:\/\/secure.gravatar.com\/avatar\/e247aba33e5428fc6a24bbca24b92af36ceafa9a824508df7d1d40391c5f0748?s=96&d=mm&r=g","caption":"oikonadministracija"},"url":"https:\/\/oikon.hr\/hr\/author\/oikonadministracija\/"}]}},"_links":{"self":[{"href":"https:\/\/oikon.hr\/hr\/wp-json\/wp\/v2\/posts\/4804","targetHints":{"allow":["GET"]}}],"collection":[{"href":"https:\/\/oikon.hr\/hr\/wp-json\/wp\/v2\/posts"}],"about":[{"href":"https:\/\/oikon.hr\/hr\/wp-json\/wp\/v2\/types\/post"}],"author":[{"embeddable":true,"href":"https:\/\/oikon.hr\/hr\/wp-json\/wp\/v2\/users\/2"}],"replies":[{"embeddable":true,"href":"https:\/\/oikon.hr\/hr\/wp-json\/wp\/v2\/comments?post=4804"}],"version-history":[{"count":0,"href":"https:\/\/oikon.hr\/hr\/wp-json\/wp\/v2\/posts\/4804\/revisions"}],"wp:featuredmedia":[{"embeddable":true,"href":"https:\/\/oikon.hr\/hr\/wp-json\/wp\/v2\/media\/4798"}],"wp:attachment":[{"href":"https:\/\/oikon.hr\/hr\/wp-json\/wp\/v2\/media?parent=4804"}],"wp:term":[{"taxonomy":"category","embeddable":true,"href":"https:\/\/oikon.hr\/hr\/wp-json\/wp\/v2\/categories?post=4804"},{"taxonomy":"post_tag","embeddable":true,"href":"https:\/\/oikon.hr\/hr\/wp-json\/wp\/v2\/tags?post=4804"}],"curies":[{"name":"wp","href":"https:\/\/api.w.org\/{rel}","templated":true}]}}