{"id":4844,"date":"2020-04-06T16:47:32","date_gmt":"2020-04-06T14:47:32","guid":{"rendered":"https:\/\/oikon.hr\/?p=4844"},"modified":"2020-04-06T16:52:18","modified_gmt":"2020-04-06T14:52:18","slug":"pismo-ministarstvu-poljoprivrede-vezano-uz-inicijativu-zaorimo-hrvatska-polja","status":"publish","type":"post","link":"https:\/\/oikon.hr\/hr\/pismo-ministarstvu-poljoprivrede-vezano-uz-inicijativu-zaorimo-hrvatska-polja\/","title":{"rendered":"Pismo Ministarstvu poljoprivrede vezano uz inicijativu &#8220;Zaorimo hrvatska polja!&#8221;"},"content":{"rendered":"\n<p>6. travnja 2020. &#8211; danas smo poslali pismo ministrici Mariji Vu\u010dkovi\u0107 u Ministarstvo poljoprivrede vezano uz inicijativu &#8220;Zaorimo hrvatska polja!&#8221; \u010diji sadr\u017eaj prenosimo u cijelosti:<\/p>\n\n\n\n<p><strong>Po\u0161tovana\ngospo\u0111o ministrice,<\/strong><\/p>\n\n\n\n<p>Obra\u0107amo\nVam se s obzirom na situaciju uzrokovanom koronavirusom u kojoj se Hrvatska\ntrenuta\u010dno nalazi, a koja ve\u0107 sada ima veliki negativan utjecaj na\npoljoprivredu i prehrambenu industriju. Budu\u0107i da je svaka kriza ujedno i\nprilika, smatramo da ovu priliku treba iskoristiti te mobilizirati hrvatski\npoljoprivredni potencijal. <\/p>\n\n\n\n<p>Ovim\nputem \u017eelimo pozdraviti rad i napore Ministarstva poljoprivrede te s velikim\nzadovoljstvom podr\u017eavamo mjere koje je \u017eurno pokrenulo kao potporu hrvatskim\npoljoprivrednicima. Iznimno smo zadovoljni Va\u0161im radom, radom cijele Vlade RH,\na osobito brzom reakcijom na novonastalu situaciju u kojoj ste pravovremeno poduzeli\nsve mjere za spas gospodarstva. Ujedno smo ponosni na iznimne aktivnosti na\u0161ih gra\u0111evinara\nkoji su se mobilizirali i ve\u0107 dva tjedna pregledavaju o\u0161te\u0107enja na zagreba\u010dkim\ngra\u0111evinama pogo\u0111enim razornim potresom. Ponosni smo i na aktivnosti HGK, HUP-a\ni na brojne gra\u0111ane koji su se mobilizirali za pomo\u0107 Republike Hrvatske.<\/p>\n\n\n\n<p>Kako\nimamo vrhunske stru\u010dnjake te 22 godine iskustva na podru\u010dju za\u0161tite prirode,\nokoli\u0161a i upravljanja prirodnim resursima, i mi u Oikonu odlu\u010dili smo upregnuti\nsvoje znanje i kapacitete te u\u010diniti \u0161to mo\u017eemo i \u0161to znamo. Okupili smo\nnekoliko na\u0161ih odli\u010dnih stru\u010dnjaka i stru\u010dnih suradnika s bogatim iskustvom na\npodru\u010dju agronomije, ekologije, \u0161umarstva i geoinformatike te zajedno pokrenuli\ninicijativu pod nazivom \u201eZaorimo hrvatska polja!\u201c. <\/p>\n\n\n\n<p>Kao\nprvi korak, napravili smo preliminarnu prostornu analizu potencijala\npoljoprivrednih povr\u0161ina u Republici Hrvatskoj i identificirali preko\n400.000&nbsp; ha nekori\u0161tenog poljoprivrednog\nzemlji\u0161ta, koje bi se u razmjerno kratkom roku moglo po\u010deti obra\u0111ivati ili\nkoristiti za proizvodnje hrane. Vo\u0111eni time, ostali na\u0161i stru\u010dnjaci ve\u0107 rade na\nsvome doprinosu. Na\u0161i ekolozi pripremaju informacije vezane uz prihvatljivu\nobradu poljoprivrednog zemlji\u0161ta sa stajali\u0161ta za\u0161tite okoli\u0161a i prirode kako\nobrada zemlji\u0161ta ne bi po\u010dinila nepotrebnu \u0161tetu, dok na\u0161a pravna slu\u017eba radi\nanalizu zakonskog okvira u smislu obveze i prava vezanih uz raspolaganje i\nobradu zemlji\u0161ta. <\/p>\n\n\n\n<p>Va\u017eno\nje naglasiti da je na\u0161a inicijativa pokrenuta s namjerom da bude komplementarna\naktivnostima Ministarstva poljoprivrede, ali i ostalih dr\u017eavnih institucija.\n\u017delja nam je da okupimo sve koji mogu pomo\u0107i te da svoje kapacitete stavimo\nvama na raspolaganje. Uvjereni smo da je i cijela hrvatska znanstvena zajednica\nvoljna i mo\u017ee doprinijeti ja\u010danju hrvatske poljoprivrede. <\/p>\n\n\n\n<p>Pokretanjem\nove inicijative Institut Oikon nema nikakvog komercijalnog, politi\u010dkog,\nmarketin\u0161kog niti ikakvog drugog interesa, osim interesa da se ne\u0161to pokrene i\nda se mobilizira, kako narod, tako i ostala poduze\u0107a, udruge i institucije, a\nsve za dobrobit Republike Hrvatske i hrvatskih gra\u0111ana.<\/p>\n\n\n\n<p>U\nnadi da \u0107ete pozdraviti ovu na\u0161u inicijativu te da ste voljni sura\u0111ivati s nama\nna tom podru\u010dju, svoje baze, detaljne karte i sve daljnje analize stavljamo vam\nna raspolaganje. Isto \u0107emo po pisanom zahtjevu i bez naknade dostaviti\njedinicama lokalne samouprave, Agenciji za pla\u0107anja u poljoprivredi i ostalim\nakterima koji su klju\u010dni u kreiranju i provedbi poljoprivrednih politika.<\/p>\n\n\n\n<p>Za kraj, \u017eelim Vas obavijestiti da imamo jo\u0161 ideja koje bi se mogle pokrenuti i koje bismo rado s Vama raspravili ukoliko za to postoje mogu\u0107nosti s Va\u0161e strane. Stojimo Vam na raspolaganju.<\/p>\n\n\n\n<p>S po\u0161tovanjem,<\/p>\n\n\n\n<p>Dalibor Hati\u0107, mag. ing. silv., CE<\/p>\n\n\n\n<p>Direktor<\/p>\n","protected":false},"excerpt":{"rendered":"<p>6. travnja 2020. &#8211; danas smo poslali pismo ministrici Mariji Vu\u010dkovi\u0107 u Ministarstvo poljoprivrede vezano uz inicijativu &#8220;Zaorimo hrvatska polja!&#8221; \u010diji sadr\u017eaj prenosimo u cijelosti: Po\u0161tovana gospo\u0111o ministrice, Obra\u0107amo Vam se s obzirom na situaciju uzrokovanom koronavirusom u kojoj se Hrvatska trenuta\u010dno nalazi, a koja ve\u0107 sada ima veliki negativan utjecaj na poljoprivredu i prehrambenu &hellip; <a href=\"https:\/\/oikon.hr\/hr\/pismo-ministarstvu-poljoprivrede-vezano-uz-inicijativu-zaorimo-hrvatska-polja\/\">Saznajte vi\u0161e<\/a><\/p>\n","protected":false},"author":2,"featured_media":4847,"comment_status":"open","ping_status":"open","sticky":false,"template":"","format":"standard","meta":{"_acf_changed":false,"footnotes":""},"categories":[798],"tags":[],"class_list":["post-4844","post","type-post","status-publish","format-standard","has-post-thumbnail","hentry","category-vijesti"],"acf":[],"yoast_head":"<!-- This site is optimized with the Yoast SEO plugin v27.0 - https:\/\/yoast.com\/product\/yoast-seo-wordpress\/ -->\n<title>Pismo Ministarstvu poljoprivrede vezano uz inicijativu &quot;Zaorimo hrvatska polja!&quot; &#8211; Oikon d.o.o.<\/title>\n<meta name=\"description\" content=\"6. travnja 2020. - danas smo poslali pismo ministrici Mariji Vu\u010dkovi\u0107 u Ministarstvo poljoprivrede vezano uz inicijativu &quot;Zaorimo hrvatska polja!&quot; \u010diji\" \/>\n<meta name=\"robots\" content=\"index, follow, max-snippet:-1, max-image-preview:large, max-video-preview:-1\" \/>\n<link rel=\"canonical\" href=\"https:\/\/oikon.hr\/hr\/pismo-ministarstvu-poljoprivrede-vezano-uz-inicijativu-zaorimo-hrvatska-polja\/\" \/>\n<meta property=\"og:locale\" content=\"hr_HR\" \/>\n<meta property=\"og:type\" content=\"article\" \/>\n<meta property=\"og:title\" content=\"Pismo Ministarstvu poljoprivrede vezano uz inicijativu &quot;Zaorimo hrvatska polja!&quot; &#8211; Oikon d.o.o.\" \/>\n<meta property=\"og:description\" content=\"6. travnja 2020. - danas smo poslali pismo ministrici Mariji Vu\u010dkovi\u0107 u Ministarstvo poljoprivrede vezano uz inicijativu &quot;Zaorimo hrvatska polja!&quot; \u010diji\" \/>\n<meta property=\"og:url\" content=\"https:\/\/oikon.hr\/hr\/pismo-ministarstvu-poljoprivrede-vezano-uz-inicijativu-zaorimo-hrvatska-polja\/\" \/>\n<meta property=\"og:site_name\" content=\"Oikon d.o.o.\" \/>\n<meta property=\"article:publisher\" content=\"http:\/\/www.facebook.com\/OikonLtd\/\" \/>\n<meta property=\"article:published_time\" content=\"2020-04-06T14:47:32+00:00\" \/>\n<meta property=\"article:modified_time\" content=\"2020-04-06T14:52:18+00:00\" \/>\n<meta property=\"og:image\" content=\"https:\/\/oikon.hr\/cms\/wp-content\/uploads\/2020\/04\/writing-1149962_640.jpg\" \/>\n\t<meta property=\"og:image:width\" content=\"640\" \/>\n\t<meta property=\"og:image:height\" content=\"426\" \/>\n\t<meta property=\"og:image:type\" content=\"image\/jpeg\" \/>\n<meta name=\"author\" content=\"oikonadministracija\" \/>\n<meta name=\"twitter:card\" content=\"summary_large_image\" \/>\n<meta name=\"twitter:creator\" content=\"@OikonLtd\" \/>\n<meta name=\"twitter:site\" content=\"@OikonLtd\" \/>\n<meta name=\"twitter:label1\" content=\"Written by\" \/>\n\t<meta name=\"twitter:data1\" content=\"oikonadministracija\" \/>\n\t<meta name=\"twitter:label2\" content=\"Est. reading time\" \/>\n\t<meta name=\"twitter:data2\" content=\"3 minutes\" \/>\n<script type=\"application\/ld+json\" class=\"yoast-schema-graph\">{\"@context\":\"https:\/\/schema.org\",\"@graph\":[{\"@type\":\"Article\",\"@id\":\"https:\/\/oikon.hr\/hr\/pismo-ministarstvu-poljoprivrede-vezano-uz-inicijativu-zaorimo-hrvatska-polja\/#article\",\"isPartOf\":{\"@id\":\"https:\/\/oikon.hr\/hr\/pismo-ministarstvu-poljoprivrede-vezano-uz-inicijativu-zaorimo-hrvatska-polja\/\"},\"author\":{\"name\":\"oikonadministracija\",\"@id\":\"https:\/\/oikon.hr\/#\/schema\/person\/4fb14a46c1071083d5de459c14a82f7c\"},\"headline\":\"Pismo Ministarstvu poljoprivrede vezano uz inicijativu &#8220;Zaorimo hrvatska polja!&#8221;\",\"datePublished\":\"2020-04-06T14:47:32+00:00\",\"dateModified\":\"2020-04-06T14:52:18+00:00\",\"mainEntityOfPage\":{\"@id\":\"https:\/\/oikon.hr\/hr\/pismo-ministarstvu-poljoprivrede-vezano-uz-inicijativu-zaorimo-hrvatska-polja\/\"},\"wordCount\":589,\"commentCount\":0,\"publisher\":{\"@id\":\"https:\/\/oikon.hr\/#organization\"},\"image\":{\"@id\":\"https:\/\/oikon.hr\/hr\/pismo-ministarstvu-poljoprivrede-vezano-uz-inicijativu-zaorimo-hrvatska-polja\/#primaryimage\"},\"thumbnailUrl\":\"https:\/\/oikon.hr\/cms\/wp-content\/uploads\/2020\/04\/writing-1149962_640.jpg\",\"articleSection\":[\"VIJESTI\"],\"inLanguage\":\"hr-HR\",\"potentialAction\":[{\"@type\":\"CommentAction\",\"name\":\"Comment\",\"target\":[\"https:\/\/oikon.hr\/hr\/pismo-ministarstvu-poljoprivrede-vezano-uz-inicijativu-zaorimo-hrvatska-polja\/#respond\"]}]},{\"@type\":\"WebPage\",\"@id\":\"https:\/\/oikon.hr\/hr\/pismo-ministarstvu-poljoprivrede-vezano-uz-inicijativu-zaorimo-hrvatska-polja\/\",\"url\":\"https:\/\/oikon.hr\/hr\/pismo-ministarstvu-poljoprivrede-vezano-uz-inicijativu-zaorimo-hrvatska-polja\/\",\"name\":\"Pismo Ministarstvu poljoprivrede vezano uz inicijativu \\\"Zaorimo hrvatska polja!\\\" &#8211; Oikon d.o.o.\",\"isPartOf\":{\"@id\":\"https:\/\/oikon.hr\/#website\"},\"primaryImageOfPage\":{\"@id\":\"https:\/\/oikon.hr\/hr\/pismo-ministarstvu-poljoprivrede-vezano-uz-inicijativu-zaorimo-hrvatska-polja\/#primaryimage\"},\"image\":{\"@id\":\"https:\/\/oikon.hr\/hr\/pismo-ministarstvu-poljoprivrede-vezano-uz-inicijativu-zaorimo-hrvatska-polja\/#primaryimage\"},\"thumbnailUrl\":\"https:\/\/oikon.hr\/cms\/wp-content\/uploads\/2020\/04\/writing-1149962_640.jpg\",\"datePublished\":\"2020-04-06T14:47:32+00:00\",\"dateModified\":\"2020-04-06T14:52:18+00:00\",\"description\":\"6. travnja 2020. - danas smo poslali pismo ministrici Mariji Vu\u010dkovi\u0107 u Ministarstvo poljoprivrede vezano uz inicijativu \\\"Zaorimo hrvatska polja!\\\" \u010diji\",\"breadcrumb\":{\"@id\":\"https:\/\/oikon.hr\/hr\/pismo-ministarstvu-poljoprivrede-vezano-uz-inicijativu-zaorimo-hrvatska-polja\/#breadcrumb\"},\"inLanguage\":\"hr-HR\",\"potentialAction\":[{\"@type\":\"ReadAction\",\"target\":[\"https:\/\/oikon.hr\/hr\/pismo-ministarstvu-poljoprivrede-vezano-uz-inicijativu-zaorimo-hrvatska-polja\/\"]}]},{\"@type\":\"ImageObject\",\"inLanguage\":\"hr-HR\",\"@id\":\"https:\/\/oikon.hr\/hr\/pismo-ministarstvu-poljoprivrede-vezano-uz-inicijativu-zaorimo-hrvatska-polja\/#primaryimage\",\"url\":\"https:\/\/oikon.hr\/cms\/wp-content\/uploads\/2020\/04\/writing-1149962_640.jpg\",\"contentUrl\":\"https:\/\/oikon.hr\/cms\/wp-content\/uploads\/2020\/04\/writing-1149962_640.jpg\",\"width\":640,\"height\":426},{\"@type\":\"BreadcrumbList\",\"@id\":\"https:\/\/oikon.hr\/hr\/pismo-ministarstvu-poljoprivrede-vezano-uz-inicijativu-zaorimo-hrvatska-polja\/#breadcrumb\",\"itemListElement\":[{\"@type\":\"ListItem\",\"position\":1,\"name\":\"\",\"item\":\"https:\/\/oikon.hr\/hr\/\"},{\"@type\":\"ListItem\",\"position\":2,\"name\":\"VIJESTI\",\"item\":\"https:\/\/oikon.hr\/hr\/topic\/vijesti\/\"},{\"@type\":\"ListItem\",\"position\":3,\"name\":\"Pismo Ministarstvu poljoprivrede vezano uz inicijativu &#8220;Zaorimo hrvatska polja!&#8221;\"}]},{\"@type\":\"WebSite\",\"@id\":\"https:\/\/oikon.hr\/#website\",\"url\":\"https:\/\/oikon.hr\/\",\"name\":\"Oikon d.o.o.\",\"description\":\"Institut za primijenjenu ekologiju\",\"publisher\":{\"@id\":\"https:\/\/oikon.hr\/#organization\"},\"alternateName\":\"OIKON\",\"potentialAction\":[{\"@type\":\"SearchAction\",\"target\":{\"@type\":\"EntryPoint\",\"urlTemplate\":\"https:\/\/oikon.hr\/?s={search_term_string}\"},\"query-input\":{\"@type\":\"PropertyValueSpecification\",\"valueRequired\":true,\"valueName\":\"search_term_string\"}}],\"inLanguage\":\"hr-HR\"},{\"@type\":\"Organization\",\"@id\":\"https:\/\/oikon.hr\/#organization\",\"name\":\"Oikon d.o.o. - Institut za primijenjenu ekologiju\",\"alternateName\":\"OIKON\",\"url\":\"https:\/\/oikon.hr\/\",\"logo\":{\"@type\":\"ImageObject\",\"inLanguage\":\"hr-HR\",\"@id\":\"https:\/\/oikon.hr\/#\/schema\/logo\/image\/\",\"url\":\"https:\/\/oikon.hr\/cms\/wp-content\/uploads\/2021\/01\/OIKON_R_logo_transparent.png\",\"contentUrl\":\"https:\/\/oikon.hr\/cms\/wp-content\/uploads\/2021\/01\/OIKON_R_logo_transparent.png\",\"width\":1660,\"height\":541,\"caption\":\"Oikon d.o.o. - Institut za primijenjenu ekologiju\"},\"image\":{\"@id\":\"https:\/\/oikon.hr\/#\/schema\/logo\/image\/\"},\"sameAs\":[\"http:\/\/www.facebook.com\/OikonLtd\/\",\"https:\/\/x.com\/OikonLtd\",\"https:\/\/www.instagram.com\/oikon_ltd\/\",\"https:\/\/www.linkedin.com\/company\/oikon---institute-for-applied-technology\/\",\"https:\/\/www.youtube.com\/channel\/UCu_eJ0ct90AEN8D85KWcRHQ\"]},{\"@type\":\"Person\",\"@id\":\"https:\/\/oikon.hr\/#\/schema\/person\/4fb14a46c1071083d5de459c14a82f7c\",\"name\":\"oikonadministracija\",\"image\":{\"@type\":\"ImageObject\",\"inLanguage\":\"hr-HR\",\"@id\":\"https:\/\/oikon.hr\/#\/schema\/person\/image\/\",\"url\":\"https:\/\/secure.gravatar.com\/avatar\/e247aba33e5428fc6a24bbca24b92af36ceafa9a824508df7d1d40391c5f0748?s=96&d=mm&r=g\",\"contentUrl\":\"https:\/\/secure.gravatar.com\/avatar\/e247aba33e5428fc6a24bbca24b92af36ceafa9a824508df7d1d40391c5f0748?s=96&d=mm&r=g\",\"caption\":\"oikonadministracija\"},\"url\":\"https:\/\/oikon.hr\/hr\/author\/oikonadministracija\/\"}]}<\/script>\n<!-- \/ Yoast SEO plugin. -->","yoast_head_json":{"title":"Pismo Ministarstvu poljoprivrede vezano uz inicijativu \"Zaorimo hrvatska polja!\" &#8211; Oikon d.o.o.","description":"6. travnja 2020. - danas smo poslali pismo ministrici Mariji Vu\u010dkovi\u0107 u Ministarstvo poljoprivrede vezano uz inicijativu \"Zaorimo hrvatska polja!\" \u010diji","robots":{"index":"index","follow":"follow","max-snippet":"max-snippet:-1","max-image-preview":"max-image-preview:large","max-video-preview":"max-video-preview:-1"},"canonical":"https:\/\/oikon.hr\/hr\/pismo-ministarstvu-poljoprivrede-vezano-uz-inicijativu-zaorimo-hrvatska-polja\/","og_locale":"hr_HR","og_type":"article","og_title":"Pismo Ministarstvu poljoprivrede vezano uz inicijativu \"Zaorimo hrvatska polja!\" &#8211; Oikon d.o.o.","og_description":"6. travnja 2020. - danas smo poslali pismo ministrici Mariji Vu\u010dkovi\u0107 u Ministarstvo poljoprivrede vezano uz inicijativu \"Zaorimo hrvatska polja!\" \u010diji","og_url":"https:\/\/oikon.hr\/hr\/pismo-ministarstvu-poljoprivrede-vezano-uz-inicijativu-zaorimo-hrvatska-polja\/","og_site_name":"Oikon d.o.o.","article_publisher":"http:\/\/www.facebook.com\/OikonLtd\/","article_published_time":"2020-04-06T14:47:32+00:00","article_modified_time":"2020-04-06T14:52:18+00:00","og_image":[{"width":640,"height":426,"url":"https:\/\/oikon.hr\/cms\/wp-content\/uploads\/2020\/04\/writing-1149962_640.jpg","type":"image\/jpeg"}],"author":"oikonadministracija","twitter_card":"summary_large_image","twitter_creator":"@OikonLtd","twitter_site":"@OikonLtd","twitter_misc":{"Written by":"oikonadministracija","Est. reading time":"3 minutes"},"schema":{"@context":"https:\/\/schema.org","@graph":[{"@type":"Article","@id":"https:\/\/oikon.hr\/hr\/pismo-ministarstvu-poljoprivrede-vezano-uz-inicijativu-zaorimo-hrvatska-polja\/#article","isPartOf":{"@id":"https:\/\/oikon.hr\/hr\/pismo-ministarstvu-poljoprivrede-vezano-uz-inicijativu-zaorimo-hrvatska-polja\/"},"author":{"name":"oikonadministracija","@id":"https:\/\/oikon.hr\/#\/schema\/person\/4fb14a46c1071083d5de459c14a82f7c"},"headline":"Pismo Ministarstvu poljoprivrede vezano uz inicijativu &#8220;Zaorimo hrvatska polja!&#8221;","datePublished":"2020-04-06T14:47:32+00:00","dateModified":"2020-04-06T14:52:18+00:00","mainEntityOfPage":{"@id":"https:\/\/oikon.hr\/hr\/pismo-ministarstvu-poljoprivrede-vezano-uz-inicijativu-zaorimo-hrvatska-polja\/"},"wordCount":589,"commentCount":0,"publisher":{"@id":"https:\/\/oikon.hr\/#organization"},"image":{"@id":"https:\/\/oikon.hr\/hr\/pismo-ministarstvu-poljoprivrede-vezano-uz-inicijativu-zaorimo-hrvatska-polja\/#primaryimage"},"thumbnailUrl":"https:\/\/oikon.hr\/cms\/wp-content\/uploads\/2020\/04\/writing-1149962_640.jpg","articleSection":["VIJESTI"],"inLanguage":"hr-HR","potentialAction":[{"@type":"CommentAction","name":"Comment","target":["https:\/\/oikon.hr\/hr\/pismo-ministarstvu-poljoprivrede-vezano-uz-inicijativu-zaorimo-hrvatska-polja\/#respond"]}]},{"@type":"WebPage","@id":"https:\/\/oikon.hr\/hr\/pismo-ministarstvu-poljoprivrede-vezano-uz-inicijativu-zaorimo-hrvatska-polja\/","url":"https:\/\/oikon.hr\/hr\/pismo-ministarstvu-poljoprivrede-vezano-uz-inicijativu-zaorimo-hrvatska-polja\/","name":"Pismo Ministarstvu poljoprivrede vezano uz inicijativu \"Zaorimo hrvatska polja!\" &#8211; Oikon d.o.o.","isPartOf":{"@id":"https:\/\/oikon.hr\/#website"},"primaryImageOfPage":{"@id":"https:\/\/oikon.hr\/hr\/pismo-ministarstvu-poljoprivrede-vezano-uz-inicijativu-zaorimo-hrvatska-polja\/#primaryimage"},"image":{"@id":"https:\/\/oikon.hr\/hr\/pismo-ministarstvu-poljoprivrede-vezano-uz-inicijativu-zaorimo-hrvatska-polja\/#primaryimage"},"thumbnailUrl":"https:\/\/oikon.hr\/cms\/wp-content\/uploads\/2020\/04\/writing-1149962_640.jpg","datePublished":"2020-04-06T14:47:32+00:00","dateModified":"2020-04-06T14:52:18+00:00","description":"6. travnja 2020. - danas smo poslali pismo ministrici Mariji Vu\u010dkovi\u0107 u Ministarstvo poljoprivrede vezano uz inicijativu \"Zaorimo hrvatska polja!\" \u010diji","breadcrumb":{"@id":"https:\/\/oikon.hr\/hr\/pismo-ministarstvu-poljoprivrede-vezano-uz-inicijativu-zaorimo-hrvatska-polja\/#breadcrumb"},"inLanguage":"hr-HR","potentialAction":[{"@type":"ReadAction","target":["https:\/\/oikon.hr\/hr\/pismo-ministarstvu-poljoprivrede-vezano-uz-inicijativu-zaorimo-hrvatska-polja\/"]}]},{"@type":"ImageObject","inLanguage":"hr-HR","@id":"https:\/\/oikon.hr\/hr\/pismo-ministarstvu-poljoprivrede-vezano-uz-inicijativu-zaorimo-hrvatska-polja\/#primaryimage","url":"https:\/\/oikon.hr\/cms\/wp-content\/uploads\/2020\/04\/writing-1149962_640.jpg","contentUrl":"https:\/\/oikon.hr\/cms\/wp-content\/uploads\/2020\/04\/writing-1149962_640.jpg","width":640,"height":426},{"@type":"BreadcrumbList","@id":"https:\/\/oikon.hr\/hr\/pismo-ministarstvu-poljoprivrede-vezano-uz-inicijativu-zaorimo-hrvatska-polja\/#breadcrumb","itemListElement":[{"@type":"ListItem","position":1,"name":"","item":"https:\/\/oikon.hr\/hr\/"},{"@type":"ListItem","position":2,"name":"VIJESTI","item":"https:\/\/oikon.hr\/hr\/topic\/vijesti\/"},{"@type":"ListItem","position":3,"name":"Pismo Ministarstvu poljoprivrede vezano uz inicijativu &#8220;Zaorimo hrvatska polja!&#8221;"}]},{"@type":"WebSite","@id":"https:\/\/oikon.hr\/#website","url":"https:\/\/oikon.hr\/","name":"Oikon d.o.o.","description":"Institut za primijenjenu ekologiju","publisher":{"@id":"https:\/\/oikon.hr\/#organization"},"alternateName":"OIKON","potentialAction":[{"@type":"SearchAction","target":{"@type":"EntryPoint","urlTemplate":"https:\/\/oikon.hr\/?s={search_term_string}"},"query-input":{"@type":"PropertyValueSpecification","valueRequired":true,"valueName":"search_term_string"}}],"inLanguage":"hr-HR"},{"@type":"Organization","@id":"https:\/\/oikon.hr\/#organization","name":"Oikon d.o.o. - Institut za primijenjenu ekologiju","alternateName":"OIKON","url":"https:\/\/oikon.hr\/","logo":{"@type":"ImageObject","inLanguage":"hr-HR","@id":"https:\/\/oikon.hr\/#\/schema\/logo\/image\/","url":"https:\/\/oikon.hr\/cms\/wp-content\/uploads\/2021\/01\/OIKON_R_logo_transparent.png","contentUrl":"https:\/\/oikon.hr\/cms\/wp-content\/uploads\/2021\/01\/OIKON_R_logo_transparent.png","width":1660,"height":541,"caption":"Oikon d.o.o. - Institut za primijenjenu ekologiju"},"image":{"@id":"https:\/\/oikon.hr\/#\/schema\/logo\/image\/"},"sameAs":["http:\/\/www.facebook.com\/OikonLtd\/","https:\/\/x.com\/OikonLtd","https:\/\/www.instagram.com\/oikon_ltd\/","https:\/\/www.linkedin.com\/company\/oikon---institute-for-applied-technology\/","https:\/\/www.youtube.com\/channel\/UCu_eJ0ct90AEN8D85KWcRHQ"]},{"@type":"Person","@id":"https:\/\/oikon.hr\/#\/schema\/person\/4fb14a46c1071083d5de459c14a82f7c","name":"oikonadministracija","image":{"@type":"ImageObject","inLanguage":"hr-HR","@id":"https:\/\/oikon.hr\/#\/schema\/person\/image\/","url":"https:\/\/secure.gravatar.com\/avatar\/e247aba33e5428fc6a24bbca24b92af36ceafa9a824508df7d1d40391c5f0748?s=96&d=mm&r=g","contentUrl":"https:\/\/secure.gravatar.com\/avatar\/e247aba33e5428fc6a24bbca24b92af36ceafa9a824508df7d1d40391c5f0748?s=96&d=mm&r=g","caption":"oikonadministracija"},"url":"https:\/\/oikon.hr\/hr\/author\/oikonadministracija\/"}]}},"_links":{"self":[{"href":"https:\/\/oikon.hr\/hr\/wp-json\/wp\/v2\/posts\/4844","targetHints":{"allow":["GET"]}}],"collection":[{"href":"https:\/\/oikon.hr\/hr\/wp-json\/wp\/v2\/posts"}],"about":[{"href":"https:\/\/oikon.hr\/hr\/wp-json\/wp\/v2\/types\/post"}],"author":[{"embeddable":true,"href":"https:\/\/oikon.hr\/hr\/wp-json\/wp\/v2\/users\/2"}],"replies":[{"embeddable":true,"href":"https:\/\/oikon.hr\/hr\/wp-json\/wp\/v2\/comments?post=4844"}],"version-history":[{"count":0,"href":"https:\/\/oikon.hr\/hr\/wp-json\/wp\/v2\/posts\/4844\/revisions"}],"wp:featuredmedia":[{"embeddable":true,"href":"https:\/\/oikon.hr\/hr\/wp-json\/wp\/v2\/media\/4847"}],"wp:attachment":[{"href":"https:\/\/oikon.hr\/hr\/wp-json\/wp\/v2\/media?parent=4844"}],"wp:term":[{"taxonomy":"category","embeddable":true,"href":"https:\/\/oikon.hr\/hr\/wp-json\/wp\/v2\/categories?post=4844"},{"taxonomy":"post_tag","embeddable":true,"href":"https:\/\/oikon.hr\/hr\/wp-json\/wp\/v2\/tags?post=4844"}],"curies":[{"name":"wp","href":"https:\/\/api.w.org\/{rel}","templated":true}]}}