{"id":8666,"date":"2023-06-05T14:23:33","date_gmt":"2023-06-05T12:23:33","guid":{"rendered":"https:\/\/oikon.hr\/celebrating-oikon-and-pro-silva-day-dops-2023-a-day-of-achievements-team-building-and-fun\/"},"modified":"2023-06-05T15:08:32","modified_gmt":"2023-06-05T13:08:32","slug":"proslava-dana-oikona-i-pro-silve-dops-2023","status":"publish","type":"post","link":"https:\/\/oikon.hr\/hr\/proslava-dana-oikona-i-pro-silve-dops-2023\/","title":{"rendered":"Proslava Dana Oikona i Pro silve \u2013 DOPS 2023: Dan postignu\u0107a, tim buildinga i zabave"},"content":{"rendered":"\n<figure class=\"wp-block-image size-large\"><img loading=\"lazy\" decoding=\"async\" width=\"1024\" height=\"616\" src=\"https:\/\/oikon.hr\/cms\/wp-content\/uploads\/2023\/06\/Oikon_Prosilva_grupna-2023_2-1024x616.jpg\" alt=\"\" class=\"wp-image-8672\" srcset=\"https:\/\/oikon.hr\/cms\/wp-content\/uploads\/2023\/06\/Oikon_Prosilva_grupna-2023_2-1024x616.jpg 1024w, https:\/\/oikon.hr\/cms\/wp-content\/uploads\/2023\/06\/Oikon_Prosilva_grupna-2023_2-300x181.jpg 300w, https:\/\/oikon.hr\/cms\/wp-content\/uploads\/2023\/06\/Oikon_Prosilva_grupna-2023_2-150x90.jpg 150w, https:\/\/oikon.hr\/cms\/wp-content\/uploads\/2023\/06\/Oikon_Prosilva_grupna-2023_2-768x462.jpg 768w, https:\/\/oikon.hr\/cms\/wp-content\/uploads\/2023\/06\/Oikon_Prosilva_grupna-2023_2-1536x925.jpg 1536w, https:\/\/oikon.hr\/cms\/wp-content\/uploads\/2023\/06\/Oikon_Prosilva_grupna-2023_2.jpg 2000w\" sizes=\"auto, (max-width: 1024px) 100vw, 1024px\" \/><\/figure>\n\n\n\n<p>5. lipnja 2023. \u2013 Pro\u0161log smo petka obilje\u017eili Dan Oikona i Pro silve \u2013 DOPS2023. Ovaj poseban dan obilje\u017eavamo ve\u0107 sedmu godinu zaredom i posve\u0107en je proslavi na\u0161ih postignu\u0107a, ja\u010danju tima i u\u017eivanju u opu\u0161tenoj i veseloj atmosferi uz sjajnu glazbu, ples, sport i smijeh.<\/p>\n\n\n\n<p>Sve\u010dani dio zapo\u010deo je inspirativnim govorom na\u0161eg direktora, Dalibora Hati\u0107a, koji nas je podsjetio na uzbudljiva postignu\u0107a od pro\u0161le godine, ali i uputio u na\u0161e strate\u0161ke planove za budu\u0107nost. Naravno, istaknuo je i svoje divljenje i zahvalu na velikim naporima cijelog na\u0161eg tima.<\/p>\n\n\n\n<p>Ovaj doga\u0111aj kojeg odr\u017eavamo jednom godi\u0161nje savr\u0161ena je prilika za odavanje priznanja zaposlenicima s najboljim rezultatima prethodne godine. Najbolje zaposlenike bira komisija sastavljena od voditelja zavoda i jednog predstavnika zaposlenika, a temelji se na prijedlozima svih zaposlenika.<\/p>\n\n\n\n<p><strong>Dorian Tepi\u0107<\/strong> osvojio je nagradu \u201e<strong>The Explorer<\/strong>\u201c kao priznanje za njegovu strast prema istra\u017eivanju novih smjerova i pokretanju napretka unutar tvrtke.<\/p>\n\n\n\n<p><strong>Dra\u017een Horvat<\/strong>, primjer je predanosti i nadma\u0161uje o\u010dekivanja u svom radu, zbog \u010dega je dobio nagradu \u201e<strong>The Force<\/strong>\u201c.<\/p>\n\n\n\n<p><strong>Lovro Turkalj<\/strong>, op\u0107e poznat po \u0161irenju sre\u0107e, osmijeha i pozitivne energije me\u0111u kolegama, o\u010dekivani je dobitnik nagrade \u201e<strong>Our inspiration<\/strong>\u201c.<\/p>\n\n\n\n<p>Izvanrednu sposobnost da ostane smiren i pribran \u010dak i u najizazovnijim situacijama ima na\u0161 <strong>Branimir Mio\u010devi\u0107<\/strong>, zbog \u010dega je dobio nagradu \u201e<strong>Full Cool<\/strong>\u201c.<\/p>\n\n\n\n<p>Na\u0161em dragom profesoru <strong>Josi Vukeli\u0107u<\/strong> uru\u010dena je nagrada \u201e<strong>The Teacher<\/strong>\u201c kao priznanje njegovoj stalnoj spremnosti da svoja znanja i iskustva dijeli za dobrobit drugih.<\/p>\n\n\n\n<p>Na\u0161a stijena, <strong>Morana Belamari\u0107 \u0160aravanja<\/strong>, ponijela je nagradu \u201e<strong>The Rock<\/strong>\u201c za nepokolebljivu odanost i podr\u0161ku kolegama u dobrim i te\u0161kim vremenima.<\/p>\n\n\n\n<p><strong>Leo Hrs<\/strong> nagra\u0111en je s nagradom \u201e<strong>Outside the Box<\/strong>\u201c za nekonvencionalno razmi\u0161ljanje kojim dosljedno doprinosi u prijelomnim trenucima i poti\u010de inovativne ideje me\u0111u kolegama.<\/p>\n\n\n\n<p>Posebno priznanje direktora i <strong>nagradu za izniman doprinos<\/strong> tvrtki dobio je <strong>Stjepan Klju\u010dar<\/strong>.<\/p>\n\n\n\n<p>Na\u0161i voditelji zavoda <strong>Bo\u017eica \u0160orgi\u0107, Andreja Pavlovi\u0107, Denis Stojsavljevi\u0107 i Branimir Radun<\/strong> nagra\u0111eni su posebnom nagradom \u201e<strong>King Pin<\/strong>\u201c jer su se iskazali u izvrsnim liderskim i menad\u017eerskim sposobnostima.<\/p>\n\n\n\n<p>I za kraj \u017eelimo istaknuti kolegu <strong>Nikolu Baki\u0107a<\/strong>, koji je zaslu\u017eeno ponio nagradu \u201e<strong>Our Best<\/strong>\u201c za najvi\u0161e dobivenih nominacija svojih kolega i to u svim kategorijama, \u0161to je dokaz njegovih iznimnih vje\u0161tina i utjecaja!<\/p>\n\n\n\n<p>Iskrene \u010destitke svim zaslu\u017enim dobitnicima! Pratite Oikonove dru\u0161tvene mre\u017ee za vi\u0161e informacija o svakom primatelju.<\/p>\n\n\n\n<figure class=\"wp-block-gallery has-nested-images columns-default is-cropped wp-block-gallery-1 is-layout-flex wp-block-gallery-is-layout-flex\">\n<figure class=\"wp-block-image size-medium\"><a href=\"https:\/\/oikon.hr\/cms\/wp-content\/uploads\/2023\/06\/20230602_154835_138.jpg\" data-rel=\"lightbox-gallery-TgO8p7v9\" data-rl_title=\"\" data-rl_caption=\"\" title=\"\"><img loading=\"lazy\" decoding=\"async\" width=\"300\" height=\"225\" data-id=\"8646\" src=\"https:\/\/oikon.hr\/cms\/wp-content\/uploads\/2023\/06\/20230602_154835_138-300x225.jpg\" alt=\"\" class=\"wp-image-8646\" srcset=\"https:\/\/oikon.hr\/cms\/wp-content\/uploads\/2023\/06\/20230602_154835_138-300x225.jpg 300w, https:\/\/oikon.hr\/cms\/wp-content\/uploads\/2023\/06\/20230602_154835_138-1024x768.jpg 1024w, https:\/\/oikon.hr\/cms\/wp-content\/uploads\/2023\/06\/20230602_154835_138-150x113.jpg 150w, https:\/\/oikon.hr\/cms\/wp-content\/uploads\/2023\/06\/20230602_154835_138-768x576.jpg 768w, https:\/\/oikon.hr\/cms\/wp-content\/uploads\/2023\/06\/20230602_154835_138.jpg 1440w\" sizes=\"auto, (max-width: 300px) 100vw, 300px\" \/><\/a><\/figure>\n\n\n\n<figure class=\"wp-block-image size-medium\"><a href=\"https:\/\/oikon.hr\/cms\/wp-content\/uploads\/2023\/06\/20230602_155053_130.jpg\" data-rel=\"lightbox-gallery-TgO8p7v9\" data-rl_title=\"\" data-rl_caption=\"\" title=\"\"><img loading=\"lazy\" decoding=\"async\" width=\"300\" height=\"225\" data-id=\"8647\" src=\"https:\/\/oikon.hr\/cms\/wp-content\/uploads\/2023\/06\/20230602_155053_130-300x225.jpg\" alt=\"\" class=\"wp-image-8647\" srcset=\"https:\/\/oikon.hr\/cms\/wp-content\/uploads\/2023\/06\/20230602_155053_130-300x225.jpg 300w, https:\/\/oikon.hr\/cms\/wp-content\/uploads\/2023\/06\/20230602_155053_130-1024x768.jpg 1024w, https:\/\/oikon.hr\/cms\/wp-content\/uploads\/2023\/06\/20230602_155053_130-150x113.jpg 150w, https:\/\/oikon.hr\/cms\/wp-content\/uploads\/2023\/06\/20230602_155053_130-768x576.jpg 768w, https:\/\/oikon.hr\/cms\/wp-content\/uploads\/2023\/06\/20230602_155053_130.jpg 1440w\" sizes=\"auto, (max-width: 300px) 100vw, 300px\" \/><\/a><\/figure>\n\n\n\n<figure class=\"wp-block-image size-medium\"><a href=\"https:\/\/oikon.hr\/cms\/wp-content\/uploads\/2023\/06\/20230602_155334_120.jpg\" data-rel=\"lightbox-gallery-TgO8p7v9\" data-rl_title=\"\" data-rl_caption=\"\" title=\"\"><img loading=\"lazy\" decoding=\"async\" width=\"300\" height=\"225\" data-id=\"8656\" src=\"https:\/\/oikon.hr\/cms\/wp-content\/uploads\/2023\/06\/20230602_155334_120-300x225.jpg\" alt=\"\" class=\"wp-image-8656\" srcset=\"https:\/\/oikon.hr\/cms\/wp-content\/uploads\/2023\/06\/20230602_155334_120-300x225.jpg 300w, https:\/\/oikon.hr\/cms\/wp-content\/uploads\/2023\/06\/20230602_155334_120-1024x768.jpg 1024w, https:\/\/oikon.hr\/cms\/wp-content\/uploads\/2023\/06\/20230602_155334_120-150x113.jpg 150w, https:\/\/oikon.hr\/cms\/wp-content\/uploads\/2023\/06\/20230602_155334_120-768x576.jpg 768w, https:\/\/oikon.hr\/cms\/wp-content\/uploads\/2023\/06\/20230602_155334_120.jpg 1440w\" sizes=\"auto, (max-width: 300px) 100vw, 300px\" \/><\/a><\/figure>\n\n\n\n<figure class=\"wp-block-image size-medium\"><a href=\"https:\/\/oikon.hr\/cms\/wp-content\/uploads\/2023\/06\/20230602_155901_115.jpg\" data-rel=\"lightbox-gallery-TgO8p7v9\" data-rl_title=\"\" data-rl_caption=\"\" title=\"\"><img loading=\"lazy\" decoding=\"async\" width=\"300\" height=\"225\" data-id=\"8657\" src=\"https:\/\/oikon.hr\/cms\/wp-content\/uploads\/2023\/06\/20230602_155901_115-300x225.jpg\" alt=\"\" class=\"wp-image-8657\" srcset=\"https:\/\/oikon.hr\/cms\/wp-content\/uploads\/2023\/06\/20230602_155901_115-300x225.jpg 300w, https:\/\/oikon.hr\/cms\/wp-content\/uploads\/2023\/06\/20230602_155901_115-1024x768.jpg 1024w, https:\/\/oikon.hr\/cms\/wp-content\/uploads\/2023\/06\/20230602_155901_115-150x113.jpg 150w, https:\/\/oikon.hr\/cms\/wp-content\/uploads\/2023\/06\/20230602_155901_115-768x576.jpg 768w, https:\/\/oikon.hr\/cms\/wp-content\/uploads\/2023\/06\/20230602_155901_115.jpg 1440w\" sizes=\"auto, (max-width: 300px) 100vw, 300px\" \/><\/a><\/figure>\n\n\n\n<figure class=\"wp-block-image size-medium\"><a href=\"https:\/\/oikon.hr\/cms\/wp-content\/uploads\/2023\/06\/20230602_160114_114.jpg\" data-rel=\"lightbox-gallery-TgO8p7v9\" data-rl_title=\"\" data-rl_caption=\"\" title=\"\"><img loading=\"lazy\" decoding=\"async\" width=\"300\" height=\"225\" data-id=\"8639\" src=\"https:\/\/oikon.hr\/cms\/wp-content\/uploads\/2023\/06\/20230602_160114_114-300x225.jpg\" alt=\"\" class=\"wp-image-8639\" srcset=\"https:\/\/oikon.hr\/cms\/wp-content\/uploads\/2023\/06\/20230602_160114_114-300x225.jpg 300w, https:\/\/oikon.hr\/cms\/wp-content\/uploads\/2023\/06\/20230602_160114_114-1024x768.jpg 1024w, https:\/\/oikon.hr\/cms\/wp-content\/uploads\/2023\/06\/20230602_160114_114-150x113.jpg 150w, https:\/\/oikon.hr\/cms\/wp-content\/uploads\/2023\/06\/20230602_160114_114-768x576.jpg 768w, https:\/\/oikon.hr\/cms\/wp-content\/uploads\/2023\/06\/20230602_160114_114.jpg 1440w\" sizes=\"auto, (max-width: 300px) 100vw, 300px\" \/><\/a><\/figure>\n\n\n\n<figure class=\"wp-block-image size-medium\"><a href=\"https:\/\/oikon.hr\/cms\/wp-content\/uploads\/2023\/06\/20230602_160450_109.jpg\" data-rel=\"lightbox-gallery-TgO8p7v9\" data-rl_title=\"\" data-rl_caption=\"\" title=\"\"><img loading=\"lazy\" decoding=\"async\" width=\"300\" height=\"225\" data-id=\"8631\" src=\"https:\/\/oikon.hr\/cms\/wp-content\/uploads\/2023\/06\/20230602_160450_109-300x225.jpg\" alt=\"\" class=\"wp-image-8631\" srcset=\"https:\/\/oikon.hr\/cms\/wp-content\/uploads\/2023\/06\/20230602_160450_109-300x225.jpg 300w, https:\/\/oikon.hr\/cms\/wp-content\/uploads\/2023\/06\/20230602_160450_109-1024x768.jpg 1024w, https:\/\/oikon.hr\/cms\/wp-content\/uploads\/2023\/06\/20230602_160450_109-150x113.jpg 150w, https:\/\/oikon.hr\/cms\/wp-content\/uploads\/2023\/06\/20230602_160450_109-768x576.jpg 768w, https:\/\/oikon.hr\/cms\/wp-content\/uploads\/2023\/06\/20230602_160450_109.jpg 1440w\" sizes=\"auto, (max-width: 300px) 100vw, 300px\" \/><\/a><\/figure>\n\n\n\n<figure class=\"wp-block-image size-medium\"><a href=\"https:\/\/oikon.hr\/cms\/wp-content\/uploads\/2023\/06\/20230602_155600_118.jpg\" data-rel=\"lightbox-gallery-TgO8p7v9\" data-rl_title=\"\" data-rl_caption=\"\" title=\"\"><img loading=\"lazy\" decoding=\"async\" width=\"300\" height=\"225\" data-id=\"8660\" src=\"https:\/\/oikon.hr\/cms\/wp-content\/uploads\/2023\/06\/20230602_155600_118-300x225.jpg\" alt=\"\" class=\"wp-image-8660\" srcset=\"https:\/\/oikon.hr\/cms\/wp-content\/uploads\/2023\/06\/20230602_155600_118-300x225.jpg 300w, https:\/\/oikon.hr\/cms\/wp-content\/uploads\/2023\/06\/20230602_155600_118-1024x768.jpg 1024w, https:\/\/oikon.hr\/cms\/wp-content\/uploads\/2023\/06\/20230602_155600_118-150x113.jpg 150w, https:\/\/oikon.hr\/cms\/wp-content\/uploads\/2023\/06\/20230602_155600_118-768x576.jpg 768w, https:\/\/oikon.hr\/cms\/wp-content\/uploads\/2023\/06\/20230602_155600_118.jpg 1440w\" sizes=\"auto, (max-width: 300px) 100vw, 300px\" \/><\/a><\/figure>\n\n\n\n<figure class=\"wp-block-image size-medium\"><a href=\"https:\/\/oikon.hr\/cms\/wp-content\/uploads\/2023\/06\/20230602_160639_097.jpg\" data-rel=\"lightbox-gallery-TgO8p7v9\" data-rl_title=\"\" data-rl_caption=\"\" title=\"\"><img loading=\"lazy\" decoding=\"async\" width=\"300\" height=\"225\" data-id=\"8635\" src=\"https:\/\/oikon.hr\/cms\/wp-content\/uploads\/2023\/06\/20230602_160639_097-300x225.jpg\" alt=\"\" class=\"wp-image-8635\" srcset=\"https:\/\/oikon.hr\/cms\/wp-content\/uploads\/2023\/06\/20230602_160639_097-300x225.jpg 300w, https:\/\/oikon.hr\/cms\/wp-content\/uploads\/2023\/06\/20230602_160639_097.jpg 1440w\" sizes=\"auto, (max-width: 300px) 100vw, 300px\" \/><\/a><\/figure>\n\n\n\n<figure class=\"wp-block-image size-medium\"><a href=\"https:\/\/oikon.hr\/cms\/wp-content\/uploads\/2023\/06\/20230602_162028_064.jpg\" data-rel=\"lightbox-gallery-TgO8p7v9\" data-rl_title=\"\" data-rl_caption=\"\" title=\"\"><img loading=\"lazy\" decoding=\"async\" width=\"300\" height=\"225\" data-id=\"8641\" src=\"https:\/\/oikon.hr\/cms\/wp-content\/uploads\/2023\/06\/20230602_162028_064-300x225.jpg\" alt=\"\" class=\"wp-image-8641\" srcset=\"https:\/\/oikon.hr\/cms\/wp-content\/uploads\/2023\/06\/20230602_162028_064-300x225.jpg 300w, https:\/\/oikon.hr\/cms\/wp-content\/uploads\/2023\/06\/20230602_162028_064-1024x768.jpg 1024w, https:\/\/oikon.hr\/cms\/wp-content\/uploads\/2023\/06\/20230602_162028_064-150x113.jpg 150w, https:\/\/oikon.hr\/cms\/wp-content\/uploads\/2023\/06\/20230602_162028_064-768x576.jpg 768w, https:\/\/oikon.hr\/cms\/wp-content\/uploads\/2023\/06\/20230602_162028_064.jpg 1440w\" sizes=\"auto, (max-width: 300px) 100vw, 300px\" \/><\/a><\/figure>\n\n\n\n<figure class=\"wp-block-image size-medium\"><a href=\"https:\/\/oikon.hr\/cms\/wp-content\/uploads\/2023\/06\/20230602_154631_143.jpg\" data-rel=\"lightbox-gallery-TgO8p7v9\" data-rl_title=\"\" data-rl_caption=\"\" title=\"\"><img loading=\"lazy\" decoding=\"async\" width=\"300\" height=\"225\" data-id=\"8633\" src=\"https:\/\/oikon.hr\/cms\/wp-content\/uploads\/2023\/06\/20230602_154631_143-300x225.jpg\" alt=\"\" class=\"wp-image-8633\" srcset=\"https:\/\/oikon.hr\/cms\/wp-content\/uploads\/2023\/06\/20230602_154631_143-300x225.jpg 300w, https:\/\/oikon.hr\/cms\/wp-content\/uploads\/2023\/06\/20230602_154631_143-1024x768.jpg 1024w, https:\/\/oikon.hr\/cms\/wp-content\/uploads\/2023\/06\/20230602_154631_143-150x113.jpg 150w, https:\/\/oikon.hr\/cms\/wp-content\/uploads\/2023\/06\/20230602_154631_143-768x576.jpg 768w, https:\/\/oikon.hr\/cms\/wp-content\/uploads\/2023\/06\/20230602_154631_143.jpg 1440w\" sizes=\"auto, (max-width: 300px) 100vw, 300px\" \/><\/a><\/figure>\n\n\n\n<figure class=\"wp-block-image size-medium\"><a href=\"https:\/\/oikon.hr\/cms\/wp-content\/uploads\/2023\/06\/20230602_160941_090.jpg\" data-rel=\"lightbox-gallery-TgO8p7v9\" data-rl_title=\"\" data-rl_caption=\"\" title=\"\"><img loading=\"lazy\" decoding=\"async\" width=\"300\" height=\"225\" data-id=\"8663\" src=\"https:\/\/oikon.hr\/cms\/wp-content\/uploads\/2023\/06\/20230602_160941_090-300x225.jpg\" alt=\"\" class=\"wp-image-8663\" srcset=\"https:\/\/oikon.hr\/cms\/wp-content\/uploads\/2023\/06\/20230602_160941_090-300x225.jpg 300w, https:\/\/oikon.hr\/cms\/wp-content\/uploads\/2023\/06\/20230602_160941_090-1024x768.jpg 1024w, https:\/\/oikon.hr\/cms\/wp-content\/uploads\/2023\/06\/20230602_160941_090-150x113.jpg 150w, https:\/\/oikon.hr\/cms\/wp-content\/uploads\/2023\/06\/20230602_160941_090-768x576.jpg 768w, https:\/\/oikon.hr\/cms\/wp-content\/uploads\/2023\/06\/20230602_160941_090.jpg 1440w\" sizes=\"auto, (max-width: 300px) 100vw, 300px\" \/><\/a><\/figure>\n\n\n\n<figure class=\"wp-block-image size-medium\"><a href=\"https:\/\/oikon.hr\/cms\/wp-content\/uploads\/2023\/06\/20230602_161204_082.jpg\" data-rel=\"lightbox-gallery-TgO8p7v9\" data-rl_title=\"\" data-rl_caption=\"\" title=\"\"><img loading=\"lazy\" decoding=\"async\" width=\"300\" height=\"225\" data-id=\"8650\" src=\"https:\/\/oikon.hr\/cms\/wp-content\/uploads\/2023\/06\/20230602_161204_082-300x225.jpg\" alt=\"\" class=\"wp-image-8650\" srcset=\"https:\/\/oikon.hr\/cms\/wp-content\/uploads\/2023\/06\/20230602_161204_082-300x225.jpg 300w, https:\/\/oikon.hr\/cms\/wp-content\/uploads\/2023\/06\/20230602_161204_082-1024x768.jpg 1024w, https:\/\/oikon.hr\/cms\/wp-content\/uploads\/2023\/06\/20230602_161204_082-150x113.jpg 150w, https:\/\/oikon.hr\/cms\/wp-content\/uploads\/2023\/06\/20230602_161204_082-768x576.jpg 768w, https:\/\/oikon.hr\/cms\/wp-content\/uploads\/2023\/06\/20230602_161204_082.jpg 1440w\" sizes=\"auto, (max-width: 300px) 100vw, 300px\" \/><\/a><\/figure>\n\n\n\n<figure class=\"wp-block-image size-medium\"><a href=\"https:\/\/oikon.hr\/cms\/wp-content\/uploads\/2023\/06\/20230602_161551_073.jpg\" data-rel=\"lightbox-gallery-TgO8p7v9\" data-rl_title=\"\" data-rl_caption=\"\" title=\"\"><img loading=\"lazy\" decoding=\"async\" width=\"300\" height=\"225\" data-id=\"8627\" src=\"https:\/\/oikon.hr\/cms\/wp-content\/uploads\/2023\/06\/20230602_161551_073-300x225.jpg\" alt=\"\" class=\"wp-image-8627\" srcset=\"https:\/\/oikon.hr\/cms\/wp-content\/uploads\/2023\/06\/20230602_161551_073-300x225.jpg 300w, https:\/\/oikon.hr\/cms\/wp-content\/uploads\/2023\/06\/20230602_161551_073-1024x768.jpg 1024w, https:\/\/oikon.hr\/cms\/wp-content\/uploads\/2023\/06\/20230602_161551_073-150x113.jpg 150w, https:\/\/oikon.hr\/cms\/wp-content\/uploads\/2023\/06\/20230602_161551_073-768x576.jpg 768w, https:\/\/oikon.hr\/cms\/wp-content\/uploads\/2023\/06\/20230602_161551_073.jpg 1440w\" sizes=\"auto, (max-width: 300px) 100vw, 300px\" \/><\/a><\/figure>\n\n\n\n<figure class=\"wp-block-image size-medium\"><a href=\"https:\/\/oikon.hr\/cms\/wp-content\/uploads\/2023\/06\/20230602_161816_067.jpg\" data-rel=\"lightbox-gallery-TgO8p7v9\" data-rl_title=\"\" data-rl_caption=\"\" title=\"\"><img loading=\"lazy\" decoding=\"async\" width=\"300\" height=\"225\" data-id=\"8655\" src=\"https:\/\/oikon.hr\/cms\/wp-content\/uploads\/2023\/06\/20230602_161816_067-300x225.jpg\" alt=\"\" class=\"wp-image-8655\" srcset=\"https:\/\/oikon.hr\/cms\/wp-content\/uploads\/2023\/06\/20230602_161816_067-300x225.jpg 300w, https:\/\/oikon.hr\/cms\/wp-content\/uploads\/2023\/06\/20230602_161816_067-1024x768.jpg 1024w, https:\/\/oikon.hr\/cms\/wp-content\/uploads\/2023\/06\/20230602_161816_067-150x113.jpg 150w, https:\/\/oikon.hr\/cms\/wp-content\/uploads\/2023\/06\/20230602_161816_067-768x576.jpg 768w, https:\/\/oikon.hr\/cms\/wp-content\/uploads\/2023\/06\/20230602_161816_067.jpg 1440w\" sizes=\"auto, (max-width: 300px) 100vw, 300px\" \/><\/a><\/figure>\n\n\n\n<figure class=\"wp-block-image size-medium\"><a href=\"https:\/\/oikon.hr\/cms\/wp-content\/uploads\/2023\/06\/20230602_154748_141.jpg\" data-rel=\"lightbox-gallery-TgO8p7v9\" data-rl_title=\"\" data-rl_caption=\"\" title=\"\"><img loading=\"lazy\" decoding=\"async\" width=\"300\" height=\"225\" data-id=\"8637\" src=\"https:\/\/oikon.hr\/cms\/wp-content\/uploads\/2023\/06\/20230602_154748_141-300x225.jpg\" alt=\"\" class=\"wp-image-8637\" srcset=\"https:\/\/oikon.hr\/cms\/wp-content\/uploads\/2023\/06\/20230602_154748_141-300x225.jpg 300w, https:\/\/oikon.hr\/cms\/wp-content\/uploads\/2023\/06\/20230602_154748_141-1024x768.jpg 1024w, https:\/\/oikon.hr\/cms\/wp-content\/uploads\/2023\/06\/20230602_154748_141-150x113.jpg 150w, https:\/\/oikon.hr\/cms\/wp-content\/uploads\/2023\/06\/20230602_154748_141.jpg 1440w\" sizes=\"auto, (max-width: 300px) 100vw, 300px\" \/><\/a><\/figure>\n\n\n\n<figure class=\"wp-block-image size-medium\"><a href=\"https:\/\/oikon.hr\/cms\/wp-content\/uploads\/2023\/06\/20230602_180033_024.jpg\" data-rel=\"lightbox-gallery-TgO8p7v9\" data-rl_title=\"\" data-rl_caption=\"\" title=\"\"><img loading=\"lazy\" decoding=\"async\" width=\"300\" height=\"225\" data-id=\"8653\" src=\"https:\/\/oikon.hr\/cms\/wp-content\/uploads\/2023\/06\/20230602_180033_024-300x225.jpg\" alt=\"\" class=\"wp-image-8653\" srcset=\"https:\/\/oikon.hr\/cms\/wp-content\/uploads\/2023\/06\/20230602_180033_024-300x225.jpg 300w, https:\/\/oikon.hr\/cms\/wp-content\/uploads\/2023\/06\/20230602_180033_024.jpg 1440w\" sizes=\"auto, (max-width: 300px) 100vw, 300px\" \/><\/a><\/figure>\n\n\n\n<figure class=\"wp-block-image size-medium\"><a href=\"https:\/\/oikon.hr\/cms\/wp-content\/uploads\/2023\/06\/20230602_170106_029.jpg\" data-rel=\"lightbox-gallery-TgO8p7v9\" data-rl_title=\"\" data-rl_caption=\"\" title=\"\"><img loading=\"lazy\" decoding=\"async\" width=\"300\" height=\"225\" data-id=\"8629\" src=\"https:\/\/oikon.hr\/cms\/wp-content\/uploads\/2023\/06\/20230602_170106_029-300x225.jpg\" alt=\"\" class=\"wp-image-8629\" srcset=\"https:\/\/oikon.hr\/cms\/wp-content\/uploads\/2023\/06\/20230602_170106_029-300x225.jpg 300w, https:\/\/oikon.hr\/cms\/wp-content\/uploads\/2023\/06\/20230602_170106_029-1024x768.jpg 1024w, https:\/\/oikon.hr\/cms\/wp-content\/uploads\/2023\/06\/20230602_170106_029-150x113.jpg 150w, https:\/\/oikon.hr\/cms\/wp-content\/uploads\/2023\/06\/20230602_170106_029-768x576.jpg 768w, https:\/\/oikon.hr\/cms\/wp-content\/uploads\/2023\/06\/20230602_170106_029.jpg 1440w\" sizes=\"auto, (max-width: 300px) 100vw, 300px\" \/><\/a><\/figure>\n\n\n\n<figure class=\"wp-block-image size-medium\"><a href=\"https:\/\/oikon.hr\/cms\/wp-content\/uploads\/2023\/06\/20230602_170130_028.jpg\" data-rel=\"lightbox-gallery-TgO8p7v9\" data-rl_title=\"\" data-rl_caption=\"\" title=\"\"><img loading=\"lazy\" decoding=\"async\" width=\"300\" height=\"225\" data-id=\"8642\" src=\"https:\/\/oikon.hr\/cms\/wp-content\/uploads\/2023\/06\/20230602_170130_028-300x225.jpg\" alt=\"\" class=\"wp-image-8642\" srcset=\"https:\/\/oikon.hr\/cms\/wp-content\/uploads\/2023\/06\/20230602_170130_028-300x225.jpg 300w, https:\/\/oikon.hr\/cms\/wp-content\/uploads\/2023\/06\/20230602_170130_028.jpg 1440w\" sizes=\"auto, (max-width: 300px) 100vw, 300px\" \/><\/a><\/figure>\n<\/figure>\n","protected":false},"excerpt":{"rendered":"<p>5. lipnja 2023. \u2013 Pro\u0161log smo petka obilje\u017eili Dan Oikona i Pro silve \u2013 DOPS2023. Ovaj poseban dan obilje\u017eavamo ve\u0107 sedmu godinu zaredom i posve\u0107en je proslavi na\u0161ih postignu\u0107a, ja\u010danju tima i u\u017eivanju u opu\u0161tenoj i veseloj atmosferi uz sjajnu glazbu, ples, sport i smijeh. Sve\u010dani dio zapo\u010deo je inspirativnim govorom na\u0161eg direktora, Dalibora Hati\u0107a, &hellip; <a href=\"https:\/\/oikon.hr\/hr\/proslava-dana-oikona-i-pro-silve-dops-2023\/\">Saznajte vi\u0161e<\/a><\/p>\n","protected":false},"author":2,"featured_media":8672,"comment_status":"open","ping_status":"open","sticky":false,"template":"","format":"standard","meta":{"_acf_changed":false,"footnotes":""},"categories":[798],"tags":[2149,1715,839,1793,1721,835,1716,1366,1757],"class_list":["post-8666","post","type-post","status-publish","format-standard","has-post-thumbnail","hentry","category-vijesti","tag-best-employees-hr","tag-dops-hr","tag-ecology-hr","tag-ekologija-2","tag-najbolji-zaposlenici","tag-oikon-hr","tag-pro-silva-hr","tag-zastita-okolisa-2","tag-zastita-prirode-2"],"acf":[],"yoast_head":"<!-- This site is optimized with the Yoast SEO plugin v27.0 - https:\/\/yoast.com\/product\/yoast-seo-wordpress\/ -->\n<title>Proslava Dana Oikona i Pro silve \u2013 DOPS 2023: Dan postignu\u0107a, tim buildinga i zabave &#8211; Oikon d.o.o.<\/title>\n<meta name=\"description\" content=\"5. lipnja 2023. \u2013 Pro\u0161log smo petka obilje\u017eili Dan Oikona i Pro silve \u2013 DOPS2023. Ovaj poseban dan obilje\u017eavamo ve\u0107 sedmu godinu zaredom i posve\u0107en je\" \/>\n<meta name=\"robots\" content=\"index, follow, max-snippet:-1, max-image-preview:large, max-video-preview:-1\" \/>\n<link rel=\"canonical\" href=\"https:\/\/oikon.hr\/hr\/proslava-dana-oikona-i-pro-silve-dops-2023\/\" \/>\n<meta property=\"og:locale\" content=\"hr_HR\" \/>\n<meta property=\"og:type\" content=\"article\" \/>\n<meta property=\"og:title\" content=\"Proslava Dana Oikona i Pro silve \u2013 DOPS 2023: Dan postignu\u0107a, tim buildinga i zabave &#8211; Oikon d.o.o.\" \/>\n<meta property=\"og:description\" content=\"5. lipnja 2023. \u2013 Pro\u0161log smo petka obilje\u017eili Dan Oikona i Pro silve \u2013 DOPS2023. Ovaj poseban dan obilje\u017eavamo ve\u0107 sedmu godinu zaredom i posve\u0107en je\" \/>\n<meta property=\"og:url\" content=\"https:\/\/oikon.hr\/hr\/proslava-dana-oikona-i-pro-silve-dops-2023\/\" \/>\n<meta property=\"og:site_name\" content=\"Oikon d.o.o.\" \/>\n<meta property=\"article:publisher\" content=\"http:\/\/www.facebook.com\/OikonLtd\/\" \/>\n<meta property=\"article:published_time\" content=\"2023-06-05T12:23:33+00:00\" \/>\n<meta property=\"article:modified_time\" content=\"2023-06-05T13:08:32+00:00\" \/>\n<meta property=\"og:image\" content=\"https:\/\/oikon.hr\/cms\/wp-content\/uploads\/2023\/06\/Oikon_Prosilva_grupna-2023_2.jpg\" \/>\n\t<meta property=\"og:image:width\" content=\"2000\" \/>\n\t<meta property=\"og:image:height\" content=\"1204\" \/>\n\t<meta property=\"og:image:type\" content=\"image\/jpeg\" \/>\n<meta name=\"author\" content=\"oikonadministracija\" \/>\n<meta name=\"twitter:card\" content=\"summary_large_image\" \/>\n<meta name=\"twitter:creator\" content=\"@OikonLtd\" \/>\n<meta name=\"twitter:site\" content=\"@OikonLtd\" \/>\n<meta name=\"twitter:label1\" content=\"Written by\" \/>\n\t<meta name=\"twitter:data1\" content=\"oikonadministracija\" \/>\n\t<meta name=\"twitter:label2\" content=\"Est. reading time\" \/>\n\t<meta name=\"twitter:data2\" content=\"6 minutes\" \/>\n<script type=\"application\/ld+json\" class=\"yoast-schema-graph\">{\"@context\":\"https:\/\/schema.org\",\"@graph\":[{\"@type\":\"Article\",\"@id\":\"https:\/\/oikon.hr\/hr\/proslava-dana-oikona-i-pro-silve-dops-2023\/#article\",\"isPartOf\":{\"@id\":\"https:\/\/oikon.hr\/hr\/proslava-dana-oikona-i-pro-silve-dops-2023\/\"},\"author\":{\"name\":\"oikonadministracija\",\"@id\":\"https:\/\/oikon.hr\/#\/schema\/person\/4fb14a46c1071083d5de459c14a82f7c\"},\"headline\":\"Proslava Dana Oikona i Pro silve \u2013 DOPS 2023: Dan postignu\u0107a, tim buildinga i zabave\",\"datePublished\":\"2023-06-05T12:23:33+00:00\",\"dateModified\":\"2023-06-05T13:08:32+00:00\",\"mainEntityOfPage\":{\"@id\":\"https:\/\/oikon.hr\/hr\/proslava-dana-oikona-i-pro-silve-dops-2023\/\"},\"wordCount\":430,\"commentCount\":0,\"publisher\":{\"@id\":\"https:\/\/oikon.hr\/#organization\"},\"image\":{\"@id\":\"https:\/\/oikon.hr\/hr\/proslava-dana-oikona-i-pro-silve-dops-2023\/#primaryimage\"},\"thumbnailUrl\":\"https:\/\/oikon.hr\/cms\/wp-content\/uploads\/2023\/06\/Oikon_Prosilva_grupna-2023_2.jpg\",\"keywords\":[\"best employees\",\"DOPS\",\"ecology\",\"ekologija\",\"najbolji zaposlenici\",\"oikon\",\"Pro silva\",\"za\u0161tita okoli\u0161a\",\"za\u0161tita prirode\"],\"articleSection\":[\"VIJESTI\"],\"inLanguage\":\"hr-HR\",\"potentialAction\":[{\"@type\":\"CommentAction\",\"name\":\"Comment\",\"target\":[\"https:\/\/oikon.hr\/hr\/proslava-dana-oikona-i-pro-silve-dops-2023\/#respond\"]}]},{\"@type\":\"WebPage\",\"@id\":\"https:\/\/oikon.hr\/hr\/proslava-dana-oikona-i-pro-silve-dops-2023\/\",\"url\":\"https:\/\/oikon.hr\/hr\/proslava-dana-oikona-i-pro-silve-dops-2023\/\",\"name\":\"Proslava Dana Oikona i Pro silve \u2013 DOPS 2023: Dan postignu\u0107a, tim buildinga i zabave &#8211; Oikon d.o.o.\",\"isPartOf\":{\"@id\":\"https:\/\/oikon.hr\/#website\"},\"primaryImageOfPage\":{\"@id\":\"https:\/\/oikon.hr\/hr\/proslava-dana-oikona-i-pro-silve-dops-2023\/#primaryimage\"},\"image\":{\"@id\":\"https:\/\/oikon.hr\/hr\/proslava-dana-oikona-i-pro-silve-dops-2023\/#primaryimage\"},\"thumbnailUrl\":\"https:\/\/oikon.hr\/cms\/wp-content\/uploads\/2023\/06\/Oikon_Prosilva_grupna-2023_2.jpg\",\"datePublished\":\"2023-06-05T12:23:33+00:00\",\"dateModified\":\"2023-06-05T13:08:32+00:00\",\"description\":\"5. lipnja 2023. \u2013 Pro\u0161log smo petka obilje\u017eili Dan Oikona i Pro silve \u2013 DOPS2023. Ovaj poseban dan obilje\u017eavamo ve\u0107 sedmu godinu zaredom i posve\u0107en je\",\"breadcrumb\":{\"@id\":\"https:\/\/oikon.hr\/hr\/proslava-dana-oikona-i-pro-silve-dops-2023\/#breadcrumb\"},\"inLanguage\":\"hr-HR\",\"potentialAction\":[{\"@type\":\"ReadAction\",\"target\":[\"https:\/\/oikon.hr\/hr\/proslava-dana-oikona-i-pro-silve-dops-2023\/\"]}]},{\"@type\":\"ImageObject\",\"inLanguage\":\"hr-HR\",\"@id\":\"https:\/\/oikon.hr\/hr\/proslava-dana-oikona-i-pro-silve-dops-2023\/#primaryimage\",\"url\":\"https:\/\/oikon.hr\/cms\/wp-content\/uploads\/2023\/06\/Oikon_Prosilva_grupna-2023_2.jpg\",\"contentUrl\":\"https:\/\/oikon.hr\/cms\/wp-content\/uploads\/2023\/06\/Oikon_Prosilva_grupna-2023_2.jpg\",\"width\":2000,\"height\":1204},{\"@type\":\"BreadcrumbList\",\"@id\":\"https:\/\/oikon.hr\/hr\/proslava-dana-oikona-i-pro-silve-dops-2023\/#breadcrumb\",\"itemListElement\":[{\"@type\":\"ListItem\",\"position\":1,\"name\":\"\",\"item\":\"https:\/\/oikon.hr\/hr\/\"},{\"@type\":\"ListItem\",\"position\":2,\"name\":\"VIJESTI\",\"item\":\"https:\/\/oikon.hr\/hr\/topic\/vijesti\/\"},{\"@type\":\"ListItem\",\"position\":3,\"name\":\"Proslava Dana Oikona i Pro silve \u2013 DOPS 2023: Dan postignu\u0107a, tim buildinga i zabave\"}]},{\"@type\":\"WebSite\",\"@id\":\"https:\/\/oikon.hr\/#website\",\"url\":\"https:\/\/oikon.hr\/\",\"name\":\"Oikon d.o.o.\",\"description\":\"Institut za primijenjenu ekologiju\",\"publisher\":{\"@id\":\"https:\/\/oikon.hr\/#organization\"},\"alternateName\":\"OIKON\",\"potentialAction\":[{\"@type\":\"SearchAction\",\"target\":{\"@type\":\"EntryPoint\",\"urlTemplate\":\"https:\/\/oikon.hr\/?s={search_term_string}\"},\"query-input\":{\"@type\":\"PropertyValueSpecification\",\"valueRequired\":true,\"valueName\":\"search_term_string\"}}],\"inLanguage\":\"hr-HR\"},{\"@type\":\"Organization\",\"@id\":\"https:\/\/oikon.hr\/#organization\",\"name\":\"Oikon d.o.o. - Institut za primijenjenu ekologiju\",\"alternateName\":\"OIKON\",\"url\":\"https:\/\/oikon.hr\/\",\"logo\":{\"@type\":\"ImageObject\",\"inLanguage\":\"hr-HR\",\"@id\":\"https:\/\/oikon.hr\/#\/schema\/logo\/image\/\",\"url\":\"https:\/\/oikon.hr\/cms\/wp-content\/uploads\/2021\/01\/OIKON_R_logo_transparent.png\",\"contentUrl\":\"https:\/\/oikon.hr\/cms\/wp-content\/uploads\/2021\/01\/OIKON_R_logo_transparent.png\",\"width\":1660,\"height\":541,\"caption\":\"Oikon d.o.o. - Institut za primijenjenu ekologiju\"},\"image\":{\"@id\":\"https:\/\/oikon.hr\/#\/schema\/logo\/image\/\"},\"sameAs\":[\"http:\/\/www.facebook.com\/OikonLtd\/\",\"https:\/\/x.com\/OikonLtd\",\"https:\/\/www.instagram.com\/oikon_ltd\/\",\"https:\/\/www.linkedin.com\/company\/oikon---institute-for-applied-technology\/\",\"https:\/\/www.youtube.com\/channel\/UCu_eJ0ct90AEN8D85KWcRHQ\"]},{\"@type\":\"Person\",\"@id\":\"https:\/\/oikon.hr\/#\/schema\/person\/4fb14a46c1071083d5de459c14a82f7c\",\"name\":\"oikonadministracija\",\"image\":{\"@type\":\"ImageObject\",\"inLanguage\":\"hr-HR\",\"@id\":\"https:\/\/oikon.hr\/#\/schema\/person\/image\/\",\"url\":\"https:\/\/secure.gravatar.com\/avatar\/e247aba33e5428fc6a24bbca24b92af36ceafa9a824508df7d1d40391c5f0748?s=96&d=mm&r=g\",\"contentUrl\":\"https:\/\/secure.gravatar.com\/avatar\/e247aba33e5428fc6a24bbca24b92af36ceafa9a824508df7d1d40391c5f0748?s=96&d=mm&r=g\",\"caption\":\"oikonadministracija\"},\"url\":\"https:\/\/oikon.hr\/hr\/author\/oikonadministracija\/\"}]}<\/script>\n<!-- \/ Yoast SEO plugin. -->","yoast_head_json":{"title":"Proslava Dana Oikona i Pro silve \u2013 DOPS 2023: Dan postignu\u0107a, tim buildinga i zabave &#8211; Oikon d.o.o.","description":"5. lipnja 2023. \u2013 Pro\u0161log smo petka obilje\u017eili Dan Oikona i Pro silve \u2013 DOPS2023. Ovaj poseban dan obilje\u017eavamo ve\u0107 sedmu godinu zaredom i posve\u0107en je","robots":{"index":"index","follow":"follow","max-snippet":"max-snippet:-1","max-image-preview":"max-image-preview:large","max-video-preview":"max-video-preview:-1"},"canonical":"https:\/\/oikon.hr\/hr\/proslava-dana-oikona-i-pro-silve-dops-2023\/","og_locale":"hr_HR","og_type":"article","og_title":"Proslava Dana Oikona i Pro silve \u2013 DOPS 2023: Dan postignu\u0107a, tim buildinga i zabave &#8211; Oikon d.o.o.","og_description":"5. lipnja 2023. \u2013 Pro\u0161log smo petka obilje\u017eili Dan Oikona i Pro silve \u2013 DOPS2023. Ovaj poseban dan obilje\u017eavamo ve\u0107 sedmu godinu zaredom i posve\u0107en je","og_url":"https:\/\/oikon.hr\/hr\/proslava-dana-oikona-i-pro-silve-dops-2023\/","og_site_name":"Oikon d.o.o.","article_publisher":"http:\/\/www.facebook.com\/OikonLtd\/","article_published_time":"2023-06-05T12:23:33+00:00","article_modified_time":"2023-06-05T13:08:32+00:00","og_image":[{"width":2000,"height":1204,"url":"https:\/\/oikon.hr\/cms\/wp-content\/uploads\/2023\/06\/Oikon_Prosilva_grupna-2023_2.jpg","type":"image\/jpeg"}],"author":"oikonadministracija","twitter_card":"summary_large_image","twitter_creator":"@OikonLtd","twitter_site":"@OikonLtd","twitter_misc":{"Written by":"oikonadministracija","Est. reading time":"6 minutes"},"schema":{"@context":"https:\/\/schema.org","@graph":[{"@type":"Article","@id":"https:\/\/oikon.hr\/hr\/proslava-dana-oikona-i-pro-silve-dops-2023\/#article","isPartOf":{"@id":"https:\/\/oikon.hr\/hr\/proslava-dana-oikona-i-pro-silve-dops-2023\/"},"author":{"name":"oikonadministracija","@id":"https:\/\/oikon.hr\/#\/schema\/person\/4fb14a46c1071083d5de459c14a82f7c"},"headline":"Proslava Dana Oikona i Pro silve \u2013 DOPS 2023: Dan postignu\u0107a, tim buildinga i zabave","datePublished":"2023-06-05T12:23:33+00:00","dateModified":"2023-06-05T13:08:32+00:00","mainEntityOfPage":{"@id":"https:\/\/oikon.hr\/hr\/proslava-dana-oikona-i-pro-silve-dops-2023\/"},"wordCount":430,"commentCount":0,"publisher":{"@id":"https:\/\/oikon.hr\/#organization"},"image":{"@id":"https:\/\/oikon.hr\/hr\/proslava-dana-oikona-i-pro-silve-dops-2023\/#primaryimage"},"thumbnailUrl":"https:\/\/oikon.hr\/cms\/wp-content\/uploads\/2023\/06\/Oikon_Prosilva_grupna-2023_2.jpg","keywords":["best employees","DOPS","ecology","ekologija","najbolji zaposlenici","oikon","Pro silva","za\u0161tita okoli\u0161a","za\u0161tita prirode"],"articleSection":["VIJESTI"],"inLanguage":"hr-HR","potentialAction":[{"@type":"CommentAction","name":"Comment","target":["https:\/\/oikon.hr\/hr\/proslava-dana-oikona-i-pro-silve-dops-2023\/#respond"]}]},{"@type":"WebPage","@id":"https:\/\/oikon.hr\/hr\/proslava-dana-oikona-i-pro-silve-dops-2023\/","url":"https:\/\/oikon.hr\/hr\/proslava-dana-oikona-i-pro-silve-dops-2023\/","name":"Proslava Dana Oikona i Pro silve \u2013 DOPS 2023: Dan postignu\u0107a, tim buildinga i zabave &#8211; Oikon d.o.o.","isPartOf":{"@id":"https:\/\/oikon.hr\/#website"},"primaryImageOfPage":{"@id":"https:\/\/oikon.hr\/hr\/proslava-dana-oikona-i-pro-silve-dops-2023\/#primaryimage"},"image":{"@id":"https:\/\/oikon.hr\/hr\/proslava-dana-oikona-i-pro-silve-dops-2023\/#primaryimage"},"thumbnailUrl":"https:\/\/oikon.hr\/cms\/wp-content\/uploads\/2023\/06\/Oikon_Prosilva_grupna-2023_2.jpg","datePublished":"2023-06-05T12:23:33+00:00","dateModified":"2023-06-05T13:08:32+00:00","description":"5. lipnja 2023. \u2013 Pro\u0161log smo petka obilje\u017eili Dan Oikona i Pro silve \u2013 DOPS2023. Ovaj poseban dan obilje\u017eavamo ve\u0107 sedmu godinu zaredom i posve\u0107en je","breadcrumb":{"@id":"https:\/\/oikon.hr\/hr\/proslava-dana-oikona-i-pro-silve-dops-2023\/#breadcrumb"},"inLanguage":"hr-HR","potentialAction":[{"@type":"ReadAction","target":["https:\/\/oikon.hr\/hr\/proslava-dana-oikona-i-pro-silve-dops-2023\/"]}]},{"@type":"ImageObject","inLanguage":"hr-HR","@id":"https:\/\/oikon.hr\/hr\/proslava-dana-oikona-i-pro-silve-dops-2023\/#primaryimage","url":"https:\/\/oikon.hr\/cms\/wp-content\/uploads\/2023\/06\/Oikon_Prosilva_grupna-2023_2.jpg","contentUrl":"https:\/\/oikon.hr\/cms\/wp-content\/uploads\/2023\/06\/Oikon_Prosilva_grupna-2023_2.jpg","width":2000,"height":1204},{"@type":"BreadcrumbList","@id":"https:\/\/oikon.hr\/hr\/proslava-dana-oikona-i-pro-silve-dops-2023\/#breadcrumb","itemListElement":[{"@type":"ListItem","position":1,"name":"","item":"https:\/\/oikon.hr\/hr\/"},{"@type":"ListItem","position":2,"name":"VIJESTI","item":"https:\/\/oikon.hr\/hr\/topic\/vijesti\/"},{"@type":"ListItem","position":3,"name":"Proslava Dana Oikona i Pro silve \u2013 DOPS 2023: Dan postignu\u0107a, tim buildinga i zabave"}]},{"@type":"WebSite","@id":"https:\/\/oikon.hr\/#website","url":"https:\/\/oikon.hr\/","name":"Oikon d.o.o.","description":"Institut za primijenjenu ekologiju","publisher":{"@id":"https:\/\/oikon.hr\/#organization"},"alternateName":"OIKON","potentialAction":[{"@type":"SearchAction","target":{"@type":"EntryPoint","urlTemplate":"https:\/\/oikon.hr\/?s={search_term_string}"},"query-input":{"@type":"PropertyValueSpecification","valueRequired":true,"valueName":"search_term_string"}}],"inLanguage":"hr-HR"},{"@type":"Organization","@id":"https:\/\/oikon.hr\/#organization","name":"Oikon d.o.o. - Institut za primijenjenu ekologiju","alternateName":"OIKON","url":"https:\/\/oikon.hr\/","logo":{"@type":"ImageObject","inLanguage":"hr-HR","@id":"https:\/\/oikon.hr\/#\/schema\/logo\/image\/","url":"https:\/\/oikon.hr\/cms\/wp-content\/uploads\/2021\/01\/OIKON_R_logo_transparent.png","contentUrl":"https:\/\/oikon.hr\/cms\/wp-content\/uploads\/2021\/01\/OIKON_R_logo_transparent.png","width":1660,"height":541,"caption":"Oikon d.o.o. - Institut za primijenjenu ekologiju"},"image":{"@id":"https:\/\/oikon.hr\/#\/schema\/logo\/image\/"},"sameAs":["http:\/\/www.facebook.com\/OikonLtd\/","https:\/\/x.com\/OikonLtd","https:\/\/www.instagram.com\/oikon_ltd\/","https:\/\/www.linkedin.com\/company\/oikon---institute-for-applied-technology\/","https:\/\/www.youtube.com\/channel\/UCu_eJ0ct90AEN8D85KWcRHQ"]},{"@type":"Person","@id":"https:\/\/oikon.hr\/#\/schema\/person\/4fb14a46c1071083d5de459c14a82f7c","name":"oikonadministracija","image":{"@type":"ImageObject","inLanguage":"hr-HR","@id":"https:\/\/oikon.hr\/#\/schema\/person\/image\/","url":"https:\/\/secure.gravatar.com\/avatar\/e247aba33e5428fc6a24bbca24b92af36ceafa9a824508df7d1d40391c5f0748?s=96&d=mm&r=g","contentUrl":"https:\/\/secure.gravatar.com\/avatar\/e247aba33e5428fc6a24bbca24b92af36ceafa9a824508df7d1d40391c5f0748?s=96&d=mm&r=g","caption":"oikonadministracija"},"url":"https:\/\/oikon.hr\/hr\/author\/oikonadministracija\/"}]}},"_links":{"self":[{"href":"https:\/\/oikon.hr\/hr\/wp-json\/wp\/v2\/posts\/8666","targetHints":{"allow":["GET"]}}],"collection":[{"href":"https:\/\/oikon.hr\/hr\/wp-json\/wp\/v2\/posts"}],"about":[{"href":"https:\/\/oikon.hr\/hr\/wp-json\/wp\/v2\/types\/post"}],"author":[{"embeddable":true,"href":"https:\/\/oikon.hr\/hr\/wp-json\/wp\/v2\/users\/2"}],"replies":[{"embeddable":true,"href":"https:\/\/oikon.hr\/hr\/wp-json\/wp\/v2\/comments?post=8666"}],"version-history":[{"count":3,"href":"https:\/\/oikon.hr\/hr\/wp-json\/wp\/v2\/posts\/8666\/revisions"}],"predecessor-version":[{"id":8674,"href":"https:\/\/oikon.hr\/hr\/wp-json\/wp\/v2\/posts\/8666\/revisions\/8674"}],"wp:featuredmedia":[{"embeddable":true,"href":"https:\/\/oikon.hr\/hr\/wp-json\/wp\/v2\/media\/8672"}],"wp:attachment":[{"href":"https:\/\/oikon.hr\/hr\/wp-json\/wp\/v2\/media?parent=8666"}],"wp:term":[{"taxonomy":"category","embeddable":true,"href":"https:\/\/oikon.hr\/hr\/wp-json\/wp\/v2\/categories?post=8666"},{"taxonomy":"post_tag","embeddable":true,"href":"https:\/\/oikon.hr\/hr\/wp-json\/wp\/v2\/tags?post=8666"}],"curies":[{"name":"wp","href":"https:\/\/api.w.org\/{rel}","templated":true}]}}