{"id":8684,"date":"2023-06-14T11:07:54","date_gmt":"2023-06-14T09:07:54","guid":{"rendered":"https:\/\/oikon.hr\/?p=8684"},"modified":"2023-06-14T19:43:39","modified_gmt":"2023-06-14T17:43:39","slug":"objavljen-prirucnik-za-ukljucivanje-zahtjeva-ekoloske-mreze-u-pgm-ove-u-sklopu-projekta-ecomanager","status":"publish","type":"post","link":"https:\/\/oikon.hr\/hr\/objavljen-prirucnik-za-ukljucivanje-zahtjeva-ekoloske-mreze-u-pgm-ove-u-sklopu-projekta-ecomanager\/","title":{"rendered":"Objavljen Priru\u010dnik za uklju\u010divanje zahtjeva ekolo\u0161ke mre\u017ee u PGEM-ove u sklopu projekta Ecomanager"},"content":{"rendered":"\n<figure class=\"wp-block-image size-full is-resized\"><img loading=\"lazy\" decoding=\"async\" src=\"https:\/\/oikon.hr\/cms\/wp-content\/uploads\/2023\/06\/ECOmanager-logo-V.jpg\" alt=\"\" class=\"wp-image-8685\" width=\"225\" height=\"133\" srcset=\"https:\/\/oikon.hr\/cms\/wp-content\/uploads\/2023\/06\/ECOmanager-logo-V.jpg 300w, https:\/\/oikon.hr\/cms\/wp-content\/uploads\/2023\/06\/ECOmanager-logo-V-150x89.jpg 150w\" sizes=\"auto, (max-width: 225px) 100vw, 225px\" \/><\/figure>\n\n\n\n<p>14. lipnja 2023. \u2013 Drago nam je objaviti da je uspje\u0161no zavr\u0161en projekt \u201eEcomanager\u201c korisnika Hrvatskih \u0161uma u sklopu kojega smo, u suradnji sa Hrvatskim \u0161umarskim institutom, predvo\u0111eni na\u0161im stru\u010dnjakom, <em>profesorom emeritusom<\/em> Josom Vukeli\u0107em, izradili i tiskali <strong>Priru\u010dnik za uklju\u010divanje zahtjeva ekolo\u0161ke mre\u017ee u Programe gospodarenja ekolo\u0161kom mre\u017eom (PGEM-ove)<\/strong> i organizirali <strong>stru\u010dne edukacije <\/strong>kojima je o planiranju upravljanja podru\u010djima ekolo\u0161ke mre\u017ee educirano <strong>vi\u0161e od 350 \u0161umarskih stru\u010dnjaka<\/strong>.<\/p>\n\n\n<div class=\"wp-block-image\">\n<figure class=\"alignleft size-medium\"><a href=\"https:\/\/oikon.hr\/cms\/wp-content\/uploads\/2023\/06\/Ecomanager_prirucnik_Oikon.jpg\" data-rel=\"lightbox-gallery-RZ2YJfsz\" data-rl_title=\"\" data-rl_caption=\"\" title=\"\"><img loading=\"lazy\" decoding=\"async\" width=\"300\" height=\"225\" src=\"https:\/\/oikon.hr\/cms\/wp-content\/uploads\/2023\/06\/Ecomanager_prirucnik_Oikon-300x225.jpg\" alt=\"\" class=\"wp-image-8687\" srcset=\"https:\/\/oikon.hr\/cms\/wp-content\/uploads\/2023\/06\/Ecomanager_prirucnik_Oikon-300x225.jpg 300w, https:\/\/oikon.hr\/cms\/wp-content\/uploads\/2023\/06\/Ecomanager_prirucnik_Oikon-1024x768.jpg 1024w, https:\/\/oikon.hr\/cms\/wp-content\/uploads\/2023\/06\/Ecomanager_prirucnik_Oikon-150x113.jpg 150w, https:\/\/oikon.hr\/cms\/wp-content\/uploads\/2023\/06\/Ecomanager_prirucnik_Oikon-768x576.jpg 768w, https:\/\/oikon.hr\/cms\/wp-content\/uploads\/2023\/06\/Ecomanager_prirucnik_Oikon-1536x1152.jpg 1536w, https:\/\/oikon.hr\/cms\/wp-content\/uploads\/2023\/06\/Ecomanager_prirucnik_Oikon.jpg 2000w\" sizes=\"auto, (max-width: 300px) 100vw, 300px\" \/><\/a><\/figure>\n<\/div>\n\n\n<p>Priru\u010dnik se sastoji od tiskanog dijela na 264 stranice i memorijske kartice s dva velika poglavlja. Izradilo ga je osam autora (J. Vukeli\u0107, J. Medak, K. Indir, M. Mrakov\u010di\u0107, G. Luka\u010d, A. \u0110ani\u0107, D. Mato\u0161evi\u0107, M. Renje) s dvadeset suradnika. Ima 12 poglavlja koja izme\u0111u ostalog obra\u0111uju sadr\u017eaj, svrhu i ciljeve progla\u0161enja i uspostavljanja ekolo\u0161ke mre\u017ee, sadr\u017eaj, postupak i odobrenje PGEM-ova, a u sredi\u0161njem i najopse\u017enijem dijelu obra\u0111eno je 27 ciljnih vrsta ptica, i ukupno 45 ciljnih vrsta iz skupina \u0161i\u0161mi\u0161a, velikih sisavaca, gmazova, vodozemaca, kukaca, vaskularne flore i mahovina. Osim vrsta, navedeno je i opisano 45 \u0161umskih i ne\u0161umskih stani\u0161nih tipova iz Natura 2000 klasifikacije koji obuhva\u0107aju 136 tipova IV. razine iz Nacionalne klasifikacije stani\u0161ta. Opisan je postupak terenskog istra\u017eivanja, interpretacije podataka i izrade karte stani\u0161nih tipova IV. razine NKS-a.\u00a0 Uz tiskani dio priru\u010dnika, na memorijskoj kartici su za NKS tipove opisane i slikovno predstavljene 454 biljne vrste, a u njenom drugom dijelu navedeni su konkretni primjeri izra\u0111enog VII. i IX. poglavlja ure\u0111ajnog zapisnika PGEM-a za tri gospodarske jedinice iz nizinske, dinarske i sredozemne regije Hrvatske.\u00a0<\/p>\n\n\n\n<p>\u201e<em>Izrada i objava ovog priru\u010dnika jedan je od va\u017enih rezultata projekta Ecomanager. Ponosni smo na to \u0161to je jedinstven za Hrvatsku i jer \u0107e zna\u010dajno pomo\u0107i u provedbi vrlo slo\u017eenih zadataka vezanih za planiranja i upravljanja podru\u010djima ekolo\u0161ke mre\u017ee, ali i svih \u0161umskih ekosustava Republike Hrvatske<\/em>,\u201c objasnio je voditelj projekta u Oikonu, <strong><em>profesor emeritus<\/em> Joso Vukeli\u0107<\/strong>.<\/p>\n\n\n\n<p>\u201e<em>Oikon \u2013 Institut za primijenjenu ekologiju uklju\u010den je u poslove vezane uz ekologiju \u0161uma od same uspostave i tom se temom bavi proteklih 25 godina. Rad na ovom priru\u010dniku objedinio je poznavanje kako ekologije \u0161uma tako i svih njenih sastavnica identificiranih kao ciljevi o\u010duvanja u Natura 2000 mre\u017ei za\u0161ti\u0107enih podru\u010dja u Republici Hrvatskoj. Ovaj \u0107e priru\u010dnik na jedinstven na\u010din i uz konkretne upute kolegama koji rade na poslovima ure\u0111ivanja \u0161uma i planovima za\u0161tite Natura 2000 podru\u010dja pomo\u0107i u njihovu radu. U priru\u010dniku su obuhva\u0107eni svi ciljevi o\u010duvanja na koje smo se obvezali kao dr\u017eava uz obilje strukturiranih tekstualnih i grafi\u010dkih &nbsp;informacija. Koliko je nama poznato, sli\u010dan priru\u010dnik do sada nije izra\u0111en na podru\u010dju Europske unije<\/em>,\u201c izjavio je direktor Oikona, <strong>Dalibor Hati\u0107<\/strong>.<\/p>\n\n\n\n<p>Projekt \u201eIzrada \u0161umskogospodarskih planova kao planova upravljanja ekolo\u0161kom mre\u017eom \u2013 <strong>Ecomanager<\/strong>, KK.06.5.2.08.0001\u201c korisnika Hrvatskih \u0161uma trajao je pet i pol godina te je obuhvatio 559.413 ha \u0161uma i \u0161umskog zemlji\u0161ta u vlasni\u0161tvu Republike Hrvatske s kojim unutar 167 gospodarskih jedinica upravljaju Hrvatske \u0161ume. Od ukupne povr\u0161ine projektnog podru\u010dja, 382.536 ha (63,38 %) nalazi se unutar ekolo\u0161ke mre\u017ee Natura 2000 koju \u010dine podru\u010dja o\u010duvanja zna\u010dajnih za vrste i stani\u0161ne tipove (POVS) te podru\u010dja o\u010duvanja zna\u010dajna za ptice (POP). Projekt je sufinanciran sredstvima Europske unije iz Kohezijskog fonda, u sklopu Operativnog programa \u201eKonkurentnost i kohezija 2014. \u2013 2020.\u201c<\/p>\n\n\n\n<p>Zavr\u0161na konferencija projekta Ecomanager odr\u017eana je 7. lipnja 2023. godine u Gospi\u0107u, u sklopu koje su predstavljeni ostvareni rezultati projekta, uklju\u010duju\u0107i i Priru\u010dnik.<\/p>\n\n\n\n<figure class=\"wp-block-gallery has-nested-images columns-2 is-cropped wp-block-gallery-1 is-layout-flex wp-block-gallery-is-layout-flex\">\n<figure class=\"wp-block-image size-wordpress-medium-gallery\"><a href=\"https:\/\/oikon.hr\/cms\/wp-content\/uploads\/2023\/06\/Ecomanager_predstavljanje-prirucnika.jpg\" data-rel=\"lightbox-gallery-RZ2YJfsz\" data-rl_title=\"\" data-rl_caption=\"\" title=\"\"><img loading=\"lazy\" decoding=\"async\" width=\"500\" height=\"250\" data-id=\"8695\" src=\"https:\/\/oikon.hr\/cms\/wp-content\/uploads\/2023\/06\/Ecomanager_predstavljanje-prirucnika-500x250.jpg\" alt=\"\" class=\"wp-image-8695\" srcset=\"https:\/\/oikon.hr\/cms\/wp-content\/uploads\/2023\/06\/Ecomanager_predstavljanje-prirucnika-500x250.jpg 500w, https:\/\/oikon.hr\/cms\/wp-content\/uploads\/2023\/06\/Ecomanager_predstavljanje-prirucnika-2000x1000.jpg 2000w\" sizes=\"auto, (max-width: 500px) 100vw, 500px\" \/><\/a><\/figure>\n\n\n\n<figure class=\"wp-block-image size-wordpress-medium-gallery\"><a href=\"https:\/\/oikon.hr\/cms\/wp-content\/uploads\/2023\/06\/Ecomanager_zavrsna-konferencija.jpg\" data-rel=\"lightbox-gallery-RZ2YJfsz\" data-rl_title=\"\" data-rl_caption=\"\" title=\"\"><img loading=\"lazy\" decoding=\"async\" width=\"500\" height=\"250\" data-id=\"8689\" src=\"https:\/\/oikon.hr\/cms\/wp-content\/uploads\/2023\/06\/Ecomanager_zavrsna-konferencija-500x250.jpg\" alt=\"\" class=\"wp-image-8689\"\/><\/a><\/figure>\n\n\n\n<figure class=\"wp-block-image size-wordpress-medium-gallery\"><a href=\"https:\/\/oikon.hr\/cms\/wp-content\/uploads\/2023\/06\/Prof-Vukelic_Ecomanager_Zavrsna-konferencija.jpg\" data-rel=\"lightbox-gallery-RZ2YJfsz\" data-rl_title=\"\" data-rl_caption=\"\" title=\"\"><img loading=\"lazy\" decoding=\"async\" width=\"500\" height=\"250\" data-id=\"8691\" src=\"https:\/\/oikon.hr\/cms\/wp-content\/uploads\/2023\/06\/Prof-Vukelic_Ecomanager_Zavrsna-konferencija-500x250.jpg\" alt=\"\" class=\"wp-image-8691\"\/><\/a><\/figure>\n\n\n\n<figure class=\"wp-block-image size-wordpress-medium-gallery\"><a href=\"https:\/\/oikon.hr\/cms\/wp-content\/uploads\/2023\/06\/Ecomanager-radionica.jpg\" data-rel=\"lightbox-gallery-RZ2YJfsz\" data-rl_title=\"\" data-rl_caption=\"\" title=\"\"><img loading=\"lazy\" decoding=\"async\" width=\"500\" height=\"250\" data-id=\"8693\" src=\"https:\/\/oikon.hr\/cms\/wp-content\/uploads\/2023\/06\/Ecomanager-radionica-500x250.jpg\" alt=\"\" class=\"wp-image-8693\"\/><\/a><\/figure>\n<\/figure>\n","protected":false},"excerpt":{"rendered":"<p>14. lipnja 2023. \u2013 Drago nam je objaviti da je uspje\u0161no zavr\u0161en projekt \u201eEcomanager\u201c korisnika Hrvatskih \u0161uma u sklopu kojega smo, u suradnji sa Hrvatskim \u0161umarskim institutom, predvo\u0111eni na\u0161im stru\u010dnjakom, profesorom emeritusom Josom Vukeli\u0107em, izradili i tiskali Priru\u010dnik za uklju\u010divanje zahtjeva ekolo\u0161ke mre\u017ee u Programe gospodarenja ekolo\u0161kom mre\u017eom (PGEM-ove) i organizirali stru\u010dne edukacije kojima je &hellip; <a href=\"https:\/\/oikon.hr\/hr\/objavljen-prirucnik-za-ukljucivanje-zahtjeva-ekoloske-mreze-u-pgm-ove-u-sklopu-projekta-ecomanager\/\">Saznajte vi\u0161e<\/a><\/p>\n","protected":false},"author":2,"featured_media":8687,"comment_status":"open","ping_status":"open","sticky":false,"template":"","format":"standard","meta":{"_acf_changed":false,"footnotes":""},"categories":[798],"tags":[2150,1601,835,2151],"class_list":["post-8684","post","type-post","status-publish","format-standard","has-post-thumbnail","hentry","category-vijesti","tag-ecomanager","tag-joso-vukelic-hr","tag-oikon-hr","tag-prirucnik-za-ukljucivanje-zahtjeva-ekoloske-mreze-u-programe-gospodarenja"],"acf":[],"yoast_head":"<!-- This site is optimized with the Yoast SEO plugin v27.0 - https:\/\/yoast.com\/product\/yoast-seo-wordpress\/ -->\n<title>Objavljen Priru\u010dnik za uklju\u010divanje zahtjeva ekolo\u0161ke mre\u017ee u PGEM-ove u sklopu projekta Ecomanager &#8211; Oikon d.o.o.<\/title>\n<meta name=\"description\" content=\"14. lipnja 2023. \u2013 Drago nam je objaviti da je uspje\u0161no zavr\u0161en projekt \u201eEcomanager\u201c korisnika Hrvatskih \u0161uma u sklopu kojega smo, u suradnji sa Hrvatskim\" \/>\n<meta name=\"robots\" content=\"index, follow, max-snippet:-1, max-image-preview:large, max-video-preview:-1\" \/>\n<link rel=\"canonical\" href=\"https:\/\/oikon.hr\/hr\/objavljen-prirucnik-za-ukljucivanje-zahtjeva-ekoloske-mreze-u-pgm-ove-u-sklopu-projekta-ecomanager\/\" \/>\n<meta property=\"og:locale\" content=\"hr_HR\" \/>\n<meta property=\"og:type\" content=\"article\" \/>\n<meta property=\"og:title\" content=\"Objavljen Priru\u010dnik za uklju\u010divanje zahtjeva ekolo\u0161ke mre\u017ee u PGEM-ove u sklopu projekta Ecomanager &#8211; Oikon d.o.o.\" \/>\n<meta property=\"og:description\" content=\"14. lipnja 2023. \u2013 Drago nam je objaviti da je uspje\u0161no zavr\u0161en projekt \u201eEcomanager\u201c korisnika Hrvatskih \u0161uma u sklopu kojega smo, u suradnji sa Hrvatskim\" \/>\n<meta property=\"og:url\" content=\"https:\/\/oikon.hr\/hr\/objavljen-prirucnik-za-ukljucivanje-zahtjeva-ekoloske-mreze-u-pgm-ove-u-sklopu-projekta-ecomanager\/\" \/>\n<meta property=\"og:site_name\" content=\"Oikon d.o.o.\" \/>\n<meta property=\"article:publisher\" content=\"http:\/\/www.facebook.com\/OikonLtd\/\" \/>\n<meta property=\"article:published_time\" content=\"2023-06-14T09:07:54+00:00\" \/>\n<meta property=\"article:modified_time\" content=\"2023-06-14T17:43:39+00:00\" \/>\n<meta property=\"og:image\" content=\"https:\/\/oikon.hr\/cms\/wp-content\/uploads\/2023\/06\/Ecomanager_prirucnik_Oikon.jpg\" \/>\n\t<meta property=\"og:image:width\" content=\"2000\" \/>\n\t<meta property=\"og:image:height\" content=\"1500\" \/>\n\t<meta property=\"og:image:type\" content=\"image\/jpeg\" \/>\n<meta name=\"author\" content=\"oikonadministracija\" \/>\n<meta name=\"twitter:card\" content=\"summary_large_image\" \/>\n<meta name=\"twitter:creator\" content=\"@OikonLtd\" \/>\n<meta name=\"twitter:site\" content=\"@OikonLtd\" \/>\n<meta name=\"twitter:label1\" content=\"Written by\" \/>\n\t<meta name=\"twitter:data1\" content=\"oikonadministracija\" \/>\n\t<meta name=\"twitter:label2\" content=\"Est. reading time\" \/>\n\t<meta name=\"twitter:data2\" content=\"4 minutes\" \/>\n<script type=\"application\/ld+json\" class=\"yoast-schema-graph\">{\"@context\":\"https:\/\/schema.org\",\"@graph\":[{\"@type\":\"Article\",\"@id\":\"https:\/\/oikon.hr\/hr\/objavljen-prirucnik-za-ukljucivanje-zahtjeva-ekoloske-mreze-u-pgm-ove-u-sklopu-projekta-ecomanager\/#article\",\"isPartOf\":{\"@id\":\"https:\/\/oikon.hr\/hr\/objavljen-prirucnik-za-ukljucivanje-zahtjeva-ekoloske-mreze-u-pgm-ove-u-sklopu-projekta-ecomanager\/\"},\"author\":{\"name\":\"oikonadministracija\",\"@id\":\"https:\/\/oikon.hr\/#\/schema\/person\/4fb14a46c1071083d5de459c14a82f7c\"},\"headline\":\"Objavljen Priru\u010dnik za uklju\u010divanje zahtjeva ekolo\u0161ke mre\u017ee u PGEM-ove u sklopu projekta Ecomanager\",\"datePublished\":\"2023-06-14T09:07:54+00:00\",\"dateModified\":\"2023-06-14T17:43:39+00:00\",\"mainEntityOfPage\":{\"@id\":\"https:\/\/oikon.hr\/hr\/objavljen-prirucnik-za-ukljucivanje-zahtjeva-ekoloske-mreze-u-pgm-ove-u-sklopu-projekta-ecomanager\/\"},\"wordCount\":623,\"commentCount\":0,\"publisher\":{\"@id\":\"https:\/\/oikon.hr\/#organization\"},\"image\":{\"@id\":\"https:\/\/oikon.hr\/hr\/objavljen-prirucnik-za-ukljucivanje-zahtjeva-ekoloske-mreze-u-pgm-ove-u-sklopu-projekta-ecomanager\/#primaryimage\"},\"thumbnailUrl\":\"https:\/\/oikon.hr\/cms\/wp-content\/uploads\/2023\/06\/Ecomanager_prirucnik_Oikon.jpg\",\"keywords\":[\"ecomanager\",\"Joso Vukeli\u0107\",\"oikon\",\"Priru\u010dnik za uklju\u010divanje zahtjeva ekolo\u0161ke mre\u017ee u Programe gospodarenja\"],\"articleSection\":[\"VIJESTI\"],\"inLanguage\":\"hr-HR\",\"potentialAction\":[{\"@type\":\"CommentAction\",\"name\":\"Comment\",\"target\":[\"https:\/\/oikon.hr\/hr\/objavljen-prirucnik-za-ukljucivanje-zahtjeva-ekoloske-mreze-u-pgm-ove-u-sklopu-projekta-ecomanager\/#respond\"]}]},{\"@type\":\"WebPage\",\"@id\":\"https:\/\/oikon.hr\/hr\/objavljen-prirucnik-za-ukljucivanje-zahtjeva-ekoloske-mreze-u-pgm-ove-u-sklopu-projekta-ecomanager\/\",\"url\":\"https:\/\/oikon.hr\/hr\/objavljen-prirucnik-za-ukljucivanje-zahtjeva-ekoloske-mreze-u-pgm-ove-u-sklopu-projekta-ecomanager\/\",\"name\":\"Objavljen Priru\u010dnik za uklju\u010divanje zahtjeva ekolo\u0161ke mre\u017ee u PGEM-ove u sklopu projekta Ecomanager &#8211; Oikon d.o.o.\",\"isPartOf\":{\"@id\":\"https:\/\/oikon.hr\/#website\"},\"primaryImageOfPage\":{\"@id\":\"https:\/\/oikon.hr\/hr\/objavljen-prirucnik-za-ukljucivanje-zahtjeva-ekoloske-mreze-u-pgm-ove-u-sklopu-projekta-ecomanager\/#primaryimage\"},\"image\":{\"@id\":\"https:\/\/oikon.hr\/hr\/objavljen-prirucnik-za-ukljucivanje-zahtjeva-ekoloske-mreze-u-pgm-ove-u-sklopu-projekta-ecomanager\/#primaryimage\"},\"thumbnailUrl\":\"https:\/\/oikon.hr\/cms\/wp-content\/uploads\/2023\/06\/Ecomanager_prirucnik_Oikon.jpg\",\"datePublished\":\"2023-06-14T09:07:54+00:00\",\"dateModified\":\"2023-06-14T17:43:39+00:00\",\"description\":\"14. lipnja 2023. \u2013 Drago nam je objaviti da je uspje\u0161no zavr\u0161en projekt \u201eEcomanager\u201c korisnika Hrvatskih \u0161uma u sklopu kojega smo, u suradnji sa Hrvatskim\",\"breadcrumb\":{\"@id\":\"https:\/\/oikon.hr\/hr\/objavljen-prirucnik-za-ukljucivanje-zahtjeva-ekoloske-mreze-u-pgm-ove-u-sklopu-projekta-ecomanager\/#breadcrumb\"},\"inLanguage\":\"hr-HR\",\"potentialAction\":[{\"@type\":\"ReadAction\",\"target\":[\"https:\/\/oikon.hr\/hr\/objavljen-prirucnik-za-ukljucivanje-zahtjeva-ekoloske-mreze-u-pgm-ove-u-sklopu-projekta-ecomanager\/\"]}]},{\"@type\":\"ImageObject\",\"inLanguage\":\"hr-HR\",\"@id\":\"https:\/\/oikon.hr\/hr\/objavljen-prirucnik-za-ukljucivanje-zahtjeva-ekoloske-mreze-u-pgm-ove-u-sklopu-projekta-ecomanager\/#primaryimage\",\"url\":\"https:\/\/oikon.hr\/cms\/wp-content\/uploads\/2023\/06\/Ecomanager_prirucnik_Oikon.jpg\",\"contentUrl\":\"https:\/\/oikon.hr\/cms\/wp-content\/uploads\/2023\/06\/Ecomanager_prirucnik_Oikon.jpg\",\"width\":2000,\"height\":1500},{\"@type\":\"BreadcrumbList\",\"@id\":\"https:\/\/oikon.hr\/hr\/objavljen-prirucnik-za-ukljucivanje-zahtjeva-ekoloske-mreze-u-pgm-ove-u-sklopu-projekta-ecomanager\/#breadcrumb\",\"itemListElement\":[{\"@type\":\"ListItem\",\"position\":1,\"name\":\"\",\"item\":\"https:\/\/oikon.hr\/hr\/\"},{\"@type\":\"ListItem\",\"position\":2,\"name\":\"VIJESTI\",\"item\":\"https:\/\/oikon.hr\/hr\/topic\/vijesti\/\"},{\"@type\":\"ListItem\",\"position\":3,\"name\":\"Objavljen Priru\u010dnik za uklju\u010divanje zahtjeva ekolo\u0161ke mre\u017ee u PGEM-ove u sklopu projekta Ecomanager\"}]},{\"@type\":\"WebSite\",\"@id\":\"https:\/\/oikon.hr\/#website\",\"url\":\"https:\/\/oikon.hr\/\",\"name\":\"Oikon d.o.o.\",\"description\":\"Institut za primijenjenu ekologiju\",\"publisher\":{\"@id\":\"https:\/\/oikon.hr\/#organization\"},\"alternateName\":\"OIKON\",\"potentialAction\":[{\"@type\":\"SearchAction\",\"target\":{\"@type\":\"EntryPoint\",\"urlTemplate\":\"https:\/\/oikon.hr\/?s={search_term_string}\"},\"query-input\":{\"@type\":\"PropertyValueSpecification\",\"valueRequired\":true,\"valueName\":\"search_term_string\"}}],\"inLanguage\":\"hr-HR\"},{\"@type\":\"Organization\",\"@id\":\"https:\/\/oikon.hr\/#organization\",\"name\":\"Oikon d.o.o. - Institut za primijenjenu ekologiju\",\"alternateName\":\"OIKON\",\"url\":\"https:\/\/oikon.hr\/\",\"logo\":{\"@type\":\"ImageObject\",\"inLanguage\":\"hr-HR\",\"@id\":\"https:\/\/oikon.hr\/#\/schema\/logo\/image\/\",\"url\":\"https:\/\/oikon.hr\/cms\/wp-content\/uploads\/2021\/01\/OIKON_R_logo_transparent.png\",\"contentUrl\":\"https:\/\/oikon.hr\/cms\/wp-content\/uploads\/2021\/01\/OIKON_R_logo_transparent.png\",\"width\":1660,\"height\":541,\"caption\":\"Oikon d.o.o. - Institut za primijenjenu ekologiju\"},\"image\":{\"@id\":\"https:\/\/oikon.hr\/#\/schema\/logo\/image\/\"},\"sameAs\":[\"http:\/\/www.facebook.com\/OikonLtd\/\",\"https:\/\/x.com\/OikonLtd\",\"https:\/\/www.instagram.com\/oikon_ltd\/\",\"https:\/\/www.linkedin.com\/company\/oikon---institute-for-applied-technology\/\",\"https:\/\/www.youtube.com\/channel\/UCu_eJ0ct90AEN8D85KWcRHQ\"]},{\"@type\":\"Person\",\"@id\":\"https:\/\/oikon.hr\/#\/schema\/person\/4fb14a46c1071083d5de459c14a82f7c\",\"name\":\"oikonadministracija\",\"image\":{\"@type\":\"ImageObject\",\"inLanguage\":\"hr-HR\",\"@id\":\"https:\/\/oikon.hr\/#\/schema\/person\/image\/\",\"url\":\"https:\/\/secure.gravatar.com\/avatar\/e247aba33e5428fc6a24bbca24b92af36ceafa9a824508df7d1d40391c5f0748?s=96&d=mm&r=g\",\"contentUrl\":\"https:\/\/secure.gravatar.com\/avatar\/e247aba33e5428fc6a24bbca24b92af36ceafa9a824508df7d1d40391c5f0748?s=96&d=mm&r=g\",\"caption\":\"oikonadministracija\"},\"url\":\"https:\/\/oikon.hr\/hr\/author\/oikonadministracija\/\"}]}<\/script>\n<!-- \/ Yoast SEO plugin. -->","yoast_head_json":{"title":"Objavljen Priru\u010dnik za uklju\u010divanje zahtjeva ekolo\u0161ke mre\u017ee u PGEM-ove u sklopu projekta Ecomanager &#8211; Oikon d.o.o.","description":"14. lipnja 2023. \u2013 Drago nam je objaviti da je uspje\u0161no zavr\u0161en projekt \u201eEcomanager\u201c korisnika Hrvatskih \u0161uma u sklopu kojega smo, u suradnji sa Hrvatskim","robots":{"index":"index","follow":"follow","max-snippet":"max-snippet:-1","max-image-preview":"max-image-preview:large","max-video-preview":"max-video-preview:-1"},"canonical":"https:\/\/oikon.hr\/hr\/objavljen-prirucnik-za-ukljucivanje-zahtjeva-ekoloske-mreze-u-pgm-ove-u-sklopu-projekta-ecomanager\/","og_locale":"hr_HR","og_type":"article","og_title":"Objavljen Priru\u010dnik za uklju\u010divanje zahtjeva ekolo\u0161ke mre\u017ee u PGEM-ove u sklopu projekta Ecomanager &#8211; Oikon d.o.o.","og_description":"14. lipnja 2023. \u2013 Drago nam je objaviti da je uspje\u0161no zavr\u0161en projekt \u201eEcomanager\u201c korisnika Hrvatskih \u0161uma u sklopu kojega smo, u suradnji sa Hrvatskim","og_url":"https:\/\/oikon.hr\/hr\/objavljen-prirucnik-za-ukljucivanje-zahtjeva-ekoloske-mreze-u-pgm-ove-u-sklopu-projekta-ecomanager\/","og_site_name":"Oikon d.o.o.","article_publisher":"http:\/\/www.facebook.com\/OikonLtd\/","article_published_time":"2023-06-14T09:07:54+00:00","article_modified_time":"2023-06-14T17:43:39+00:00","og_image":[{"width":2000,"height":1500,"url":"https:\/\/oikon.hr\/cms\/wp-content\/uploads\/2023\/06\/Ecomanager_prirucnik_Oikon.jpg","type":"image\/jpeg"}],"author":"oikonadministracija","twitter_card":"summary_large_image","twitter_creator":"@OikonLtd","twitter_site":"@OikonLtd","twitter_misc":{"Written by":"oikonadministracija","Est. reading time":"4 minutes"},"schema":{"@context":"https:\/\/schema.org","@graph":[{"@type":"Article","@id":"https:\/\/oikon.hr\/hr\/objavljen-prirucnik-za-ukljucivanje-zahtjeva-ekoloske-mreze-u-pgm-ove-u-sklopu-projekta-ecomanager\/#article","isPartOf":{"@id":"https:\/\/oikon.hr\/hr\/objavljen-prirucnik-za-ukljucivanje-zahtjeva-ekoloske-mreze-u-pgm-ove-u-sklopu-projekta-ecomanager\/"},"author":{"name":"oikonadministracija","@id":"https:\/\/oikon.hr\/#\/schema\/person\/4fb14a46c1071083d5de459c14a82f7c"},"headline":"Objavljen Priru\u010dnik za uklju\u010divanje zahtjeva ekolo\u0161ke mre\u017ee u PGEM-ove u sklopu projekta Ecomanager","datePublished":"2023-06-14T09:07:54+00:00","dateModified":"2023-06-14T17:43:39+00:00","mainEntityOfPage":{"@id":"https:\/\/oikon.hr\/hr\/objavljen-prirucnik-za-ukljucivanje-zahtjeva-ekoloske-mreze-u-pgm-ove-u-sklopu-projekta-ecomanager\/"},"wordCount":623,"commentCount":0,"publisher":{"@id":"https:\/\/oikon.hr\/#organization"},"image":{"@id":"https:\/\/oikon.hr\/hr\/objavljen-prirucnik-za-ukljucivanje-zahtjeva-ekoloske-mreze-u-pgm-ove-u-sklopu-projekta-ecomanager\/#primaryimage"},"thumbnailUrl":"https:\/\/oikon.hr\/cms\/wp-content\/uploads\/2023\/06\/Ecomanager_prirucnik_Oikon.jpg","keywords":["ecomanager","Joso Vukeli\u0107","oikon","Priru\u010dnik za uklju\u010divanje zahtjeva ekolo\u0161ke mre\u017ee u Programe gospodarenja"],"articleSection":["VIJESTI"],"inLanguage":"hr-HR","potentialAction":[{"@type":"CommentAction","name":"Comment","target":["https:\/\/oikon.hr\/hr\/objavljen-prirucnik-za-ukljucivanje-zahtjeva-ekoloske-mreze-u-pgm-ove-u-sklopu-projekta-ecomanager\/#respond"]}]},{"@type":"WebPage","@id":"https:\/\/oikon.hr\/hr\/objavljen-prirucnik-za-ukljucivanje-zahtjeva-ekoloske-mreze-u-pgm-ove-u-sklopu-projekta-ecomanager\/","url":"https:\/\/oikon.hr\/hr\/objavljen-prirucnik-za-ukljucivanje-zahtjeva-ekoloske-mreze-u-pgm-ove-u-sklopu-projekta-ecomanager\/","name":"Objavljen Priru\u010dnik za uklju\u010divanje zahtjeva ekolo\u0161ke mre\u017ee u PGEM-ove u sklopu projekta Ecomanager &#8211; Oikon d.o.o.","isPartOf":{"@id":"https:\/\/oikon.hr\/#website"},"primaryImageOfPage":{"@id":"https:\/\/oikon.hr\/hr\/objavljen-prirucnik-za-ukljucivanje-zahtjeva-ekoloske-mreze-u-pgm-ove-u-sklopu-projekta-ecomanager\/#primaryimage"},"image":{"@id":"https:\/\/oikon.hr\/hr\/objavljen-prirucnik-za-ukljucivanje-zahtjeva-ekoloske-mreze-u-pgm-ove-u-sklopu-projekta-ecomanager\/#primaryimage"},"thumbnailUrl":"https:\/\/oikon.hr\/cms\/wp-content\/uploads\/2023\/06\/Ecomanager_prirucnik_Oikon.jpg","datePublished":"2023-06-14T09:07:54+00:00","dateModified":"2023-06-14T17:43:39+00:00","description":"14. lipnja 2023. \u2013 Drago nam je objaviti da je uspje\u0161no zavr\u0161en projekt \u201eEcomanager\u201c korisnika Hrvatskih \u0161uma u sklopu kojega smo, u suradnji sa Hrvatskim","breadcrumb":{"@id":"https:\/\/oikon.hr\/hr\/objavljen-prirucnik-za-ukljucivanje-zahtjeva-ekoloske-mreze-u-pgm-ove-u-sklopu-projekta-ecomanager\/#breadcrumb"},"inLanguage":"hr-HR","potentialAction":[{"@type":"ReadAction","target":["https:\/\/oikon.hr\/hr\/objavljen-prirucnik-za-ukljucivanje-zahtjeva-ekoloske-mreze-u-pgm-ove-u-sklopu-projekta-ecomanager\/"]}]},{"@type":"ImageObject","inLanguage":"hr-HR","@id":"https:\/\/oikon.hr\/hr\/objavljen-prirucnik-za-ukljucivanje-zahtjeva-ekoloske-mreze-u-pgm-ove-u-sklopu-projekta-ecomanager\/#primaryimage","url":"https:\/\/oikon.hr\/cms\/wp-content\/uploads\/2023\/06\/Ecomanager_prirucnik_Oikon.jpg","contentUrl":"https:\/\/oikon.hr\/cms\/wp-content\/uploads\/2023\/06\/Ecomanager_prirucnik_Oikon.jpg","width":2000,"height":1500},{"@type":"BreadcrumbList","@id":"https:\/\/oikon.hr\/hr\/objavljen-prirucnik-za-ukljucivanje-zahtjeva-ekoloske-mreze-u-pgm-ove-u-sklopu-projekta-ecomanager\/#breadcrumb","itemListElement":[{"@type":"ListItem","position":1,"name":"","item":"https:\/\/oikon.hr\/hr\/"},{"@type":"ListItem","position":2,"name":"VIJESTI","item":"https:\/\/oikon.hr\/hr\/topic\/vijesti\/"},{"@type":"ListItem","position":3,"name":"Objavljen Priru\u010dnik za uklju\u010divanje zahtjeva ekolo\u0161ke mre\u017ee u PGEM-ove u sklopu projekta Ecomanager"}]},{"@type":"WebSite","@id":"https:\/\/oikon.hr\/#website","url":"https:\/\/oikon.hr\/","name":"Oikon d.o.o.","description":"Institut za primijenjenu ekologiju","publisher":{"@id":"https:\/\/oikon.hr\/#organization"},"alternateName":"OIKON","potentialAction":[{"@type":"SearchAction","target":{"@type":"EntryPoint","urlTemplate":"https:\/\/oikon.hr\/?s={search_term_string}"},"query-input":{"@type":"PropertyValueSpecification","valueRequired":true,"valueName":"search_term_string"}}],"inLanguage":"hr-HR"},{"@type":"Organization","@id":"https:\/\/oikon.hr\/#organization","name":"Oikon d.o.o. - Institut za primijenjenu ekologiju","alternateName":"OIKON","url":"https:\/\/oikon.hr\/","logo":{"@type":"ImageObject","inLanguage":"hr-HR","@id":"https:\/\/oikon.hr\/#\/schema\/logo\/image\/","url":"https:\/\/oikon.hr\/cms\/wp-content\/uploads\/2021\/01\/OIKON_R_logo_transparent.png","contentUrl":"https:\/\/oikon.hr\/cms\/wp-content\/uploads\/2021\/01\/OIKON_R_logo_transparent.png","width":1660,"height":541,"caption":"Oikon d.o.o. - Institut za primijenjenu ekologiju"},"image":{"@id":"https:\/\/oikon.hr\/#\/schema\/logo\/image\/"},"sameAs":["http:\/\/www.facebook.com\/OikonLtd\/","https:\/\/x.com\/OikonLtd","https:\/\/www.instagram.com\/oikon_ltd\/","https:\/\/www.linkedin.com\/company\/oikon---institute-for-applied-technology\/","https:\/\/www.youtube.com\/channel\/UCu_eJ0ct90AEN8D85KWcRHQ"]},{"@type":"Person","@id":"https:\/\/oikon.hr\/#\/schema\/person\/4fb14a46c1071083d5de459c14a82f7c","name":"oikonadministracija","image":{"@type":"ImageObject","inLanguage":"hr-HR","@id":"https:\/\/oikon.hr\/#\/schema\/person\/image\/","url":"https:\/\/secure.gravatar.com\/avatar\/e247aba33e5428fc6a24bbca24b92af36ceafa9a824508df7d1d40391c5f0748?s=96&d=mm&r=g","contentUrl":"https:\/\/secure.gravatar.com\/avatar\/e247aba33e5428fc6a24bbca24b92af36ceafa9a824508df7d1d40391c5f0748?s=96&d=mm&r=g","caption":"oikonadministracija"},"url":"https:\/\/oikon.hr\/hr\/author\/oikonadministracija\/"}]}},"_links":{"self":[{"href":"https:\/\/oikon.hr\/hr\/wp-json\/wp\/v2\/posts\/8684","targetHints":{"allow":["GET"]}}],"collection":[{"href":"https:\/\/oikon.hr\/hr\/wp-json\/wp\/v2\/posts"}],"about":[{"href":"https:\/\/oikon.hr\/hr\/wp-json\/wp\/v2\/types\/post"}],"author":[{"embeddable":true,"href":"https:\/\/oikon.hr\/hr\/wp-json\/wp\/v2\/users\/2"}],"replies":[{"embeddable":true,"href":"https:\/\/oikon.hr\/hr\/wp-json\/wp\/v2\/comments?post=8684"}],"version-history":[{"count":4,"href":"https:\/\/oikon.hr\/hr\/wp-json\/wp\/v2\/posts\/8684\/revisions"}],"predecessor-version":[{"id":8703,"href":"https:\/\/oikon.hr\/hr\/wp-json\/wp\/v2\/posts\/8684\/revisions\/8703"}],"wp:featuredmedia":[{"embeddable":true,"href":"https:\/\/oikon.hr\/hr\/wp-json\/wp\/v2\/media\/8687"}],"wp:attachment":[{"href":"https:\/\/oikon.hr\/hr\/wp-json\/wp\/v2\/media?parent=8684"}],"wp:term":[{"taxonomy":"category","embeddable":true,"href":"https:\/\/oikon.hr\/hr\/wp-json\/wp\/v2\/categories?post=8684"},{"taxonomy":"post_tag","embeddable":true,"href":"https:\/\/oikon.hr\/hr\/wp-json\/wp\/v2\/tags?post=8684"}],"curies":[{"name":"wp","href":"https:\/\/api.w.org\/{rel}","templated":true}]}}