{"id":8764,"date":"2023-08-16T15:48:21","date_gmt":"2023-08-16T13:48:21","guid":{"rendered":"https:\/\/oikon.hr\/?p=8764"},"modified":"2023-08-16T16:01:58","modified_gmt":"2023-08-16T14:01:58","slug":"blog-na-terenu-s-biologom","status":"publish","type":"post","link":"https:\/\/oikon.hr\/hr\/blog-na-terenu-s-biologom\/","title":{"rendered":"Blog: Na terenu s biologom"},"content":{"rendered":"\n<p>16. kolovoza 2023. &#8211; Od kada sam po\u010dela raditi u Oikonu slu\u0161am kolege prirodoslovnih struka kako pri\u010daju o radu na terenu. Iz njihovih pri\u010da dobila sam dojam da je taj teren ne\u0161to zaista posebno. \u0160tovi\u0161e, terenski rad za njih je glavni razlog zbog kojeg rade u Oikonu. Svi su se slo\u017eili da je izvrsna atmosfera u uredu ali da je ipak najbolje na terenu.<\/p>\n\n\n\n<p>Tako ja ve\u0107 \u010detiri godine radim ovdje i nikako da uspijem vidjeti \u0161to se to tako posebno doga\u0111a na tim terenima. Moram priznati da mi je nekoliko puta ranije bilo ponu\u0111eno da se pridru\u017eim nekom terenu ali svaki put sam ili imala svog uredskog posla ili sam bila na godi\u0161njem odmoru ili sam imala neki sastanak i eto jednostavno nikako oti\u0107i i vidjeti kako izgleda taj terenski rad i \u0161to se to u Oikonu zapravo radi. Odnosno, sve do pro\u0161log tjedna kada mi je kolegica Nela Jantol, na\u0161a biologica, predlo\u017eila da joj se pridru\u017eim na terenu na Velebitu. Kako sam nedavno uspje\u0161no zavr\u0161ila planinarsku \u0161kolicu i kako obo\u017eavam planinariti, odlu\u010dila sam, pod cijenu mogu\u0107ih nadoknada ostalog uredskog posla, ostaviti sve i oti\u0107i s njom na teren.<\/p>\n\n\n\n<p>Nela mi je nabrojala \u0161to bih sve trebala ponijeti sa sobom te sam zahvaljuju\u0107i svom planinarskom iskustvu imala vi\u0161e-manje svu potrebnu opremu. Utrpala sam sve u svoj veliki ruksak od 70 litara u kojem je najvi\u0161e prostora zauzimala vre\u0107a za spavanje a najte\u017ee su bile boce vode. Zbog sigurnosti sam odlu\u010dila ponijeti 3 litre vode, ipak smo planirale ostati dva dana na Velebitu.<\/p>\n\n\n\n<p>Krenule smo u 7h ujutro i u terenskom slu\u017ebenom auto odvezle se do Gospi\u0107a. Od tamo smo produ\u017eile makadamom i prema uputama \u010duvara prirode Parka prirode Velebit, kojeg je Nela ranije kontaktirala, odvezle se najdalje \u0161to smo mogle tom cestom kako bismo do\u0161le do planinarskog puta koji nas je trebao dovesti do na\u0161eg odredi\u0161ta. Naravno, birale smo najkra\u0107u planinarsku stazu jer smo nosile oko 8kg tereta u ruksacima a znale smo da slijedi jo\u0161 i istra\u017eivanje terena nakon dolaska na odredi\u0161te. Vo\u017enja makadamom bila je iskustvo za sebe. Sre\u0107om s terenskim autom bilo je jednostavno prije\u0107i i ve\u0107e komade kamenja koji su nam se na\u0161li na putu. S autom smo do\u0161le doslovno do kraja staze te ga tamo parkirale. U trenutku kada smo iza\u0161le iz auta osjetila sam divni svje\u017ei \u0161umski zrak i znala sam da avantura tu po\u010dinje. Obule smo gojzerice i stavile ruksake na le\u0111a te uz pomo\u0107 planinarskih \u0161tapova krenule stazom koja se nalazila ispred nas. Uskoro je postalo jasno da \u0107emo samo uz pomo\u0107 GPS-a uspjeti na\u0107i planinarsku stazu koju smo tra\u017eile te smo krenule u smjerom u kojem se prema karti trebala nalaziti staza. Naravno, GPS je pokazivao da se moramo popeti uzbrdo dosta strmim usponom. Sre\u0107om na vrhu uspona se doista nalazila planinarska markacija te smo uskoro nai\u0161le i na putokaz za \u0160ugarsku dulibu koja je bila na\u0161e odredi\u0161te.<\/p>\n\n\n\n<figure class=\"wp-block-image size-wordpress-medium-gallery\"><img loading=\"lazy\" decoding=\"async\" width=\"420\" height=\"250\" src=\"https:\/\/oikon.hr\/cms\/wp-content\/uploads\/2023\/08\/Picture1-420x250.jpg\" alt=\"\" class=\"wp-image-8766\"\/><\/figure>\n\n\n\n<p>Tada mi se ve\u0107 \u010dinilo da smo u \u0161umi stolje\u0107ima premda je pro\u0161lo tek pola sata, uspinjanje neozna\u010denim stazama o\u010dito tako djeluje na ljude, te sam se gotovo upla\u0161ila kada se iza nas pojavio \u010dovjek. O\u010dito je i on primijetio reakcije koje je izazvao kod nas te se na\u0161alio da je samo on a ne medvjed. Uskoro se iza njega pojavila i njegova obitelj. Planinarska staza je bila ve\u0107im dijelom ravna i bilo je predivno kora\u010dati njome. Shvatila sam za\u0161to se ta obitelj odlu\u010dila na planinarenje ovdje. Dio staze je prolazio \u0161umom, dio kroz livadu prepunu planinskog cvije\u0107a a dio preko kamenja s kojeg se pru\u017eao divan pogled na more i otok Pag. Moram priznati da sam ve\u0107 tu po\u010dela zavidjeti biolozima, \u0161umarima i ostalima na njihovom poslu.<\/p>\n\n\n\n<figure class=\"wp-block-image size-wordpress-medium-gallery\"><img loading=\"lazy\" decoding=\"async\" width=\"419\" height=\"250\" src=\"https:\/\/oikon.hr\/cms\/wp-content\/uploads\/2023\/08\/Picture2-419x250.jpg\" alt=\"\" class=\"wp-image-8767\"\/><\/figure>\n\n\n\n<p>Nakon sat i pol hodanja do\u0161le smo do na\u0161eg odredi\u0161ta odnosno skloni\u0161ta \u0160ugarska duliba i sretno odlo\u017eile te\u0161ke ruksake. U skloni\u0161tu nije bilo drugih planinara te smo zauzele mjesta pored prozora. Skloni\u0161te je izgra\u0111eno 2017. godine te je izgledalo kao savr\u0161ena mala drvene koliba usred ni\u010dega odnosno savr\u0161en bijeg od gradske vreve. Na krovu se nalazio solarni kolektor i spremnik za ki\u0161nicu \u0161to je zna\u010dilo da je bilo i struje i vode, premda ne za pi\u0107e.<\/p>\n\n\n\n<figure class=\"wp-block-image size-wordpress-medium-gallery\"><img loading=\"lazy\" decoding=\"async\" width=\"500\" height=\"250\" src=\"https:\/\/oikon.hr\/cms\/wp-content\/uploads\/2023\/08\/Picture4-500x250.jpg\" alt=\"\" class=\"wp-image-8772\"\/><\/figure>\n\n\n\n<p>Nakon kratkog ru\u010dka vani na klupi uz predivan pogled na planine, pri\u010dekale smo malo da vidimo \u0161to \u0107e nam donijeti oblak koji se pojavio te s obzirom na to da se \u010dinilo da \u0107e nas vrijeme i dalje poslu\u017eiti, odlu\u010dile smo oti\u0107i do prvog lokaliteta u potragu za velebitskom degenijom. Naime, terenski rad se sastojao od istra\u017eivanja nalazi li se jo\u0161 uvijek na\u0161a endemska biljna vrsta velebitska degenija na lokalitetu na kojem je ranije zabilje\u017eena a isti smo provodile u sklopu projekta Ministarstva gospodarstva i odr\u017eivog razvoja \u201eIzrada i razvoj programa pra\u0107enja za kopnenu floru i stani\u0161ne tipove s ja\u010danjem kapaciteta dionika sustava pra\u0107enja i izvje\u0161\u0107ivanja\u201c. Nela je obavila detaljne pripreme prije terena te unijela u GPS lokacije na kojima smo trebale na\u0107i velebitsku degeniju, isprintala papire s detaljnim opisom ranijih nalazi\u0161ta te slike velebitske degenije koju smo tra\u017eile.<\/p>\n\n\n\n<figure class=\"wp-block-image size-wordpress-medium-gallery\"><img loading=\"lazy\" decoding=\"async\" width=\"465\" height=\"250\" src=\"https:\/\/oikon.hr\/cms\/wp-content\/uploads\/2023\/08\/Picture6-465x250.jpg\" alt=\"\" class=\"wp-image-8774\"\/><\/figure>\n\n\n\n<p>S obzirom na to da se na\u0161 ciljni lokalitet nalazio u blizini skloni\u0161ta, do njega smo se zaputile samo s opremom koja nam je trebala da ga na\u0111emo te zabilje\u017eimo nalaz. Produ\u017eile smo planinarskom stazom koja je vodila u smjeru Ba\u0161kih O\u0161tarija te nam je GPS uskoro pokazao da se trebamo uspeti na obli\u017enje brdo. Moje dotada\u0161nje poznavanje Velebita bilo je da na njemu ima poskoka, na\u0161ih otrovnih i strogo za\u0161ti\u0107enih zmija, te da svakako treba izbjegavati visoke trave i neozna\u010dene staze. Naravno sve to se nije poklapalo s poslom biologa i terenskim radom jer da bismo do\u0161li do lokaliteta velebitske degenije trebalo je skrenuti sa staze i hodati kroz visoku travu i li\u0161\u0107em pokrivenu zemlju koja je tonula pod mojim koracima. Uskoro sam zaboravila i na zmije i na raznorazne kukce koji su se kretali i skakutali oko mene, a i po meni, te hrabro kora\u010dala za Nelom.<\/p>\n\n\n\n<figure class=\"wp-block-image size-wordpress-medium-gallery\"><img loading=\"lazy\" decoding=\"async\" width=\"449\" height=\"250\" src=\"https:\/\/oikon.hr\/cms\/wp-content\/uploads\/2023\/08\/Picture8-1-449x250.jpg\" alt=\"\" class=\"wp-image-8800\"\/><\/figure>\n\n\n\n<p>Uspele smo se na dio brda prekriven kamenjem, \u0161to je odgovaralo onome \u0161to sam ja zami\u0161ljala, prema svom znanju biologije, kao lokalitet na kojem bi se nalazila velebitska degenija, te do\u0161le do to\u010dne lokacije ozna\u010dene u GPS-u. Nakon kra\u0107eg promatranja, Nela je uo\u010dila biljku koja je izgledala kao vrsta koju tra\u017eimo te smo se slo\u017eile da se radi o velebitskoj degeniji prema slikama koje je ponijela sa sobom. Pomo\u0107u traka od 5 m napravile smo kvadrat koji je odgovarao kvadratu unutar kojeg je prethodno zabilje\u017eena ova vrsta te po\u010dele prebrojavati koliko se biljaka nalazi unutar kvadrata. Ve\u0107 smo zabilje\u017eile broj kada je Nela svojim izvje\u017ebanim okom otkrila drugu bilj\u010dicu svijetlozelene boje s neobi\u010dnim plodom. Voil\u00e0! Velebitska degenija. Ipak nije tako jednostavno determinirati vrstu pogotovo kada je prava velebitska degenija bila maju\u0161na bilj\u010dica te se na ovom lokalitetu nalazila bez puno drugih \u010dlanova svoje vrste u okolici.<\/p>\n\n\n\n<figure class=\"wp-block-image size-wordpress-medium-gallery\"><img loading=\"lazy\" decoding=\"async\" width=\"443\" height=\"250\" src=\"https:\/\/oikon.hr\/cms\/wp-content\/uploads\/2023\/08\/Picture10-443x250.jpg\" alt=\"\" class=\"wp-image-8782\"\/><\/figure>\n\n\n\n<p>Ja sam dobila zadatak pomo\u0107u GPS-a na\u0107i to\u010dku izvan ozna\u010denog kvadrata na kojoj je tako\u0111er zabilje\u017eena ova vrsta. Va\u017eno sam slijedila GPS te, sada kada smo utvrdile pravu vrstu, lako prona\u0161la jo\u0161 nekoliko velebitskih degenija na mjestu na kojem su ranije zabilje\u017eene. Naravno, prema Nelinim uputama nastojala sam ne pomicati previ\u0161e kamenje po kojem sam hodala da ne poremetim stani\u0161te biljaka koje su tu rasle.<\/p>\n\n\n\n<p>Nakon uspje\u0161no odra\u0111enog lokaliteta i zabilje\u017eenih velebitskih degenija zaputile smo se na sljede\u0107i lokalitet, koji se nalazio malo dalje od ovog prvog, \u0161to je zna\u010dilo daljnje probijanje kroz visoku travu, granje i kamenje. Sada smo lako prepoznale i prona\u0161le biljku koju smo tra\u017eile te je prebrojale unutar nekoliko kvadrata koje smo odredile prema ranijem nalazu. Sve smo i zabilje\u017eile na fotografijama te zaklju\u010dile terenski rad za taj dan i uputile se natrag prema skloni\u0161tu.<\/p>\n\n\n\n<figure class=\"wp-block-gallery has-nested-images columns-default is-cropped wp-block-gallery-1 is-layout-flex wp-block-gallery-is-layout-flex\">\n<figure class=\"wp-block-image size-large\"><img loading=\"lazy\" decoding=\"async\" width=\"945\" height=\"709\" data-id=\"8786\" src=\"https:\/\/oikon.hr\/cms\/wp-content\/uploads\/2023\/08\/Picture11.jpg\" alt=\"\" class=\"wp-image-8786\" srcset=\"https:\/\/oikon.hr\/cms\/wp-content\/uploads\/2023\/08\/Picture11.jpg 945w, https:\/\/oikon.hr\/cms\/wp-content\/uploads\/2023\/08\/Picture11-300x225.jpg 300w, https:\/\/oikon.hr\/cms\/wp-content\/uploads\/2023\/08\/Picture11-150x113.jpg 150w, https:\/\/oikon.hr\/cms\/wp-content\/uploads\/2023\/08\/Picture11-768x576.jpg 768w\" sizes=\"auto, (max-width: 945px) 100vw, 945px\" \/><\/figure>\n\n\n\n<figure class=\"wp-block-image size-large\"><img loading=\"lazy\" decoding=\"async\" width=\"1024\" height=\"768\" data-id=\"8788\" src=\"https:\/\/oikon.hr\/cms\/wp-content\/uploads\/2023\/08\/P8030126-1024x768.jpg\" alt=\"\" class=\"wp-image-8788\" srcset=\"https:\/\/oikon.hr\/cms\/wp-content\/uploads\/2023\/08\/P8030126-1024x768.jpg 1024w, https:\/\/oikon.hr\/cms\/wp-content\/uploads\/2023\/08\/P8030126-300x225.jpg 300w, https:\/\/oikon.hr\/cms\/wp-content\/uploads\/2023\/08\/P8030126-150x113.jpg 150w, https:\/\/oikon.hr\/cms\/wp-content\/uploads\/2023\/08\/P8030126-768x576.jpg 768w, https:\/\/oikon.hr\/cms\/wp-content\/uploads\/2023\/08\/P8030126-1536x1152.jpg 1536w, https:\/\/oikon.hr\/cms\/wp-content\/uploads\/2023\/08\/P8030126.jpg 2000w\" sizes=\"auto, (max-width: 1024px) 100vw, 1024px\" \/><\/figure>\n<\/figure>\n\n\n\n<p>Za ve\u010deru smo podijelile hranu koju smo donijele te se zabavile \u010ditaju\u0107i planinarski dnevnik koji su nadopunjavali planinari koji su boravili u skloni\u0161tu. Sre\u0107om smo prona\u0161le deblje prostirke koje su bile ostavljene u skloni\u0161tu te na njih stavile vre\u0107e za spavanje. Ja sam se smjestila uz prozor te promatrala predivni zalazak sunca.<\/p>\n\n\n\n<figure class=\"wp-block-gallery has-nested-images columns-default is-cropped wp-block-gallery-2 is-layout-flex wp-block-gallery-is-layout-flex\">\n<figure class=\"wp-block-image size-large\"><img loading=\"lazy\" decoding=\"async\" width=\"945\" height=\"709\" data-id=\"8792\" src=\"https:\/\/oikon.hr\/cms\/wp-content\/uploads\/2023\/08\/Picture12.jpg\" alt=\"\" class=\"wp-image-8792\" srcset=\"https:\/\/oikon.hr\/cms\/wp-content\/uploads\/2023\/08\/Picture12.jpg 945w, https:\/\/oikon.hr\/cms\/wp-content\/uploads\/2023\/08\/Picture12-300x225.jpg 300w, https:\/\/oikon.hr\/cms\/wp-content\/uploads\/2023\/08\/Picture12-150x113.jpg 150w, https:\/\/oikon.hr\/cms\/wp-content\/uploads\/2023\/08\/Picture12-768x576.jpg 768w\" sizes=\"auto, (max-width: 945px) 100vw, 945px\" \/><\/figure>\n\n\n\n<figure class=\"wp-block-image size-large\"><img loading=\"lazy\" decoding=\"async\" width=\"945\" height=\"709\" data-id=\"8790\" src=\"https:\/\/oikon.hr\/cms\/wp-content\/uploads\/2023\/08\/Picture13.jpg\" alt=\"\" class=\"wp-image-8790\" srcset=\"https:\/\/oikon.hr\/cms\/wp-content\/uploads\/2023\/08\/Picture13.jpg 945w, https:\/\/oikon.hr\/cms\/wp-content\/uploads\/2023\/08\/Picture13-300x225.jpg 300w, https:\/\/oikon.hr\/cms\/wp-content\/uploads\/2023\/08\/Picture13-150x113.jpg 150w, https:\/\/oikon.hr\/cms\/wp-content\/uploads\/2023\/08\/Picture13-768x576.jpg 768w\" sizes=\"auto, (max-width: 945px) 100vw, 945px\" \/><\/figure>\n<\/figure>\n\n\n\n<p>Kada je pala no\u0107 odlu\u010dila sam iza\u0107i van i pogledati zvjezdano nebo jer je ovo skloni\u0161te glasilo kao mjesto u \u201eprvom redu do zvijezda\u201c. Nela se na\u0161alila da kada sretnem medvjeda vani do\u0111em ispred prozora da i ona mo\u017ee iznutra gledati kako me gricka. Jedini medvjed kojeg sam vidjela je sre\u0107om bilo zvije\u017e\u0111e velikog medvjeda koje sam prepoznala na no\u0107nom nebu, a broj zvijezda definitivno nije razo\u010darao. Moram priznati da sam se osje\u0107ala dosta iscrpljeno te sam se ubrzo namjestila u vre\u0107u spremna za spavanje. Ipak, unato\u010d prostirci ispod vre\u0107e, nije bilo tako udobno spavati na daskama ali bu\u0111enje u prirodi sljede\u0107e jutro bilo je neprocjenjivo. Premda nas je do\u010dekao oblak koji se spustio nisko nad skloni\u0161tem i vjetar koji je puhao, osje\u0107ala sam se za\u0161ti\u0107eno i sigurno unutar skloni\u0161ta. Oblak se uskoro maknuo te se pojavilo sunce \u0161to je zna\u010dilo da mo\u017eemo nastaviti s radom i oti\u0107i do tre\u0107eg i posljednjeg lokaliteta.<\/p>\n\n\n\n<figure class=\"wp-block-image size-wordpress-medium-gallery\"><img loading=\"lazy\" decoding=\"async\" width=\"500\" height=\"250\" src=\"https:\/\/oikon.hr\/cms\/wp-content\/uploads\/2023\/08\/Picture14-500x250.jpg\" alt=\"\" class=\"wp-image-8794\"\/><\/figure>\n\n\n\n<p>Na kraju smo neko vrijeme kru\u017eile okolo skloni\u0161ta kako bismo na\u0161le put do lokaliteta koji se trebao nalaziti u neposrednoj blizini. Nije bilo tako jednostavno samo do\u0107i do lokacije zabilje\u017eene na GPS-u jer su nam put preprije\u010dile stijene i drve\u0107e ali uskoro smo prona\u0161le prolaz i uspele se do stjenovitog dijela brda na kojem se nalazila zabilje\u017eena lokacija a i na\u0161a velebitska degenija. Sad ve\u0107 pametnija s iskustvom od prethodnog dana, lako sam i ja prepoznala biljku koju smo tra\u017eile i ve\u0107 sam znala kako postaviti kvadrat od traka te krenula s brojanjem biljaka. Nakon izbrojanih nekoliko kvadrata koje smo postavile poput onih zabilje\u017eenih nekoliko godina ranije, na\u0161 je terenski rad do\u0161ao do kraja. Nakon \u0161to smo se okrijepile preostalom hranom i s ne\u0161to lak\u0161im ruksacima jer smo ve\u0107i dio vode popile, zaputile smo se natrag prema autu stazom kojom smo do\u0161le.<\/p>\n\n\n\n<p>Nela je sre\u0107om na GPS-u zabilje\u017eila to\u010dnu lokaciju na\u0161eg auta jer smo opet morale skrenuti sa staze i ovoga puta se strmo spustiti do njega. Put nam je na makadamu preprije\u010dio jedan konj koji je slobodno i bezbri\u017eno hodao po cesti. Po\u0161to cesta nije bila pre\u0161iroka pitala sam se kako \u0107emo se uspjeti s autom progurati pored njega. Pomislila sam \u010dak da \u0107emo morati polako voziti iza njega cijelim putem natrag, ali se konj odjednom uspeo na stra\u017enje noge te sko\u010dio na povi\u0161eni dio zemlje pored ceste.<\/p>\n\n\n\n<figure class=\"wp-block-image size-wordpress-medium-gallery\"><img loading=\"lazy\" decoding=\"async\" width=\"500\" height=\"250\" src=\"https:\/\/oikon.hr\/cms\/wp-content\/uploads\/2023\/08\/Picture15-500x250.jpg\" alt=\"\" class=\"wp-image-8796\"\/><\/figure>\n\n\n\n<p>Na povratku sam priznala Neli da mi je bilo dosta naporno hodati okolo po brdima naro\u010dito kad se zbroji i hodanje planinarskom stazom do skloni\u0161ta s te\u0161kim ruksakom. Ona se nasmijala i rekla da je ovo bio jedan od lak\u0161ih terena. Eto, unato\u010d tome \u0161to se mogu pohvaliti dobrom trenuta\u010dnom kondicijom ste\u010denom na raznim planinarskim pohodima, ipak se o\u010dito ne mogu mjeriti s biolozima. Tajna posebnosti terenskog rada je otkrivena. Unato\u010d iscrpljenosti, neispavanosti i strahu od medvjeda, zmija i ostalog \u0161to se mo\u017ee na\u0107i na planinama, bilo je ovo jedno predivno i nezaboravno iskustvo koje \u0107ete ipak morati iskusiti na svojoj ko\u017ei ako \u017eelite ste\u0107i pravi dojam a do tada mo\u017eete u\u017eivati u divnim prizorima na fotografijama s ovog terena.<\/p>\n\n\n\n<figure class=\"wp-block-image size-wordpress-medium-gallery\"><img loading=\"lazy\" decoding=\"async\" width=\"500\" height=\"250\" src=\"https:\/\/oikon.hr\/cms\/wp-content\/uploads\/2023\/08\/Picture3-500x250.jpg\" alt=\"\" class=\"wp-image-8770\"\/><\/figure>\n\n\n\n<p>Autor:<\/p>\n\n\n<div class=\"wp-block-image\">\n<figure class=\"alignleft\"><img loading=\"lazy\" decoding=\"async\" width=\"127\" height=\"150\" src=\"https:\/\/oikon.hr\/cms\/wp-content\/uploads\/2021\/02\/Mia-Vucevac-mala-127x150.jpg\" alt=\"\" class=\"wp-image-5934\" srcset=\"https:\/\/oikon.hr\/cms\/wp-content\/uploads\/2021\/02\/Mia-Vucevac-mala-127x150.jpg 127w, https:\/\/oikon.hr\/cms\/wp-content\/uploads\/2021\/02\/Mia-Vucevac-mala-253x300.jpg 253w, https:\/\/oikon.hr\/cms\/wp-content\/uploads\/2021\/02\/Mia-Vucevac-mala.jpg 447w\" sizes=\"auto, (max-width: 127px) 100vw, 127px\" \/><\/figure>\n<\/div>\n\n\n<p><strong>Mia Vu\u010devac, mag. iur.<\/strong><\/p>\n\n\n\n<p>Stru\u010dna suradnica u Zavodu za pravo, politiku i ekonomiju okoli\u0161a<\/p>\n","protected":false},"excerpt":{"rendered":"<p>16. kolovoza 2023. &#8211; Od kada sam po\u010dela raditi u Oikonu slu\u0161am kolege prirodoslovnih struka kako pri\u010daju o radu na terenu. Iz njihovih pri\u010da dobila sam dojam da je taj teren ne\u0161to zaista posebno. \u0160tovi\u0161e, terenski rad za njih je glavni razlog zbog kojeg rade u Oikonu. Svi su se slo\u017eili da je izvrsna atmosfera &hellip; <a href=\"https:\/\/oikon.hr\/hr\/blog-na-terenu-s-biologom\/\">Saznajte vi\u0161e<\/a><\/p>\n","protected":false},"author":2,"featured_media":8767,"comment_status":"open","ping_status":"open","sticky":false,"template":"","format":"standard","meta":{"_acf_changed":false,"footnotes":""},"categories":[798],"tags":[1589,2177,955,835],"class_list":["post-8764","post","type-post","status-publish","format-standard","has-post-thumbnail","hentry","category-vijesti","tag-mia-vucevac-hr","tag-na-terenu-s-biologom","tag-nela-jantol-hr","tag-oikon-hr"],"acf":[],"yoast_head":"<!-- This site is optimized with the Yoast SEO plugin v27.0 - https:\/\/yoast.com\/product\/yoast-seo-wordpress\/ -->\n<title>Blog: Na terenu s biologom &#8211; Oikon d.o.o.<\/title>\n<meta name=\"description\" content=\"16. kolovoza 2023. - Od kada sam po\u010dela raditi u Oikonu slu\u0161am kolege prirodoslovnih struka kako pri\u010daju o radu na terenu. Iz njihovih pri\u010da dobila sam\" \/>\n<meta name=\"robots\" content=\"index, follow, max-snippet:-1, max-image-preview:large, max-video-preview:-1\" \/>\n<link rel=\"canonical\" href=\"https:\/\/oikon.hr\/hr\/blog-na-terenu-s-biologom\/\" \/>\n<meta property=\"og:locale\" content=\"hr_HR\" \/>\n<meta property=\"og:type\" content=\"article\" \/>\n<meta property=\"og:title\" content=\"Blog: Na terenu s biologom &#8211; Oikon d.o.o.\" \/>\n<meta property=\"og:description\" content=\"16. kolovoza 2023. - Od kada sam po\u010dela raditi u Oikonu slu\u0161am kolege prirodoslovnih struka kako pri\u010daju o radu na terenu. Iz njihovih pri\u010da dobila sam\" \/>\n<meta property=\"og:url\" content=\"https:\/\/oikon.hr\/hr\/blog-na-terenu-s-biologom\/\" \/>\n<meta property=\"og:site_name\" content=\"Oikon d.o.o.\" \/>\n<meta property=\"article:publisher\" content=\"http:\/\/www.facebook.com\/OikonLtd\/\" \/>\n<meta property=\"article:published_time\" content=\"2023-08-16T13:48:21+00:00\" \/>\n<meta property=\"article:modified_time\" content=\"2023-08-16T14:01:58+00:00\" \/>\n<meta property=\"og:image\" content=\"https:\/\/oikon.hr\/cms\/wp-content\/uploads\/2023\/08\/Picture2.jpg\" \/>\n\t<meta property=\"og:image:width\" content=\"419\" \/>\n\t<meta property=\"og:image:height\" content=\"559\" \/>\n\t<meta property=\"og:image:type\" content=\"image\/jpeg\" \/>\n<meta name=\"author\" content=\"oikonadministracija\" \/>\n<meta name=\"twitter:card\" content=\"summary_large_image\" \/>\n<meta name=\"twitter:creator\" content=\"@OikonLtd\" \/>\n<meta name=\"twitter:site\" content=\"@OikonLtd\" \/>\n<meta name=\"twitter:label1\" content=\"Written by\" \/>\n\t<meta name=\"twitter:data1\" content=\"oikonadministracija\" \/>\n\t<meta name=\"twitter:label2\" content=\"Est. reading time\" \/>\n\t<meta name=\"twitter:data2\" content=\"11 minutes\" \/>\n<script type=\"application\/ld+json\" class=\"yoast-schema-graph\">{\"@context\":\"https:\/\/schema.org\",\"@graph\":[{\"@type\":\"Article\",\"@id\":\"https:\/\/oikon.hr\/hr\/blog-na-terenu-s-biologom\/#article\",\"isPartOf\":{\"@id\":\"https:\/\/oikon.hr\/hr\/blog-na-terenu-s-biologom\/\"},\"author\":{\"name\":\"oikonadministracija\",\"@id\":\"https:\/\/oikon.hr\/#\/schema\/person\/4fb14a46c1071083d5de459c14a82f7c\"},\"headline\":\"Blog: Na terenu s biologom\",\"datePublished\":\"2023-08-16T13:48:21+00:00\",\"dateModified\":\"2023-08-16T14:01:58+00:00\",\"mainEntityOfPage\":{\"@id\":\"https:\/\/oikon.hr\/hr\/blog-na-terenu-s-biologom\/\"},\"wordCount\":2051,\"commentCount\":0,\"publisher\":{\"@id\":\"https:\/\/oikon.hr\/#organization\"},\"image\":{\"@id\":\"https:\/\/oikon.hr\/hr\/blog-na-terenu-s-biologom\/#primaryimage\"},\"thumbnailUrl\":\"https:\/\/oikon.hr\/cms\/wp-content\/uploads\/2023\/08\/Picture2.jpg\",\"keywords\":[\"Mia Vu\u010devac\",\"Na terenu s biologom\",\"Nela Jantol\",\"oikon\"],\"articleSection\":[\"VIJESTI\"],\"inLanguage\":\"hr-HR\",\"potentialAction\":[{\"@type\":\"CommentAction\",\"name\":\"Comment\",\"target\":[\"https:\/\/oikon.hr\/hr\/blog-na-terenu-s-biologom\/#respond\"]}]},{\"@type\":\"WebPage\",\"@id\":\"https:\/\/oikon.hr\/hr\/blog-na-terenu-s-biologom\/\",\"url\":\"https:\/\/oikon.hr\/hr\/blog-na-terenu-s-biologom\/\",\"name\":\"Blog: Na terenu s biologom &#8211; Oikon d.o.o.\",\"isPartOf\":{\"@id\":\"https:\/\/oikon.hr\/#website\"},\"primaryImageOfPage\":{\"@id\":\"https:\/\/oikon.hr\/hr\/blog-na-terenu-s-biologom\/#primaryimage\"},\"image\":{\"@id\":\"https:\/\/oikon.hr\/hr\/blog-na-terenu-s-biologom\/#primaryimage\"},\"thumbnailUrl\":\"https:\/\/oikon.hr\/cms\/wp-content\/uploads\/2023\/08\/Picture2.jpg\",\"datePublished\":\"2023-08-16T13:48:21+00:00\",\"dateModified\":\"2023-08-16T14:01:58+00:00\",\"description\":\"16. kolovoza 2023. - Od kada sam po\u010dela raditi u Oikonu slu\u0161am kolege prirodoslovnih struka kako pri\u010daju o radu na terenu. Iz njihovih pri\u010da dobila sam\",\"breadcrumb\":{\"@id\":\"https:\/\/oikon.hr\/hr\/blog-na-terenu-s-biologom\/#breadcrumb\"},\"inLanguage\":\"hr-HR\",\"potentialAction\":[{\"@type\":\"ReadAction\",\"target\":[\"https:\/\/oikon.hr\/hr\/blog-na-terenu-s-biologom\/\"]}]},{\"@type\":\"ImageObject\",\"inLanguage\":\"hr-HR\",\"@id\":\"https:\/\/oikon.hr\/hr\/blog-na-terenu-s-biologom\/#primaryimage\",\"url\":\"https:\/\/oikon.hr\/cms\/wp-content\/uploads\/2023\/08\/Picture2.jpg\",\"contentUrl\":\"https:\/\/oikon.hr\/cms\/wp-content\/uploads\/2023\/08\/Picture2.jpg\",\"width\":419,\"height\":559},{\"@type\":\"BreadcrumbList\",\"@id\":\"https:\/\/oikon.hr\/hr\/blog-na-terenu-s-biologom\/#breadcrumb\",\"itemListElement\":[{\"@type\":\"ListItem\",\"position\":1,\"name\":\"\",\"item\":\"https:\/\/oikon.hr\/hr\/\"},{\"@type\":\"ListItem\",\"position\":2,\"name\":\"VIJESTI\",\"item\":\"https:\/\/oikon.hr\/hr\/topic\/vijesti\/\"},{\"@type\":\"ListItem\",\"position\":3,\"name\":\"Blog: Na terenu s biologom\"}]},{\"@type\":\"WebSite\",\"@id\":\"https:\/\/oikon.hr\/#website\",\"url\":\"https:\/\/oikon.hr\/\",\"name\":\"Oikon d.o.o.\",\"description\":\"Institut za primijenjenu ekologiju\",\"publisher\":{\"@id\":\"https:\/\/oikon.hr\/#organization\"},\"alternateName\":\"OIKON\",\"potentialAction\":[{\"@type\":\"SearchAction\",\"target\":{\"@type\":\"EntryPoint\",\"urlTemplate\":\"https:\/\/oikon.hr\/?s={search_term_string}\"},\"query-input\":{\"@type\":\"PropertyValueSpecification\",\"valueRequired\":true,\"valueName\":\"search_term_string\"}}],\"inLanguage\":\"hr-HR\"},{\"@type\":\"Organization\",\"@id\":\"https:\/\/oikon.hr\/#organization\",\"name\":\"Oikon d.o.o. - Institut za primijenjenu ekologiju\",\"alternateName\":\"OIKON\",\"url\":\"https:\/\/oikon.hr\/\",\"logo\":{\"@type\":\"ImageObject\",\"inLanguage\":\"hr-HR\",\"@id\":\"https:\/\/oikon.hr\/#\/schema\/logo\/image\/\",\"url\":\"https:\/\/oikon.hr\/cms\/wp-content\/uploads\/2021\/01\/OIKON_R_logo_transparent.png\",\"contentUrl\":\"https:\/\/oikon.hr\/cms\/wp-content\/uploads\/2021\/01\/OIKON_R_logo_transparent.png\",\"width\":1660,\"height\":541,\"caption\":\"Oikon d.o.o. - Institut za primijenjenu ekologiju\"},\"image\":{\"@id\":\"https:\/\/oikon.hr\/#\/schema\/logo\/image\/\"},\"sameAs\":[\"http:\/\/www.facebook.com\/OikonLtd\/\",\"https:\/\/x.com\/OikonLtd\",\"https:\/\/www.instagram.com\/oikon_ltd\/\",\"https:\/\/www.linkedin.com\/company\/oikon---institute-for-applied-technology\/\",\"https:\/\/www.youtube.com\/channel\/UCu_eJ0ct90AEN8D85KWcRHQ\"]},{\"@type\":\"Person\",\"@id\":\"https:\/\/oikon.hr\/#\/schema\/person\/4fb14a46c1071083d5de459c14a82f7c\",\"name\":\"oikonadministracija\",\"image\":{\"@type\":\"ImageObject\",\"inLanguage\":\"hr-HR\",\"@id\":\"https:\/\/oikon.hr\/#\/schema\/person\/image\/\",\"url\":\"https:\/\/secure.gravatar.com\/avatar\/e247aba33e5428fc6a24bbca24b92af36ceafa9a824508df7d1d40391c5f0748?s=96&d=mm&r=g\",\"contentUrl\":\"https:\/\/secure.gravatar.com\/avatar\/e247aba33e5428fc6a24bbca24b92af36ceafa9a824508df7d1d40391c5f0748?s=96&d=mm&r=g\",\"caption\":\"oikonadministracija\"},\"url\":\"https:\/\/oikon.hr\/hr\/author\/oikonadministracija\/\"}]}<\/script>\n<!-- \/ Yoast SEO plugin. -->","yoast_head_json":{"title":"Blog: Na terenu s biologom &#8211; Oikon d.o.o.","description":"16. kolovoza 2023. - Od kada sam po\u010dela raditi u Oikonu slu\u0161am kolege prirodoslovnih struka kako pri\u010daju o radu na terenu. Iz njihovih pri\u010da dobila sam","robots":{"index":"index","follow":"follow","max-snippet":"max-snippet:-1","max-image-preview":"max-image-preview:large","max-video-preview":"max-video-preview:-1"},"canonical":"https:\/\/oikon.hr\/hr\/blog-na-terenu-s-biologom\/","og_locale":"hr_HR","og_type":"article","og_title":"Blog: Na terenu s biologom &#8211; Oikon d.o.o.","og_description":"16. kolovoza 2023. - Od kada sam po\u010dela raditi u Oikonu slu\u0161am kolege prirodoslovnih struka kako pri\u010daju o radu na terenu. Iz njihovih pri\u010da dobila sam","og_url":"https:\/\/oikon.hr\/hr\/blog-na-terenu-s-biologom\/","og_site_name":"Oikon d.o.o.","article_publisher":"http:\/\/www.facebook.com\/OikonLtd\/","article_published_time":"2023-08-16T13:48:21+00:00","article_modified_time":"2023-08-16T14:01:58+00:00","og_image":[{"width":419,"height":559,"url":"https:\/\/oikon.hr\/cms\/wp-content\/uploads\/2023\/08\/Picture2.jpg","type":"image\/jpeg"}],"author":"oikonadministracija","twitter_card":"summary_large_image","twitter_creator":"@OikonLtd","twitter_site":"@OikonLtd","twitter_misc":{"Written by":"oikonadministracija","Est. reading time":"11 minutes"},"schema":{"@context":"https:\/\/schema.org","@graph":[{"@type":"Article","@id":"https:\/\/oikon.hr\/hr\/blog-na-terenu-s-biologom\/#article","isPartOf":{"@id":"https:\/\/oikon.hr\/hr\/blog-na-terenu-s-biologom\/"},"author":{"name":"oikonadministracija","@id":"https:\/\/oikon.hr\/#\/schema\/person\/4fb14a46c1071083d5de459c14a82f7c"},"headline":"Blog: Na terenu s biologom","datePublished":"2023-08-16T13:48:21+00:00","dateModified":"2023-08-16T14:01:58+00:00","mainEntityOfPage":{"@id":"https:\/\/oikon.hr\/hr\/blog-na-terenu-s-biologom\/"},"wordCount":2051,"commentCount":0,"publisher":{"@id":"https:\/\/oikon.hr\/#organization"},"image":{"@id":"https:\/\/oikon.hr\/hr\/blog-na-terenu-s-biologom\/#primaryimage"},"thumbnailUrl":"https:\/\/oikon.hr\/cms\/wp-content\/uploads\/2023\/08\/Picture2.jpg","keywords":["Mia Vu\u010devac","Na terenu s biologom","Nela Jantol","oikon"],"articleSection":["VIJESTI"],"inLanguage":"hr-HR","potentialAction":[{"@type":"CommentAction","name":"Comment","target":["https:\/\/oikon.hr\/hr\/blog-na-terenu-s-biologom\/#respond"]}]},{"@type":"WebPage","@id":"https:\/\/oikon.hr\/hr\/blog-na-terenu-s-biologom\/","url":"https:\/\/oikon.hr\/hr\/blog-na-terenu-s-biologom\/","name":"Blog: Na terenu s biologom &#8211; Oikon d.o.o.","isPartOf":{"@id":"https:\/\/oikon.hr\/#website"},"primaryImageOfPage":{"@id":"https:\/\/oikon.hr\/hr\/blog-na-terenu-s-biologom\/#primaryimage"},"image":{"@id":"https:\/\/oikon.hr\/hr\/blog-na-terenu-s-biologom\/#primaryimage"},"thumbnailUrl":"https:\/\/oikon.hr\/cms\/wp-content\/uploads\/2023\/08\/Picture2.jpg","datePublished":"2023-08-16T13:48:21+00:00","dateModified":"2023-08-16T14:01:58+00:00","description":"16. kolovoza 2023. - Od kada sam po\u010dela raditi u Oikonu slu\u0161am kolege prirodoslovnih struka kako pri\u010daju o radu na terenu. Iz njihovih pri\u010da dobila sam","breadcrumb":{"@id":"https:\/\/oikon.hr\/hr\/blog-na-terenu-s-biologom\/#breadcrumb"},"inLanguage":"hr-HR","potentialAction":[{"@type":"ReadAction","target":["https:\/\/oikon.hr\/hr\/blog-na-terenu-s-biologom\/"]}]},{"@type":"ImageObject","inLanguage":"hr-HR","@id":"https:\/\/oikon.hr\/hr\/blog-na-terenu-s-biologom\/#primaryimage","url":"https:\/\/oikon.hr\/cms\/wp-content\/uploads\/2023\/08\/Picture2.jpg","contentUrl":"https:\/\/oikon.hr\/cms\/wp-content\/uploads\/2023\/08\/Picture2.jpg","width":419,"height":559},{"@type":"BreadcrumbList","@id":"https:\/\/oikon.hr\/hr\/blog-na-terenu-s-biologom\/#breadcrumb","itemListElement":[{"@type":"ListItem","position":1,"name":"","item":"https:\/\/oikon.hr\/hr\/"},{"@type":"ListItem","position":2,"name":"VIJESTI","item":"https:\/\/oikon.hr\/hr\/topic\/vijesti\/"},{"@type":"ListItem","position":3,"name":"Blog: Na terenu s biologom"}]},{"@type":"WebSite","@id":"https:\/\/oikon.hr\/#website","url":"https:\/\/oikon.hr\/","name":"Oikon d.o.o.","description":"Institut za primijenjenu ekologiju","publisher":{"@id":"https:\/\/oikon.hr\/#organization"},"alternateName":"OIKON","potentialAction":[{"@type":"SearchAction","target":{"@type":"EntryPoint","urlTemplate":"https:\/\/oikon.hr\/?s={search_term_string}"},"query-input":{"@type":"PropertyValueSpecification","valueRequired":true,"valueName":"search_term_string"}}],"inLanguage":"hr-HR"},{"@type":"Organization","@id":"https:\/\/oikon.hr\/#organization","name":"Oikon d.o.o. - Institut za primijenjenu ekologiju","alternateName":"OIKON","url":"https:\/\/oikon.hr\/","logo":{"@type":"ImageObject","inLanguage":"hr-HR","@id":"https:\/\/oikon.hr\/#\/schema\/logo\/image\/","url":"https:\/\/oikon.hr\/cms\/wp-content\/uploads\/2021\/01\/OIKON_R_logo_transparent.png","contentUrl":"https:\/\/oikon.hr\/cms\/wp-content\/uploads\/2021\/01\/OIKON_R_logo_transparent.png","width":1660,"height":541,"caption":"Oikon d.o.o. - Institut za primijenjenu ekologiju"},"image":{"@id":"https:\/\/oikon.hr\/#\/schema\/logo\/image\/"},"sameAs":["http:\/\/www.facebook.com\/OikonLtd\/","https:\/\/x.com\/OikonLtd","https:\/\/www.instagram.com\/oikon_ltd\/","https:\/\/www.linkedin.com\/company\/oikon---institute-for-applied-technology\/","https:\/\/www.youtube.com\/channel\/UCu_eJ0ct90AEN8D85KWcRHQ"]},{"@type":"Person","@id":"https:\/\/oikon.hr\/#\/schema\/person\/4fb14a46c1071083d5de459c14a82f7c","name":"oikonadministracija","image":{"@type":"ImageObject","inLanguage":"hr-HR","@id":"https:\/\/oikon.hr\/#\/schema\/person\/image\/","url":"https:\/\/secure.gravatar.com\/avatar\/e247aba33e5428fc6a24bbca24b92af36ceafa9a824508df7d1d40391c5f0748?s=96&d=mm&r=g","contentUrl":"https:\/\/secure.gravatar.com\/avatar\/e247aba33e5428fc6a24bbca24b92af36ceafa9a824508df7d1d40391c5f0748?s=96&d=mm&r=g","caption":"oikonadministracija"},"url":"https:\/\/oikon.hr\/hr\/author\/oikonadministracija\/"}]}},"_links":{"self":[{"href":"https:\/\/oikon.hr\/hr\/wp-json\/wp\/v2\/posts\/8764","targetHints":{"allow":["GET"]}}],"collection":[{"href":"https:\/\/oikon.hr\/hr\/wp-json\/wp\/v2\/posts"}],"about":[{"href":"https:\/\/oikon.hr\/hr\/wp-json\/wp\/v2\/types\/post"}],"author":[{"embeddable":true,"href":"https:\/\/oikon.hr\/hr\/wp-json\/wp\/v2\/users\/2"}],"replies":[{"embeddable":true,"href":"https:\/\/oikon.hr\/hr\/wp-json\/wp\/v2\/comments?post=8764"}],"version-history":[{"count":5,"href":"https:\/\/oikon.hr\/hr\/wp-json\/wp\/v2\/posts\/8764\/revisions"}],"predecessor-version":[{"id":8807,"href":"https:\/\/oikon.hr\/hr\/wp-json\/wp\/v2\/posts\/8764\/revisions\/8807"}],"wp:featuredmedia":[{"embeddable":true,"href":"https:\/\/oikon.hr\/hr\/wp-json\/wp\/v2\/media\/8767"}],"wp:attachment":[{"href":"https:\/\/oikon.hr\/hr\/wp-json\/wp\/v2\/media?parent=8764"}],"wp:term":[{"taxonomy":"category","embeddable":true,"href":"https:\/\/oikon.hr\/hr\/wp-json\/wp\/v2\/categories?post=8764"},{"taxonomy":"post_tag","embeddable":true,"href":"https:\/\/oikon.hr\/hr\/wp-json\/wp\/v2\/tags?post=8764"}],"curies":[{"name":"wp","href":"https:\/\/api.w.org\/{rel}","templated":true}]}}