{"id":8825,"date":"2023-09-16T22:00:00","date_gmt":"2023-09-16T20:00:00","guid":{"rendered":"https:\/\/oikon.hr\/rocking-the-world-of-sustainability-the-oikon-story\/"},"modified":"2023-09-16T22:10:22","modified_gmt":"2023-09-16T20:10:22","slug":"rocking-the-world-of-sustainability-the-oikon-story","status":"publish","type":"post","link":"https:\/\/oikon.hr\/hr\/rocking-the-world-of-sustainability-the-oikon-story\/","title":{"rendered":"Rocking the World of Sustainability &#8211; pri\u010da o Oikonu"},"content":{"rendered":"\n<p>16. rujna 2023. &#8211; Ostalo je jo\u0161 samo dva dana do po\u010detka konferencije 7th Conference on Wind energy and Wildlife impacts &#8211; CWW 2023. Kao organizatori konferencije, drago nam je predstaviti se sudionicima videom koji prikazuje pravu bit Oikona i pri\u010du koja je nastala u duhu rock and rolla, oblikovana otporno\u0161\u0107u i vo\u0111ena obe\u0107anjem zelenije budu\u0107nosti.<\/p>\n\n\n\n<p><\/p>\n\n\n\n<figure class=\"wp-block-embed is-type-video is-provider-youtube wp-block-embed-youtube wp-embed-aspect-16-9 wp-has-aspect-ratio\"><div class=\"wp-block-embed__wrapper\">\n<iframe loading=\"lazy\" title=\"Rocking the World of Sustainability - The OIKON Story\" width=\"500\" height=\"281\" src=\"https:\/\/www.youtube.com\/embed\/ezT5kPbqRW0?feature=oembed\" frameborder=\"0\" allow=\"accelerometer; autoplay; clipboard-write; encrypted-media; gyroscope; picture-in-picture; web-share\" referrerpolicy=\"strict-origin-when-cross-origin\" allowfullscreen><\/iframe>\n<\/div><\/figure>\n\n\n\n<p><\/p>\n\n\n\n<p>Jer mi \u201drokamo\u201d svijet odr\u017eivosti \u2013 takt po takt!<\/p>\n","protected":false},"excerpt":{"rendered":"<p>16. rujna 2023. &#8211; Ostalo je jo\u0161 samo dva dana do po\u010detka konferencije 7th Conference on Wind energy and Wildlife impacts &#8211; CWW 2023. Kao organizatori konferencije, drago nam je predstaviti se sudionicima videom koji prikazuje pravu bit Oikona i pri\u010du koja je nastala u duhu rock and rolla, oblikovana otporno\u0161\u0107u i vo\u0111ena obe\u0107anjem zelenije &hellip; <a href=\"https:\/\/oikon.hr\/hr\/rocking-the-world-of-sustainability-the-oikon-story\/\">Saznajte vi\u0161e<\/a><\/p>\n","protected":false},"author":2,"featured_media":8823,"comment_status":"open","ping_status":"open","sticky":false,"template":"","format":"standard","meta":{"_acf_changed":false,"footnotes":""},"categories":[798],"tags":[2180,839,1388,1791,835,1797,1759,2181,1841,1917],"class_list":["post-8825","post","type-post","status-publish","format-standard","has-post-thumbnail","hentry","category-vijesti","tag-company-video-hr","tag-ecology-hr","tag-obnovljivi-izvori-energije-2","tag-odrzivost","tag-oikon-hr","tag-oikon-team-hr","tag-renewable-energy-hr","tag-rock-and-roll-company-hr","tag-sustainability-2","tag-wind-energy-hr"],"acf":[],"yoast_head":"<!-- This site is optimized with the Yoast SEO plugin v27.0 - https:\/\/yoast.com\/product\/yoast-seo-wordpress\/ -->\n<title>Rocking the World of Sustainability - pri\u010da o Oikonu &#8211; Oikon d.o.o.<\/title>\n<meta name=\"description\" content=\"16. rujna 2023. - Ostalo je jo\u0161 samo dva dana do po\u010detka konferencije 7th Conference on Wind energy and Wildlife impacts - CWW 2023. Kao organizatori\" \/>\n<meta name=\"robots\" content=\"index, follow, max-snippet:-1, max-image-preview:large, max-video-preview:-1\" \/>\n<link rel=\"canonical\" href=\"https:\/\/oikon.hr\/hr\/rocking-the-world-of-sustainability-the-oikon-story\/\" \/>\n<meta property=\"og:locale\" content=\"hr_HR\" \/>\n<meta property=\"og:type\" content=\"article\" \/>\n<meta property=\"og:title\" content=\"Rocking the World of Sustainability - pri\u010da o Oikonu &#8211; Oikon d.o.o.\" \/>\n<meta property=\"og:description\" content=\"16. rujna 2023. - Ostalo je jo\u0161 samo dva dana do po\u010detka konferencije 7th Conference on Wind energy and Wildlife impacts - CWW 2023. Kao organizatori\" \/>\n<meta property=\"og:url\" content=\"https:\/\/oikon.hr\/hr\/rocking-the-world-of-sustainability-the-oikon-story\/\" \/>\n<meta property=\"og:site_name\" content=\"Oikon d.o.o.\" \/>\n<meta property=\"article:publisher\" content=\"http:\/\/www.facebook.com\/OikonLtd\/\" \/>\n<meta property=\"article:published_time\" content=\"2023-09-16T20:00:00+00:00\" \/>\n<meta property=\"article:modified_time\" content=\"2023-09-16T20:10:22+00:00\" \/>\n<meta property=\"og:image\" content=\"https:\/\/oikon.hr\/cms\/wp-content\/uploads\/2023\/09\/Oikon-video-thumbnail.jpg\" \/>\n\t<meta property=\"og:image:width\" content=\"1667\" \/>\n\t<meta property=\"og:image:height\" content=\"820\" \/>\n\t<meta property=\"og:image:type\" content=\"image\/jpeg\" \/>\n<meta name=\"author\" content=\"oikonadministracija\" \/>\n<meta name=\"twitter:card\" content=\"summary_large_image\" \/>\n<meta name=\"twitter:creator\" content=\"@OikonLtd\" \/>\n<meta name=\"twitter:site\" content=\"@OikonLtd\" \/>\n<meta name=\"twitter:label1\" content=\"Written by\" \/>\n\t<meta name=\"twitter:data1\" content=\"oikonadministracija\" \/>\n\t<meta name=\"twitter:label2\" content=\"Est. reading time\" \/>\n\t<meta name=\"twitter:data2\" content=\"1 minute\" \/>\n<script type=\"application\/ld+json\" class=\"yoast-schema-graph\">{\"@context\":\"https:\/\/schema.org\",\"@graph\":[{\"@type\":\"Article\",\"@id\":\"https:\/\/oikon.hr\/hr\/rocking-the-world-of-sustainability-the-oikon-story\/#article\",\"isPartOf\":{\"@id\":\"https:\/\/oikon.hr\/hr\/rocking-the-world-of-sustainability-the-oikon-story\/\"},\"author\":{\"name\":\"oikonadministracija\",\"@id\":\"https:\/\/oikon.hr\/#\/schema\/person\/4fb14a46c1071083d5de459c14a82f7c\"},\"headline\":\"Rocking the World of Sustainability &#8211; pri\u010da o Oikonu\",\"datePublished\":\"2023-09-16T20:00:00+00:00\",\"dateModified\":\"2023-09-16T20:10:22+00:00\",\"mainEntityOfPage\":{\"@id\":\"https:\/\/oikon.hr\/hr\/rocking-the-world-of-sustainability-the-oikon-story\/\"},\"wordCount\":83,\"commentCount\":0,\"publisher\":{\"@id\":\"https:\/\/oikon.hr\/#organization\"},\"image\":{\"@id\":\"https:\/\/oikon.hr\/hr\/rocking-the-world-of-sustainability-the-oikon-story\/#primaryimage\"},\"thumbnailUrl\":\"https:\/\/oikon.hr\/cms\/wp-content\/uploads\/2023\/09\/Oikon-video-thumbnail.jpg\",\"keywords\":[\"company video\",\"ecology\",\"obnovljivi izvori energije\",\"odr\u017eivost\",\"oikon\",\"Oikon team\",\"renewable energy\",\"rock and roll company\",\"sustainability\",\"wind energy\"],\"articleSection\":[\"VIJESTI\"],\"inLanguage\":\"hr-HR\",\"potentialAction\":[{\"@type\":\"CommentAction\",\"name\":\"Comment\",\"target\":[\"https:\/\/oikon.hr\/hr\/rocking-the-world-of-sustainability-the-oikon-story\/#respond\"]}]},{\"@type\":\"WebPage\",\"@id\":\"https:\/\/oikon.hr\/hr\/rocking-the-world-of-sustainability-the-oikon-story\/\",\"url\":\"https:\/\/oikon.hr\/hr\/rocking-the-world-of-sustainability-the-oikon-story\/\",\"name\":\"Rocking the World of Sustainability - pri\u010da o Oikonu &#8211; Oikon d.o.o.\",\"isPartOf\":{\"@id\":\"https:\/\/oikon.hr\/#website\"},\"primaryImageOfPage\":{\"@id\":\"https:\/\/oikon.hr\/hr\/rocking-the-world-of-sustainability-the-oikon-story\/#primaryimage\"},\"image\":{\"@id\":\"https:\/\/oikon.hr\/hr\/rocking-the-world-of-sustainability-the-oikon-story\/#primaryimage\"},\"thumbnailUrl\":\"https:\/\/oikon.hr\/cms\/wp-content\/uploads\/2023\/09\/Oikon-video-thumbnail.jpg\",\"datePublished\":\"2023-09-16T20:00:00+00:00\",\"dateModified\":\"2023-09-16T20:10:22+00:00\",\"description\":\"16. rujna 2023. - Ostalo je jo\u0161 samo dva dana do po\u010detka konferencije 7th Conference on Wind energy and Wildlife impacts - CWW 2023. Kao organizatori\",\"breadcrumb\":{\"@id\":\"https:\/\/oikon.hr\/hr\/rocking-the-world-of-sustainability-the-oikon-story\/#breadcrumb\"},\"inLanguage\":\"hr-HR\",\"potentialAction\":[{\"@type\":\"ReadAction\",\"target\":[\"https:\/\/oikon.hr\/hr\/rocking-the-world-of-sustainability-the-oikon-story\/\"]}]},{\"@type\":\"ImageObject\",\"inLanguage\":\"hr-HR\",\"@id\":\"https:\/\/oikon.hr\/hr\/rocking-the-world-of-sustainability-the-oikon-story\/#primaryimage\",\"url\":\"https:\/\/oikon.hr\/cms\/wp-content\/uploads\/2023\/09\/Oikon-video-thumbnail.jpg\",\"contentUrl\":\"https:\/\/oikon.hr\/cms\/wp-content\/uploads\/2023\/09\/Oikon-video-thumbnail.jpg\",\"width\":1667,\"height\":820},{\"@type\":\"BreadcrumbList\",\"@id\":\"https:\/\/oikon.hr\/hr\/rocking-the-world-of-sustainability-the-oikon-story\/#breadcrumb\",\"itemListElement\":[{\"@type\":\"ListItem\",\"position\":1,\"name\":\"\",\"item\":\"https:\/\/oikon.hr\/hr\/\"},{\"@type\":\"ListItem\",\"position\":2,\"name\":\"VIJESTI\",\"item\":\"https:\/\/oikon.hr\/hr\/topic\/vijesti\/\"},{\"@type\":\"ListItem\",\"position\":3,\"name\":\"Rocking the World of Sustainability &#8211; pri\u010da o Oikonu\"}]},{\"@type\":\"WebSite\",\"@id\":\"https:\/\/oikon.hr\/#website\",\"url\":\"https:\/\/oikon.hr\/\",\"name\":\"Oikon d.o.o.\",\"description\":\"Institut za primijenjenu ekologiju\",\"publisher\":{\"@id\":\"https:\/\/oikon.hr\/#organization\"},\"alternateName\":\"OIKON\",\"potentialAction\":[{\"@type\":\"SearchAction\",\"target\":{\"@type\":\"EntryPoint\",\"urlTemplate\":\"https:\/\/oikon.hr\/?s={search_term_string}\"},\"query-input\":{\"@type\":\"PropertyValueSpecification\",\"valueRequired\":true,\"valueName\":\"search_term_string\"}}],\"inLanguage\":\"hr-HR\"},{\"@type\":\"Organization\",\"@id\":\"https:\/\/oikon.hr\/#organization\",\"name\":\"Oikon d.o.o. - Institut za primijenjenu ekologiju\",\"alternateName\":\"OIKON\",\"url\":\"https:\/\/oikon.hr\/\",\"logo\":{\"@type\":\"ImageObject\",\"inLanguage\":\"hr-HR\",\"@id\":\"https:\/\/oikon.hr\/#\/schema\/logo\/image\/\",\"url\":\"https:\/\/oikon.hr\/cms\/wp-content\/uploads\/2021\/01\/OIKON_R_logo_transparent.png\",\"contentUrl\":\"https:\/\/oikon.hr\/cms\/wp-content\/uploads\/2021\/01\/OIKON_R_logo_transparent.png\",\"width\":1660,\"height\":541,\"caption\":\"Oikon d.o.o. - Institut za primijenjenu ekologiju\"},\"image\":{\"@id\":\"https:\/\/oikon.hr\/#\/schema\/logo\/image\/\"},\"sameAs\":[\"http:\/\/www.facebook.com\/OikonLtd\/\",\"https:\/\/x.com\/OikonLtd\",\"https:\/\/www.instagram.com\/oikon_ltd\/\",\"https:\/\/www.linkedin.com\/company\/oikon---institute-for-applied-technology\/\",\"https:\/\/www.youtube.com\/channel\/UCu_eJ0ct90AEN8D85KWcRHQ\"]},{\"@type\":\"Person\",\"@id\":\"https:\/\/oikon.hr\/#\/schema\/person\/4fb14a46c1071083d5de459c14a82f7c\",\"name\":\"oikonadministracija\",\"image\":{\"@type\":\"ImageObject\",\"inLanguage\":\"hr-HR\",\"@id\":\"https:\/\/oikon.hr\/#\/schema\/person\/image\/\",\"url\":\"https:\/\/secure.gravatar.com\/avatar\/e247aba33e5428fc6a24bbca24b92af36ceafa9a824508df7d1d40391c5f0748?s=96&d=mm&r=g\",\"contentUrl\":\"https:\/\/secure.gravatar.com\/avatar\/e247aba33e5428fc6a24bbca24b92af36ceafa9a824508df7d1d40391c5f0748?s=96&d=mm&r=g\",\"caption\":\"oikonadministracija\"},\"url\":\"https:\/\/oikon.hr\/hr\/author\/oikonadministracija\/\"}]}<\/script>\n<!-- \/ Yoast SEO plugin. -->","yoast_head_json":{"title":"Rocking the World of Sustainability - pri\u010da o Oikonu &#8211; Oikon d.o.o.","description":"16. rujna 2023. - Ostalo je jo\u0161 samo dva dana do po\u010detka konferencije 7th Conference on Wind energy and Wildlife impacts - CWW 2023. Kao organizatori","robots":{"index":"index","follow":"follow","max-snippet":"max-snippet:-1","max-image-preview":"max-image-preview:large","max-video-preview":"max-video-preview:-1"},"canonical":"https:\/\/oikon.hr\/hr\/rocking-the-world-of-sustainability-the-oikon-story\/","og_locale":"hr_HR","og_type":"article","og_title":"Rocking the World of Sustainability - pri\u010da o Oikonu &#8211; Oikon d.o.o.","og_description":"16. rujna 2023. - Ostalo je jo\u0161 samo dva dana do po\u010detka konferencije 7th Conference on Wind energy and Wildlife impacts - CWW 2023. Kao organizatori","og_url":"https:\/\/oikon.hr\/hr\/rocking-the-world-of-sustainability-the-oikon-story\/","og_site_name":"Oikon d.o.o.","article_publisher":"http:\/\/www.facebook.com\/OikonLtd\/","article_published_time":"2023-09-16T20:00:00+00:00","article_modified_time":"2023-09-16T20:10:22+00:00","og_image":[{"width":1667,"height":820,"url":"https:\/\/oikon.hr\/cms\/wp-content\/uploads\/2023\/09\/Oikon-video-thumbnail.jpg","type":"image\/jpeg"}],"author":"oikonadministracija","twitter_card":"summary_large_image","twitter_creator":"@OikonLtd","twitter_site":"@OikonLtd","twitter_misc":{"Written by":"oikonadministracija","Est. reading time":"1 minute"},"schema":{"@context":"https:\/\/schema.org","@graph":[{"@type":"Article","@id":"https:\/\/oikon.hr\/hr\/rocking-the-world-of-sustainability-the-oikon-story\/#article","isPartOf":{"@id":"https:\/\/oikon.hr\/hr\/rocking-the-world-of-sustainability-the-oikon-story\/"},"author":{"name":"oikonadministracija","@id":"https:\/\/oikon.hr\/#\/schema\/person\/4fb14a46c1071083d5de459c14a82f7c"},"headline":"Rocking the World of Sustainability &#8211; pri\u010da o Oikonu","datePublished":"2023-09-16T20:00:00+00:00","dateModified":"2023-09-16T20:10:22+00:00","mainEntityOfPage":{"@id":"https:\/\/oikon.hr\/hr\/rocking-the-world-of-sustainability-the-oikon-story\/"},"wordCount":83,"commentCount":0,"publisher":{"@id":"https:\/\/oikon.hr\/#organization"},"image":{"@id":"https:\/\/oikon.hr\/hr\/rocking-the-world-of-sustainability-the-oikon-story\/#primaryimage"},"thumbnailUrl":"https:\/\/oikon.hr\/cms\/wp-content\/uploads\/2023\/09\/Oikon-video-thumbnail.jpg","keywords":["company video","ecology","obnovljivi izvori energije","odr\u017eivost","oikon","Oikon team","renewable energy","rock and roll company","sustainability","wind energy"],"articleSection":["VIJESTI"],"inLanguage":"hr-HR","potentialAction":[{"@type":"CommentAction","name":"Comment","target":["https:\/\/oikon.hr\/hr\/rocking-the-world-of-sustainability-the-oikon-story\/#respond"]}]},{"@type":"WebPage","@id":"https:\/\/oikon.hr\/hr\/rocking-the-world-of-sustainability-the-oikon-story\/","url":"https:\/\/oikon.hr\/hr\/rocking-the-world-of-sustainability-the-oikon-story\/","name":"Rocking the World of Sustainability - pri\u010da o Oikonu &#8211; Oikon d.o.o.","isPartOf":{"@id":"https:\/\/oikon.hr\/#website"},"primaryImageOfPage":{"@id":"https:\/\/oikon.hr\/hr\/rocking-the-world-of-sustainability-the-oikon-story\/#primaryimage"},"image":{"@id":"https:\/\/oikon.hr\/hr\/rocking-the-world-of-sustainability-the-oikon-story\/#primaryimage"},"thumbnailUrl":"https:\/\/oikon.hr\/cms\/wp-content\/uploads\/2023\/09\/Oikon-video-thumbnail.jpg","datePublished":"2023-09-16T20:00:00+00:00","dateModified":"2023-09-16T20:10:22+00:00","description":"16. rujna 2023. - Ostalo je jo\u0161 samo dva dana do po\u010detka konferencije 7th Conference on Wind energy and Wildlife impacts - CWW 2023. Kao organizatori","breadcrumb":{"@id":"https:\/\/oikon.hr\/hr\/rocking-the-world-of-sustainability-the-oikon-story\/#breadcrumb"},"inLanguage":"hr-HR","potentialAction":[{"@type":"ReadAction","target":["https:\/\/oikon.hr\/hr\/rocking-the-world-of-sustainability-the-oikon-story\/"]}]},{"@type":"ImageObject","inLanguage":"hr-HR","@id":"https:\/\/oikon.hr\/hr\/rocking-the-world-of-sustainability-the-oikon-story\/#primaryimage","url":"https:\/\/oikon.hr\/cms\/wp-content\/uploads\/2023\/09\/Oikon-video-thumbnail.jpg","contentUrl":"https:\/\/oikon.hr\/cms\/wp-content\/uploads\/2023\/09\/Oikon-video-thumbnail.jpg","width":1667,"height":820},{"@type":"BreadcrumbList","@id":"https:\/\/oikon.hr\/hr\/rocking-the-world-of-sustainability-the-oikon-story\/#breadcrumb","itemListElement":[{"@type":"ListItem","position":1,"name":"","item":"https:\/\/oikon.hr\/hr\/"},{"@type":"ListItem","position":2,"name":"VIJESTI","item":"https:\/\/oikon.hr\/hr\/topic\/vijesti\/"},{"@type":"ListItem","position":3,"name":"Rocking the World of Sustainability &#8211; pri\u010da o Oikonu"}]},{"@type":"WebSite","@id":"https:\/\/oikon.hr\/#website","url":"https:\/\/oikon.hr\/","name":"Oikon d.o.o.","description":"Institut za primijenjenu ekologiju","publisher":{"@id":"https:\/\/oikon.hr\/#organization"},"alternateName":"OIKON","potentialAction":[{"@type":"SearchAction","target":{"@type":"EntryPoint","urlTemplate":"https:\/\/oikon.hr\/?s={search_term_string}"},"query-input":{"@type":"PropertyValueSpecification","valueRequired":true,"valueName":"search_term_string"}}],"inLanguage":"hr-HR"},{"@type":"Organization","@id":"https:\/\/oikon.hr\/#organization","name":"Oikon d.o.o. - Institut za primijenjenu ekologiju","alternateName":"OIKON","url":"https:\/\/oikon.hr\/","logo":{"@type":"ImageObject","inLanguage":"hr-HR","@id":"https:\/\/oikon.hr\/#\/schema\/logo\/image\/","url":"https:\/\/oikon.hr\/cms\/wp-content\/uploads\/2021\/01\/OIKON_R_logo_transparent.png","contentUrl":"https:\/\/oikon.hr\/cms\/wp-content\/uploads\/2021\/01\/OIKON_R_logo_transparent.png","width":1660,"height":541,"caption":"Oikon d.o.o. - Institut za primijenjenu ekologiju"},"image":{"@id":"https:\/\/oikon.hr\/#\/schema\/logo\/image\/"},"sameAs":["http:\/\/www.facebook.com\/OikonLtd\/","https:\/\/x.com\/OikonLtd","https:\/\/www.instagram.com\/oikon_ltd\/","https:\/\/www.linkedin.com\/company\/oikon---institute-for-applied-technology\/","https:\/\/www.youtube.com\/channel\/UCu_eJ0ct90AEN8D85KWcRHQ"]},{"@type":"Person","@id":"https:\/\/oikon.hr\/#\/schema\/person\/4fb14a46c1071083d5de459c14a82f7c","name":"oikonadministracija","image":{"@type":"ImageObject","inLanguage":"hr-HR","@id":"https:\/\/oikon.hr\/#\/schema\/person\/image\/","url":"https:\/\/secure.gravatar.com\/avatar\/e247aba33e5428fc6a24bbca24b92af36ceafa9a824508df7d1d40391c5f0748?s=96&d=mm&r=g","contentUrl":"https:\/\/secure.gravatar.com\/avatar\/e247aba33e5428fc6a24bbca24b92af36ceafa9a824508df7d1d40391c5f0748?s=96&d=mm&r=g","caption":"oikonadministracija"},"url":"https:\/\/oikon.hr\/hr\/author\/oikonadministracija\/"}]}},"_links":{"self":[{"href":"https:\/\/oikon.hr\/hr\/wp-json\/wp\/v2\/posts\/8825","targetHints":{"allow":["GET"]}}],"collection":[{"href":"https:\/\/oikon.hr\/hr\/wp-json\/wp\/v2\/posts"}],"about":[{"href":"https:\/\/oikon.hr\/hr\/wp-json\/wp\/v2\/types\/post"}],"author":[{"embeddable":true,"href":"https:\/\/oikon.hr\/hr\/wp-json\/wp\/v2\/users\/2"}],"replies":[{"embeddable":true,"href":"https:\/\/oikon.hr\/hr\/wp-json\/wp\/v2\/comments?post=8825"}],"version-history":[{"count":1,"href":"https:\/\/oikon.hr\/hr\/wp-json\/wp\/v2\/posts\/8825\/revisions"}],"predecessor-version":[{"id":8827,"href":"https:\/\/oikon.hr\/hr\/wp-json\/wp\/v2\/posts\/8825\/revisions\/8827"}],"wp:featuredmedia":[{"embeddable":true,"href":"https:\/\/oikon.hr\/hr\/wp-json\/wp\/v2\/media\/8823"}],"wp:attachment":[{"href":"https:\/\/oikon.hr\/hr\/wp-json\/wp\/v2\/media?parent=8825"}],"wp:term":[{"taxonomy":"category","embeddable":true,"href":"https:\/\/oikon.hr\/hr\/wp-json\/wp\/v2\/categories?post=8825"},{"taxonomy":"post_tag","embeddable":true,"href":"https:\/\/oikon.hr\/hr\/wp-json\/wp\/v2\/tags?post=8825"}],"curies":[{"name":"wp","href":"https:\/\/api.w.org\/{rel}","templated":true}]}}