{"id":9731,"date":"2023-08-01T15:03:00","date_gmt":"2023-08-01T13:03:00","guid":{"rendered":"https:\/\/oikon.hr\/environmental-and-social-due-diligence-esdd-for-the-solar-power-plant-spp-pelegrin-phase-i\/"},"modified":"2023-12-01T15:12:20","modified_gmt":"2023-12-01T14:12:20","slug":"dubinska-analiza-okolisnih-i-drustvenih-aspekata-projekta-solarne-elektrane-se-pelegrin-faza-i","status":"publish","type":"post","link":"https:\/\/oikon.hr\/hr\/dubinska-analiza-okolisnih-i-drustvenih-aspekata-projekta-solarne-elektrane-se-pelegrin-faza-i\/","title":{"rendered":"Dubinska analiza okoli\u0161nih i dru\u0161tvenih aspekata projekta solarne elektrane (SE) Pelegrin, faza I"},"content":{"rendered":"\n<p><strong>Naziv projekta:\u00a0<\/strong>Dubinska analiza okoli\u0161nih i dru\u0161tvenih aspekata projekta solarne elektrane (SE) Pelegrin, faza I<\/p>\n\n\n\n<p><strong>Klijent:<\/strong>\u00a04 ENCRO<br><strong>Trajanje:\u00a0<\/strong>07\/2022 \u2013 04\/2023<br><strong>Lokacija:<\/strong>\u00a0Hrvatska<\/p>\n\n\n\n<hr class=\"wp-block-separator has-alpha-channel-opacity\"\/>\n\n\n\n<p>Cilj usluge bio je analizirati potencijalno zna\u010dajne postoje\u0107e i budu\u0107e \u0161tetne okoli\u0161ne i dru\u0161tvene utjecaje povezane s predlo\u017eenim projektom solarne elektrane Pelegrin, faza I, procijeniti uskla\u0111enost s primjenjivim zakonima i Okoli\u0161nom i dru\u0161tvenom politikom Europske banke za obnovu i razvoj (EBRD) i Zahtjevima za izvedbu kao i drugim standardima potencijalnih zajmodavaca (Okoli\u0161ni i dru\u0161tveni standardi Svjetske banke), utvrditi mjere potrebne za sprje\u010davanje ili smanjenje i ubla\u017eavanje \u0161tetnih utjecaja, te identificirati potencijalne utjecaje na dru\u0161tvo i okoli\u0161, uklju\u010duju\u0107i one koje bi pobolj\u0161ale okoli\u0161nu i dru\u0161tvenu odr\u017eivost Projekta.<\/p>\n\n\n\n<figure class=\"wp-block-image size-wordpress-medium-gallery\"><img loading=\"lazy\" decoding=\"async\" width=\"500\" height=\"250\" src=\"https:\/\/oikon.hr\/cms\/wp-content\/uploads\/2023\/12\/Solar-panels_sky-500x250.jpg\" alt=\"\" class=\"wp-image-9728\"\/><\/figure>\n","protected":false},"excerpt":{"rendered":"<p>4 ENCRO<\/p>\n","protected":false},"author":2,"featured_media":9729,"comment_status":"open","ping_status":"open","sticky":false,"template":"","format":"standard","meta":{"_acf_changed":false,"footnotes":""},"categories":[804,799,802],"tags":[2241,2238,2239,835,2240,1547,1548],"class_list":["post-9731","post","type-post","status-publish","format-standard","has-post-thumbnail","hentry","category-obnovljivi-izvori-energije","category-projekti","category-zastita-okolisa","tag-dubinska-analiza-okolisnih-i-drustvenih-aspekata","tag-encro-hr","tag-environmental-and-social-due-diligence-hr","tag-oikon-hr","tag-pelegrin-hr","tag-solar-power-plant-hr","tag-solarna-elektrana"],"acf":[],"yoast_head":"<!-- This site is optimized with the Yoast SEO plugin v27.0 - https:\/\/yoast.com\/product\/yoast-seo-wordpress\/ -->\n<title>Dubinska analiza okoli\u0161nih i dru\u0161tvenih aspekata projekta solarne elektrane (SE) Pelegrin, faza I &#8211; Oikon d.o.o.<\/title>\n<meta name=\"description\" content=\"4 ENCRO\" \/>\n<meta name=\"robots\" content=\"index, follow, max-snippet:-1, max-image-preview:large, max-video-preview:-1\" \/>\n<link rel=\"canonical\" href=\"https:\/\/oikon.hr\/hr\/dubinska-analiza-okolisnih-i-drustvenih-aspekata-projekta-solarne-elektrane-se-pelegrin-faza-i\/\" \/>\n<meta property=\"og:locale\" content=\"hr_HR\" \/>\n<meta property=\"og:type\" content=\"article\" \/>\n<meta property=\"og:title\" content=\"Dubinska analiza okoli\u0161nih i dru\u0161tvenih aspekata projekta solarne elektrane (SE) Pelegrin, faza I &#8211; Oikon d.o.o.\" \/>\n<meta property=\"og:description\" content=\"4 ENCRO\" \/>\n<meta property=\"og:url\" content=\"https:\/\/oikon.hr\/hr\/dubinska-analiza-okolisnih-i-drustvenih-aspekata-projekta-solarne-elektrane-se-pelegrin-faza-i\/\" \/>\n<meta property=\"og:site_name\" content=\"Oikon d.o.o.\" \/>\n<meta property=\"article:publisher\" content=\"http:\/\/www.facebook.com\/OikonLtd\/\" \/>\n<meta property=\"article:published_time\" content=\"2023-08-01T13:03:00+00:00\" \/>\n<meta property=\"article:modified_time\" content=\"2023-12-01T14:12:20+00:00\" \/>\n<meta property=\"og:image\" content=\"https:\/\/oikon.hr\/cms\/wp-content\/uploads\/2023\/12\/Solar-panels_sky.jpg\" \/>\n\t<meta property=\"og:image:width\" content=\"1280\" \/>\n\t<meta property=\"og:image:height\" content=\"853\" \/>\n\t<meta property=\"og:image:type\" content=\"image\/jpeg\" \/>\n<meta name=\"author\" content=\"oikonadministracija\" \/>\n<meta name=\"twitter:card\" content=\"summary_large_image\" \/>\n<meta name=\"twitter:creator\" content=\"@OikonLtd\" \/>\n<meta name=\"twitter:site\" content=\"@OikonLtd\" \/>\n<meta name=\"twitter:label1\" content=\"Written by\" \/>\n\t<meta name=\"twitter:data1\" content=\"oikonadministracija\" \/>\n\t<meta name=\"twitter:label2\" content=\"Est. reading time\" \/>\n\t<meta name=\"twitter:data2\" content=\"1 minute\" \/>\n<script type=\"application\/ld+json\" class=\"yoast-schema-graph\">{\"@context\":\"https:\/\/schema.org\",\"@graph\":[{\"@type\":\"Article\",\"@id\":\"https:\/\/oikon.hr\/hr\/dubinska-analiza-okolisnih-i-drustvenih-aspekata-projekta-solarne-elektrane-se-pelegrin-faza-i\/#article\",\"isPartOf\":{\"@id\":\"https:\/\/oikon.hr\/hr\/dubinska-analiza-okolisnih-i-drustvenih-aspekata-projekta-solarne-elektrane-se-pelegrin-faza-i\/\"},\"author\":{\"name\":\"oikonadministracija\",\"@id\":\"https:\/\/oikon.hr\/#\/schema\/person\/4fb14a46c1071083d5de459c14a82f7c\"},\"headline\":\"Dubinska analiza okoli\u0161nih i dru\u0161tvenih aspekata projekta solarne elektrane (SE) Pelegrin, faza I\",\"datePublished\":\"2023-08-01T13:03:00+00:00\",\"dateModified\":\"2023-12-01T14:12:20+00:00\",\"mainEntityOfPage\":{\"@id\":\"https:\/\/oikon.hr\/hr\/dubinska-analiza-okolisnih-i-drustvenih-aspekata-projekta-solarne-elektrane-se-pelegrin-faza-i\/\"},\"wordCount\":143,\"commentCount\":0,\"publisher\":{\"@id\":\"https:\/\/oikon.hr\/#organization\"},\"image\":{\"@id\":\"https:\/\/oikon.hr\/hr\/dubinska-analiza-okolisnih-i-drustvenih-aspekata-projekta-solarne-elektrane-se-pelegrin-faza-i\/#primaryimage\"},\"thumbnailUrl\":\"https:\/\/oikon.hr\/cms\/wp-content\/uploads\/2023\/12\/Solar-panels_sky.jpg\",\"keywords\":[\"Dubinska analiza okoli\u0161nih i dru\u0161tvenih aspekata\",\"Encro\",\"environmental and social due diligence\",\"oikon\",\"Pelegrin\",\"Solar power plant\",\"solarna elektrana\"],\"articleSection\":[\"Obnovljivi izvori energije\",\"PROJEKTI\",\"Za\u0161tita okoli\u0161a\"],\"inLanguage\":\"hr-HR\",\"potentialAction\":[{\"@type\":\"CommentAction\",\"name\":\"Comment\",\"target\":[\"https:\/\/oikon.hr\/hr\/dubinska-analiza-okolisnih-i-drustvenih-aspekata-projekta-solarne-elektrane-se-pelegrin-faza-i\/#respond\"]}]},{\"@type\":\"WebPage\",\"@id\":\"https:\/\/oikon.hr\/hr\/dubinska-analiza-okolisnih-i-drustvenih-aspekata-projekta-solarne-elektrane-se-pelegrin-faza-i\/\",\"url\":\"https:\/\/oikon.hr\/hr\/dubinska-analiza-okolisnih-i-drustvenih-aspekata-projekta-solarne-elektrane-se-pelegrin-faza-i\/\",\"name\":\"Dubinska analiza okoli\u0161nih i dru\u0161tvenih aspekata projekta solarne elektrane (SE) Pelegrin, faza I &#8211; Oikon d.o.o.\",\"isPartOf\":{\"@id\":\"https:\/\/oikon.hr\/#website\"},\"primaryImageOfPage\":{\"@id\":\"https:\/\/oikon.hr\/hr\/dubinska-analiza-okolisnih-i-drustvenih-aspekata-projekta-solarne-elektrane-se-pelegrin-faza-i\/#primaryimage\"},\"image\":{\"@id\":\"https:\/\/oikon.hr\/hr\/dubinska-analiza-okolisnih-i-drustvenih-aspekata-projekta-solarne-elektrane-se-pelegrin-faza-i\/#primaryimage\"},\"thumbnailUrl\":\"https:\/\/oikon.hr\/cms\/wp-content\/uploads\/2023\/12\/Solar-panels_sky.jpg\",\"datePublished\":\"2023-08-01T13:03:00+00:00\",\"dateModified\":\"2023-12-01T14:12:20+00:00\",\"description\":\"4 ENCRO\",\"breadcrumb\":{\"@id\":\"https:\/\/oikon.hr\/hr\/dubinska-analiza-okolisnih-i-drustvenih-aspekata-projekta-solarne-elektrane-se-pelegrin-faza-i\/#breadcrumb\"},\"inLanguage\":\"hr-HR\",\"potentialAction\":[{\"@type\":\"ReadAction\",\"target\":[\"https:\/\/oikon.hr\/hr\/dubinska-analiza-okolisnih-i-drustvenih-aspekata-projekta-solarne-elektrane-se-pelegrin-faza-i\/\"]}]},{\"@type\":\"ImageObject\",\"inLanguage\":\"hr-HR\",\"@id\":\"https:\/\/oikon.hr\/hr\/dubinska-analiza-okolisnih-i-drustvenih-aspekata-projekta-solarne-elektrane-se-pelegrin-faza-i\/#primaryimage\",\"url\":\"https:\/\/oikon.hr\/cms\/wp-content\/uploads\/2023\/12\/Solar-panels_sky.jpg\",\"contentUrl\":\"https:\/\/oikon.hr\/cms\/wp-content\/uploads\/2023\/12\/Solar-panels_sky.jpg\",\"width\":1280,\"height\":853},{\"@type\":\"BreadcrumbList\",\"@id\":\"https:\/\/oikon.hr\/hr\/dubinska-analiza-okolisnih-i-drustvenih-aspekata-projekta-solarne-elektrane-se-pelegrin-faza-i\/#breadcrumb\",\"itemListElement\":[{\"@type\":\"ListItem\",\"position\":1,\"name\":\"\",\"item\":\"https:\/\/oikon.hr\/hr\/\"},{\"@type\":\"ListItem\",\"position\":2,\"name\":\"PROJEKTI\",\"item\":\"https:\/\/oikon.hr\/hr\/topic\/projekti\/\"},{\"@type\":\"ListItem\",\"position\":3,\"name\":\"Dubinska analiza okoli\u0161nih i dru\u0161tvenih aspekata projekta solarne elektrane (SE) Pelegrin, faza I\"}]},{\"@type\":\"WebSite\",\"@id\":\"https:\/\/oikon.hr\/#website\",\"url\":\"https:\/\/oikon.hr\/\",\"name\":\"Oikon d.o.o.\",\"description\":\"Institut za primijenjenu ekologiju\",\"publisher\":{\"@id\":\"https:\/\/oikon.hr\/#organization\"},\"alternateName\":\"OIKON\",\"potentialAction\":[{\"@type\":\"SearchAction\",\"target\":{\"@type\":\"EntryPoint\",\"urlTemplate\":\"https:\/\/oikon.hr\/?s={search_term_string}\"},\"query-input\":{\"@type\":\"PropertyValueSpecification\",\"valueRequired\":true,\"valueName\":\"search_term_string\"}}],\"inLanguage\":\"hr-HR\"},{\"@type\":\"Organization\",\"@id\":\"https:\/\/oikon.hr\/#organization\",\"name\":\"Oikon d.o.o. - Institut za primijenjenu ekologiju\",\"alternateName\":\"OIKON\",\"url\":\"https:\/\/oikon.hr\/\",\"logo\":{\"@type\":\"ImageObject\",\"inLanguage\":\"hr-HR\",\"@id\":\"https:\/\/oikon.hr\/#\/schema\/logo\/image\/\",\"url\":\"https:\/\/oikon.hr\/cms\/wp-content\/uploads\/2021\/01\/OIKON_R_logo_transparent.png\",\"contentUrl\":\"https:\/\/oikon.hr\/cms\/wp-content\/uploads\/2021\/01\/OIKON_R_logo_transparent.png\",\"width\":1660,\"height\":541,\"caption\":\"Oikon d.o.o. - Institut za primijenjenu ekologiju\"},\"image\":{\"@id\":\"https:\/\/oikon.hr\/#\/schema\/logo\/image\/\"},\"sameAs\":[\"http:\/\/www.facebook.com\/OikonLtd\/\",\"https:\/\/x.com\/OikonLtd\",\"https:\/\/www.instagram.com\/oikon_ltd\/\",\"https:\/\/www.linkedin.com\/company\/oikon---institute-for-applied-technology\/\",\"https:\/\/www.youtube.com\/channel\/UCu_eJ0ct90AEN8D85KWcRHQ\"]},{\"@type\":\"Person\",\"@id\":\"https:\/\/oikon.hr\/#\/schema\/person\/4fb14a46c1071083d5de459c14a82f7c\",\"name\":\"oikonadministracija\",\"image\":{\"@type\":\"ImageObject\",\"inLanguage\":\"hr-HR\",\"@id\":\"https:\/\/oikon.hr\/#\/schema\/person\/image\/\",\"url\":\"https:\/\/secure.gravatar.com\/avatar\/e247aba33e5428fc6a24bbca24b92af36ceafa9a824508df7d1d40391c5f0748?s=96&d=mm&r=g\",\"contentUrl\":\"https:\/\/secure.gravatar.com\/avatar\/e247aba33e5428fc6a24bbca24b92af36ceafa9a824508df7d1d40391c5f0748?s=96&d=mm&r=g\",\"caption\":\"oikonadministracija\"},\"url\":\"https:\/\/oikon.hr\/hr\/author\/oikonadministracija\/\"}]}<\/script>\n<!-- \/ Yoast SEO plugin. -->","yoast_head_json":{"title":"Dubinska analiza okoli\u0161nih i dru\u0161tvenih aspekata projekta solarne elektrane (SE) Pelegrin, faza I &#8211; Oikon d.o.o.","description":"4 ENCRO","robots":{"index":"index","follow":"follow","max-snippet":"max-snippet:-1","max-image-preview":"max-image-preview:large","max-video-preview":"max-video-preview:-1"},"canonical":"https:\/\/oikon.hr\/hr\/dubinska-analiza-okolisnih-i-drustvenih-aspekata-projekta-solarne-elektrane-se-pelegrin-faza-i\/","og_locale":"hr_HR","og_type":"article","og_title":"Dubinska analiza okoli\u0161nih i dru\u0161tvenih aspekata projekta solarne elektrane (SE) Pelegrin, faza I &#8211; Oikon d.o.o.","og_description":"4 ENCRO","og_url":"https:\/\/oikon.hr\/hr\/dubinska-analiza-okolisnih-i-drustvenih-aspekata-projekta-solarne-elektrane-se-pelegrin-faza-i\/","og_site_name":"Oikon d.o.o.","article_publisher":"http:\/\/www.facebook.com\/OikonLtd\/","article_published_time":"2023-08-01T13:03:00+00:00","article_modified_time":"2023-12-01T14:12:20+00:00","og_image":[{"width":1280,"height":853,"url":"https:\/\/oikon.hr\/cms\/wp-content\/uploads\/2023\/12\/Solar-panels_sky.jpg","type":"image\/jpeg"}],"author":"oikonadministracija","twitter_card":"summary_large_image","twitter_creator":"@OikonLtd","twitter_site":"@OikonLtd","twitter_misc":{"Written by":"oikonadministracija","Est. reading time":"1 minute"},"schema":{"@context":"https:\/\/schema.org","@graph":[{"@type":"Article","@id":"https:\/\/oikon.hr\/hr\/dubinska-analiza-okolisnih-i-drustvenih-aspekata-projekta-solarne-elektrane-se-pelegrin-faza-i\/#article","isPartOf":{"@id":"https:\/\/oikon.hr\/hr\/dubinska-analiza-okolisnih-i-drustvenih-aspekata-projekta-solarne-elektrane-se-pelegrin-faza-i\/"},"author":{"name":"oikonadministracija","@id":"https:\/\/oikon.hr\/#\/schema\/person\/4fb14a46c1071083d5de459c14a82f7c"},"headline":"Dubinska analiza okoli\u0161nih i dru\u0161tvenih aspekata projekta solarne elektrane (SE) Pelegrin, faza I","datePublished":"2023-08-01T13:03:00+00:00","dateModified":"2023-12-01T14:12:20+00:00","mainEntityOfPage":{"@id":"https:\/\/oikon.hr\/hr\/dubinska-analiza-okolisnih-i-drustvenih-aspekata-projekta-solarne-elektrane-se-pelegrin-faza-i\/"},"wordCount":143,"commentCount":0,"publisher":{"@id":"https:\/\/oikon.hr\/#organization"},"image":{"@id":"https:\/\/oikon.hr\/hr\/dubinska-analiza-okolisnih-i-drustvenih-aspekata-projekta-solarne-elektrane-se-pelegrin-faza-i\/#primaryimage"},"thumbnailUrl":"https:\/\/oikon.hr\/cms\/wp-content\/uploads\/2023\/12\/Solar-panels_sky.jpg","keywords":["Dubinska analiza okoli\u0161nih i dru\u0161tvenih aspekata","Encro","environmental and social due diligence","oikon","Pelegrin","Solar power plant","solarna elektrana"],"articleSection":["Obnovljivi izvori energije","PROJEKTI","Za\u0161tita okoli\u0161a"],"inLanguage":"hr-HR","potentialAction":[{"@type":"CommentAction","name":"Comment","target":["https:\/\/oikon.hr\/hr\/dubinska-analiza-okolisnih-i-drustvenih-aspekata-projekta-solarne-elektrane-se-pelegrin-faza-i\/#respond"]}]},{"@type":"WebPage","@id":"https:\/\/oikon.hr\/hr\/dubinska-analiza-okolisnih-i-drustvenih-aspekata-projekta-solarne-elektrane-se-pelegrin-faza-i\/","url":"https:\/\/oikon.hr\/hr\/dubinska-analiza-okolisnih-i-drustvenih-aspekata-projekta-solarne-elektrane-se-pelegrin-faza-i\/","name":"Dubinska analiza okoli\u0161nih i dru\u0161tvenih aspekata projekta solarne elektrane (SE) Pelegrin, faza I &#8211; Oikon d.o.o.","isPartOf":{"@id":"https:\/\/oikon.hr\/#website"},"primaryImageOfPage":{"@id":"https:\/\/oikon.hr\/hr\/dubinska-analiza-okolisnih-i-drustvenih-aspekata-projekta-solarne-elektrane-se-pelegrin-faza-i\/#primaryimage"},"image":{"@id":"https:\/\/oikon.hr\/hr\/dubinska-analiza-okolisnih-i-drustvenih-aspekata-projekta-solarne-elektrane-se-pelegrin-faza-i\/#primaryimage"},"thumbnailUrl":"https:\/\/oikon.hr\/cms\/wp-content\/uploads\/2023\/12\/Solar-panels_sky.jpg","datePublished":"2023-08-01T13:03:00+00:00","dateModified":"2023-12-01T14:12:20+00:00","description":"4 ENCRO","breadcrumb":{"@id":"https:\/\/oikon.hr\/hr\/dubinska-analiza-okolisnih-i-drustvenih-aspekata-projekta-solarne-elektrane-se-pelegrin-faza-i\/#breadcrumb"},"inLanguage":"hr-HR","potentialAction":[{"@type":"ReadAction","target":["https:\/\/oikon.hr\/hr\/dubinska-analiza-okolisnih-i-drustvenih-aspekata-projekta-solarne-elektrane-se-pelegrin-faza-i\/"]}]},{"@type":"ImageObject","inLanguage":"hr-HR","@id":"https:\/\/oikon.hr\/hr\/dubinska-analiza-okolisnih-i-drustvenih-aspekata-projekta-solarne-elektrane-se-pelegrin-faza-i\/#primaryimage","url":"https:\/\/oikon.hr\/cms\/wp-content\/uploads\/2023\/12\/Solar-panels_sky.jpg","contentUrl":"https:\/\/oikon.hr\/cms\/wp-content\/uploads\/2023\/12\/Solar-panels_sky.jpg","width":1280,"height":853},{"@type":"BreadcrumbList","@id":"https:\/\/oikon.hr\/hr\/dubinska-analiza-okolisnih-i-drustvenih-aspekata-projekta-solarne-elektrane-se-pelegrin-faza-i\/#breadcrumb","itemListElement":[{"@type":"ListItem","position":1,"name":"","item":"https:\/\/oikon.hr\/hr\/"},{"@type":"ListItem","position":2,"name":"PROJEKTI","item":"https:\/\/oikon.hr\/hr\/topic\/projekti\/"},{"@type":"ListItem","position":3,"name":"Dubinska analiza okoli\u0161nih i dru\u0161tvenih aspekata projekta solarne elektrane (SE) Pelegrin, faza I"}]},{"@type":"WebSite","@id":"https:\/\/oikon.hr\/#website","url":"https:\/\/oikon.hr\/","name":"Oikon d.o.o.","description":"Institut za primijenjenu ekologiju","publisher":{"@id":"https:\/\/oikon.hr\/#organization"},"alternateName":"OIKON","potentialAction":[{"@type":"SearchAction","target":{"@type":"EntryPoint","urlTemplate":"https:\/\/oikon.hr\/?s={search_term_string}"},"query-input":{"@type":"PropertyValueSpecification","valueRequired":true,"valueName":"search_term_string"}}],"inLanguage":"hr-HR"},{"@type":"Organization","@id":"https:\/\/oikon.hr\/#organization","name":"Oikon d.o.o. - Institut za primijenjenu ekologiju","alternateName":"OIKON","url":"https:\/\/oikon.hr\/","logo":{"@type":"ImageObject","inLanguage":"hr-HR","@id":"https:\/\/oikon.hr\/#\/schema\/logo\/image\/","url":"https:\/\/oikon.hr\/cms\/wp-content\/uploads\/2021\/01\/OIKON_R_logo_transparent.png","contentUrl":"https:\/\/oikon.hr\/cms\/wp-content\/uploads\/2021\/01\/OIKON_R_logo_transparent.png","width":1660,"height":541,"caption":"Oikon d.o.o. - Institut za primijenjenu ekologiju"},"image":{"@id":"https:\/\/oikon.hr\/#\/schema\/logo\/image\/"},"sameAs":["http:\/\/www.facebook.com\/OikonLtd\/","https:\/\/x.com\/OikonLtd","https:\/\/www.instagram.com\/oikon_ltd\/","https:\/\/www.linkedin.com\/company\/oikon---institute-for-applied-technology\/","https:\/\/www.youtube.com\/channel\/UCu_eJ0ct90AEN8D85KWcRHQ"]},{"@type":"Person","@id":"https:\/\/oikon.hr\/#\/schema\/person\/4fb14a46c1071083d5de459c14a82f7c","name":"oikonadministracija","image":{"@type":"ImageObject","inLanguage":"hr-HR","@id":"https:\/\/oikon.hr\/#\/schema\/person\/image\/","url":"https:\/\/secure.gravatar.com\/avatar\/e247aba33e5428fc6a24bbca24b92af36ceafa9a824508df7d1d40391c5f0748?s=96&d=mm&r=g","contentUrl":"https:\/\/secure.gravatar.com\/avatar\/e247aba33e5428fc6a24bbca24b92af36ceafa9a824508df7d1d40391c5f0748?s=96&d=mm&r=g","caption":"oikonadministracija"},"url":"https:\/\/oikon.hr\/hr\/author\/oikonadministracija\/"}]}},"_links":{"self":[{"href":"https:\/\/oikon.hr\/hr\/wp-json\/wp\/v2\/posts\/9731","targetHints":{"allow":["GET"]}}],"collection":[{"href":"https:\/\/oikon.hr\/hr\/wp-json\/wp\/v2\/posts"}],"about":[{"href":"https:\/\/oikon.hr\/hr\/wp-json\/wp\/v2\/types\/post"}],"author":[{"embeddable":true,"href":"https:\/\/oikon.hr\/hr\/wp-json\/wp\/v2\/users\/2"}],"replies":[{"embeddable":true,"href":"https:\/\/oikon.hr\/hr\/wp-json\/wp\/v2\/comments?post=9731"}],"version-history":[{"count":1,"href":"https:\/\/oikon.hr\/hr\/wp-json\/wp\/v2\/posts\/9731\/revisions"}],"predecessor-version":[{"id":9733,"href":"https:\/\/oikon.hr\/hr\/wp-json\/wp\/v2\/posts\/9731\/revisions\/9733"}],"wp:featuredmedia":[{"embeddable":true,"href":"https:\/\/oikon.hr\/hr\/wp-json\/wp\/v2\/media\/9729"}],"wp:attachment":[{"href":"https:\/\/oikon.hr\/hr\/wp-json\/wp\/v2\/media?parent=9731"}],"wp:term":[{"taxonomy":"category","embeddable":true,"href":"https:\/\/oikon.hr\/hr\/wp-json\/wp\/v2\/categories?post=9731"},{"taxonomy":"post_tag","embeddable":true,"href":"https:\/\/oikon.hr\/hr\/wp-json\/wp\/v2\/tags?post=9731"}],"curies":[{"name":"wp","href":"https:\/\/api.w.org\/{rel}","templated":true}]}}